{"id":91804,"date":"2025-07-02T06:49:07","date_gmt":"2025-07-02T09:49:07","guid":{"rendered":"https:\/\/noticiasbahia360.com.br\/?p=91804"},"modified":"2025-07-02T06:49:07","modified_gmt":"2025-07-02T09:49:07","slug":"nasce-o-sol-a-2-de-julho-bahia-conquistou-independencia-na-luta-professora-explica-por-que-o-brasil-demorou-a-reconhecer","status":"publish","type":"post","link":"https:\/\/noticiasbahia360.com.br\/?p=91804","title":{"rendered":"\u201cNasce o sol a 2 de Julho\u201d: Bahia conquistou independ\u00eancia na luta; professora explica por que o Brasil demorou a reconhecer"},"content":{"rendered":"<div>\n<div>\n<figure><img decoding=\"async\" src=\"http:\/\/noticiasbahia360.com.br\/wp-content\/uploads\/2025\/07\/dois-julho-Malu-Vieira-g1-BA.webp\" alt=\"Independ\u00eancia da Bahia\"><figcaption>Foto: Malu Vieira\/g1 BA<\/figcaption><\/figure>\n<\/div>\n<p>Neste <a href=\"https:\/\/www.acordacidade.com.br\/tag\/2-de-julho\/\">2 de Julho<\/a>, para celebrar 202 anos de liberdade, as ruas da Bahia se enchem de cores, tambores e passos firmes que ecoam o grito de um povo que n\u00e3o aceitou uma independ\u00eancia assinada com penas de nobreza, mas conquistada com ferro, suor, sangue e p\u00f3lvora. A data, considerada por muitos historiadores como a <strong>verdadeira independ\u00eancia do Brasil,<\/strong> marca a expuls\u00e3o definitiva das tropas portuguesas do territ\u00f3rio baiano, em 1823 \u2013 quase um ano ap\u00f3s o famoso 7 de setembro de 1822, com a Proclama\u00e7\u00e3o da Rep\u00fablica.<\/p>\n<p>A frase <strong><em>\u201cIndepend\u00eancia do Brasil na Bahia\u201d<\/em><\/strong>, celebrada no bicenten\u00e1rio, refor\u00e7a que, por aqui, a liberdade n\u00e3o veio com um decreto, mas com muita luta. Enquanto outras prov\u00edncias j\u00e1 proclamavam a independ\u00eancia no papel, a Bahia seguia sob dom\u00ednio portugu\u00eas e enfrentava combates at\u00e9 2 de julho de 1823 para, enfim, romper de vez com a opress\u00e3o colonial.<\/p>\n<p>O que torna esse marco t\u00e3o simb\u00f3lico para o estado \u00e9 justamente o car\u00e1ter coletivo e combativo da luta. Ao Acorda Cidade, a professora Lina Maria Brand\u00e3o de Aras, doutora em Hist\u00f3ria pela USP e professora titular do Programa de P\u00f3s-Gradua\u00e7\u00e3o em Hist\u00f3ria, destacou a import\u00e2ncia da resist\u00eancia popular.<\/p>\n<p>\u201cA historiografia baiana cuidou para que a data fosse reconhecida como a luta pela expuls\u00e3o dos portugueses da Bahia, com uma guerra que marca fissuras nas rela\u00e7\u00f5es Portugal\u2013Brasil, executada pelo \u2018povo\u2019.\u201d<\/p>\n<figure class=\"wp-block-image size-large\"><img fetchpriority=\"high\" data-dominant-color=\"64625f\" data-has-transparency=\"false\" style=\"--dominant-color: #64625f;\" fetchpriority=\"high\" decoding=\"async\" width=\"1152\" height=\"768\" sizes=\"(max-width: 1152px) 100vw, 1152px\" src=\"http:\/\/noticiasbahia360.com.br\/wp-content\/uploads\/2025\/07\/dois-julho-manudias-gov-bahia-1152x768-1.webp\" alt=\"Independ\u00eancia da Bahia\" class=\"wp-image-570770 not-transparent\" srcset=\"https:\/\/uploads.acordacidade.com.br\/2025\/07\/dois-julho-manudias-gov-bahia-548x365.webp 548w, http:\/\/noticiasbahia360.com.br\/wp-content\/uploads\/2025\/07\/dois-julho-manudias-gov-bahia-1152x768-1.webp 1152w, https:\/\/uploads.acordacidade.com.br\/2025\/07\/dois-julho-manudias-gov-bahia-830x553.webp 830w, https:\/\/uploads.acordacidade.com.br\/2025\/07\/dois-julho-manudias-gov-bahia-150x100.webp 150w, https:\/\/uploads.acordacidade.com.br\/2025\/07\/dois-julho-manudias-gov-bahia.webp 1200w\"><figcaption class=\"wp-element-caption\">Foto: Manu Dias\/GovBA<\/figcaption><\/figure>\n<p>Enquanto prov\u00edncias como S\u00e3o Paulo e Rio de Janeiro optaram por um caminho mais diplom\u00e1tico e elitizado, os baianos tiveram que seguir com uma batalha direta. De acordo com a professora, a guerra na Bahia foi intensa, organizada e estrat\u00e9gica, marcada pela cria\u00e7\u00e3o de um Governo Provis\u00f3rio ainda em 1822, que mobilizou v\u00e1rias regi\u00f5es do estado, principalmente as cidades do rec\u00f4ncavo baiano como Cachoeira, Santo Amaro, S\u00e3o Francisco do Conde, Maragogipe, Nazar\u00e9 das Farinhas, Jaguaripe, mas tamb\u00e9m Feira de Santana, muito antes de se tornar vila.<\/p>\n<p>\u201cAcredito que essa mobiliza\u00e7\u00e3o pode ter amalgamado a for\u00e7a que teve a guerra, numa luta entre o Ex\u00e9rcito Portugu\u00eas e as for\u00e7as em armas. Em rela\u00e7\u00e3o ao aspecto b\u00e9lico, os baianos estavam em desvantagem, mas escaramu\u00e7as e emboscadas em terra e \u00e1gua contribu\u00edram para o cerco da fome que teve o sucesso desejado.\u201d<\/p>\n<p>Esse <strong>\u201ccerco da fome\u201d<\/strong>, como ficou conhecido, foi o combust\u00edvel para impedir o abastecimento das tropas portuguesas, o que ajudou a garantir a vit\u00f3ria final. A independ\u00eancia baiana n\u00e3o foi obra apenas de generais ou l\u00edderes militares: ela foi constru\u00edda e arquitetada pelo povo.<\/p>\n<figure class=\"wp-block-image size-full is-resized\"><img data-dominant-color=\"9e9d75\" data-has-transparency=\"false\" decoding=\"async\" width=\"640\" height=\"344\" sizes=\"(max-width: 640px) 100vw, 640px\" src=\"http:\/\/noticiasbahia360.com.br\/wp-content\/uploads\/2025\/07\/T253Nr7I-Parreiras_O_Primeiro_Passo_para_a_Independencia_da_Bahia-png.webp\" alt=\"Independ\u00eancia da Bahia\" class=\"wp-image-464776 not-transparent\" style=\"--dominant-color: #9e9d75; width:840px;height:auto\" srcset=\"https:\/\/uploads.acordacidade.com.br\/2024\/10\/T253Nr7I-Parreiras_O_Primeiro_Passo_para_a_Independencia_da_Bahia-150x81.webp 150w, http:\/\/noticiasbahia360.com.br\/wp-content\/uploads\/2025\/07\/T253Nr7I-Parreiras_O_Primeiro_Passo_para_a_Independencia_da_Bahia-png.webp 640w\"><figcaption class=\"wp-element-caption\">Parreira <\/figcaption><\/figure>\n<p>\u201cO povo representado por homens livres pobres, libertos, ind\u00edgenas e mulheres. Cada um e uma exercendo uma fun\u00e7\u00e3o dentro das for\u00e7as em armas. As elites representadas pelo oficialato, liderando o processo, mas que sem o povo n\u00e3o teria chegado a vit\u00f3ria e, muito menos, adentrado a Estrada da Liberdade\u201d, afirmou Aras ao Acorda Cidade.<\/p>\n<p>Entre esses protagonistas, os povos afrodescendentes e ind\u00edgenas tiveram papel crucial, tanto na linha de frente das batalhas quanto nas redes de apoio e estrat\u00e9gias de resist\u00eancia. Negros libertos e escravizados, ind\u00edgenas aldeados e de diferentes etnias estiveram entre os que empunharam armas, prepararam alimentos, defenderam as ilhas da Ba\u00eda de Todos-os-Santos e criaram essas t\u00e1ticas de combate e sobreviv\u00eancia.\u00a0<\/p>\n<p><strong>A luta afroind\u00edgena n\u00e3o s\u00f3 moldou o desfecho da guerra, mas tamb\u00e9m revelou uma for\u00e7a coletiva que ultrapassava as hierarquias coloniais e afirmava outros modos de exist\u00eancia e liberdade.<\/strong><\/p>\n<figure class=\"wp-block-image size-large\"><img data-dominant-color=\"bbbbbc\" data-has-transparency=\"false\" style=\"--dominant-color: #bbbbbc;\" decoding=\"async\" width=\"1109\" height=\"768\" sizes=\"(max-width: 1109px) 100vw, 1109px\" src=\"http:\/\/noticiasbahia360.com.br\/wp-content\/uploads\/2025\/07\/Maria-Felipa-1109x768-1.webp\" alt=\"Independ\u00eancia da Bahia\" class=\"wp-image-570771 not-transparent\" srcset=\"https:\/\/uploads.acordacidade.com.br\/2025\/07\/Maria-Felipa-527x365.webp 527w, http:\/\/noticiasbahia360.com.br\/wp-content\/uploads\/2025\/07\/Maria-Felipa-1109x768-1.webp 1109w, https:\/\/uploads.acordacidade.com.br\/2025\/07\/Maria-Felipa-799x553.webp 799w, https:\/\/uploads.acordacidade.com.br\/2025\/07\/Maria-Felipa-150x104.webp 150w, https:\/\/uploads.acordacidade.com.br\/2025\/07\/Maria-Felipa.webp 1200w\"><figcaption class=\"wp-element-caption\">A imagem mostra o que seria o retrato falado de Maria Felipa.<br \/>\n\u2014 Filomena Modesto\/Arquivo P\u00fablico do Estado da Bahia<\/figcaption><\/figure>\n<p><strong>Maria Felipa<\/strong>, por exemplo, mulher negra e marisqueira da Ilha de Itaparica, se tornou s\u00edmbolo da resist\u00eancia afro-brasileira, ao liderar mulheres na defesa de seu territ\u00f3rio. Os povos ind\u00edgenas tamb\u00e9m foram essenciais no dom\u00ednio das trilhas e emboscadas, usando seu conhecimento ancestral do territ\u00f3rio como arma de guerra. Suas presen\u00e7as reafirmam que a independ\u00eancia n\u00e3o se forjou apenas com batalhas oficiais, mas com a for\u00e7a de saberes e corpos historicamente invisibilizados.<\/p>\n<p>Lira Aras ainda destacou que, embora a hist\u00f3ria tenha sido escrita majoritariamente pelos vencedores da elite, o s\u00e9culo XX trouxe \u00e0 luz personagens fundamentais para esse processo. Aos poucos, o protagonismo popular vem sendo resgatado pelas pesquisas e agendas pol\u00edticas como as do movimento negro.\u00a0<\/p>\n<figure class=\"wp-block-image size-large\"><img data-dominant-color=\"938072\" data-has-transparency=\"false\" style=\"--dominant-color: #938072;\" decoding=\"async\" width=\"850\" height=\"768\" sizes=\"(max-width: 850px) 100vw, 850px\" src=\"http:\/\/noticiasbahia360.com.br\/wp-content\/uploads\/2025\/07\/Professora-Lina-Maria-Brandao-de-Aras-850x768-1.webp\" alt=\"Independ\u00eancia da Bahia\" class=\"wp-image-570772 not-transparent\" srcset=\"https:\/\/uploads.acordacidade.com.br\/2025\/07\/Professora-Lina-Maria-Brandao-de-Aras-404x365.webp 404w, http:\/\/noticiasbahia360.com.br\/wp-content\/uploads\/2025\/07\/Professora-Lina-Maria-Brandao-de-Aras-850x768-1.webp 850w, https:\/\/uploads.acordacidade.com.br\/2025\/07\/Professora-Lina-Maria-Brandao-de-Aras-612x553.webp 612w, https:\/\/uploads.acordacidade.com.br\/2025\/07\/Professora-Lina-Maria-Brandao-de-Aras-150x136.webp 150w, https:\/\/uploads.acordacidade.com.br\/2025\/07\/Professora-Lina-Maria-Brandao-de-Aras.webp 1200w\"><figcaption class=\"wp-element-caption\">Professora Lina Maria Brand\u00e3o de Aras | Foto: Arquivo Pessoal <\/figcaption><\/figure>\n<p><strong>\u201cTemos v\u00e1rias personagens biografadas e outras que precisam de estudos. Al\u00e9m da tr\u00edade feminina \u2013 Maria Felipa, Maria Quit\u00e9ria e Joana Ang\u00e9lica \u2013 temos o soldado Tambor (evidenciado na pintura de Parreira), o corneteiro Lopes que, por muito tempo, esteve sozinho para aquele respons\u00e1vel pela batalha final; o soldado Jacar\u00e9 e as popula\u00e7\u00f5es ribeirinhas que guarneceram as ilhas da Ba\u00eda de Todos os Santos j\u00e1 aparece nas pesquisas em desenvolvimento, as mulheres do mingau, os ind\u00edgenas (Cancela, 2022). S\u00e3o muitos, precisamos valorizar cada um e cada uma que esteve no campo de batalha lutando para romper os la\u00e7os com o Estado portugu\u00eas e buscar o seu lugar na sociedade, afinal, \u2018Nasce o sol no 2 de julho\u2019\u201d.<\/strong><\/p>\n<h2 class=\"wp-block-heading\" id=\"h-mas-por-que-demorou-tanto-para-o-2-de-julho-ser-reconhecido-em-nivel-nacional\">Mas por que demorou tanto para o 2 de Julho ser reconhecido em n\u00edvel nacional? <\/h2>\n<p>Segundo a professora, a resposta est\u00e1 na pr\u00f3pria constru\u00e7\u00e3o do Brasil enquanto Estado-na\u00e7\u00e3o, centralizado no poder pol\u00edtico do centro-sul do pa\u00eds. \u00c9 aquela velha dificuldade de reconhecer a sua pr\u00f3pria hist\u00f3ria para n\u00e3o dar nome aos verdadeiros campe\u00f5es.<\/p>\n<p>\u201cA forma\u00e7\u00e3o da Na\u00e7\u00e3o precisa de elementos que possam amalgamar o sentimento de perten\u00e7a. O Brasil se tornou um Estado a partir de uma independ\u00eancia realizada pelas elites do centro-sul que acreditava que a simbologia \u00fanica, criada e hegemonizada por todo o territ\u00f3rio, faria com que ocorresse a unidade nacional, coisa que n\u00e3o aconteceria se a Corte n\u00e3o se utilizasse dos poderes regionais (atrav\u00e9s da chamada ajuda m\u00fatua) para conter a efervesc\u00eancia pol\u00edtica pelas armas no processo de constru\u00e7\u00e3o do Estado-Na\u00e7\u00e3o.\u201d<\/p>\n<p>Neste 2 de Julho, mais do que lembrar um feito hist\u00f3rico, \u00e9 dia de reafirmar lutas ainda inacabadas. A pr\u00f3pria aboli\u00e7\u00e3o da escravatura, que s\u00f3 ocorreu mais de 60 anos depois, em 1888, n\u00e3o representou a liberdade real para a popula\u00e7\u00e3o negra. Sem acesso a direitos b\u00e1sicos, terra, trabalho ou repara\u00e7\u00e3o, homens e mulheres negros foram jogados \u00e0 margem da sociedade, exclu\u00eddos do projeto de na\u00e7\u00e3o que ajudaram a construir com seu sangue e sua resist\u00eancia. (<a href=\"https:\/\/www.acordacidade.com.br\/podcasts\/professor-destaca-os-desafios-da-educacao-antirracista-nas-salas-de-aula-e-a-falsa-abolicao\/\" target=\"_blank\" rel=\"noreferrer noopener\">Saiba mais aqui<\/a>)<\/p>\n<figure class=\"wp-block-image size-full is-resized\"><img loading=\"lazy\" decoding=\"async\" width=\"640\" height=\"527\" sizes=\"(max-width: 640px) 100vw, 640px\" src=\"http:\/\/noticiasbahia360.com.br\/wp-content\/uploads\/2025\/07\/Itaparica-Bahia-Independencia-ft-govba2.jpg\" alt=\"Itaparica - Bahia - Independ\u00eancia ft govba2\" class=\"wp-image-351597\" style=\"width:840px;height:auto\"><figcaption class=\"wp-element-caption\">Foto: Matheus Landim\/GOVBA<\/figcaption><\/figure>\n<p>\u201cA independ\u00eancia n\u00e3o est\u00e1 conclu\u00edda, pois precisamos da cidadania para o povo brasileiro, condi\u00e7\u00e3o que estava impl\u00edcita nas lutas pela independ\u00eancia e que foram usurpadas pelos vencedores\u201d, afirmou a professora.<\/p>\n<p>Ela tamb\u00e9m complementou com um chamado ao compromisso com a mem\u00f3ria do povo brasileiro e a justi\u00e7a hist\u00f3rica que est\u00e1 em curso. \u201cPrecisamos de financiamento das pesquisas, pois este ainda \u00e9 um tema em aberto, especialmente no sentido de incluir as diferentes regi\u00f5es da Bahia.\u201d<\/p>\n<p>Enquanto o cortejo do Caboclo e da Cabocla percorre Salvador com seus s\u00edmbolos ancestrais, o 2 de julho renasce a cada ano para reafirmar que a Bahia n\u00e3o pediu licen\u00e7a para ser livre. Lutou. Resistiu. Venceu. E segue iluminando o Brasil com a chama da sua independ\u00eancia.<\/p>\n<p><em>Com informa\u00e7\u00f5es da jornalista e produtora do Acorda Cidade Iasmim Santos <\/em><\/p>\n<p><strong>Leia tamb\u00e9m: <a href=\"https:\/\/www.acordacidade.com.br\/podcasts\/professor-destaca-os-desafios-da-educacao-antirracista-nas-salas-de-aula-e-a-falsa-abolicao\/\" target=\"_blank\" rel=\"noreferrer noopener\">Professor destaca os desafios da educa\u00e7\u00e3o antirracista nas salas de aula e a falsa aboli\u00e7\u00e3o<\/a><\/strong><\/p>\n<p><em>Siga o Acorda Cidade no<\/em><a href=\"https:\/\/news.google.com\/search?q=acorda%20cidade&amp;hl=pt-BR&amp;gl=BR&amp;ceid=BR%3Apt-419\"><strong><em>\u00a0Google Not\u00edcias<\/em><\/strong><\/a><em>\u00a0e receba os principais destaques do dia. Participe tamb\u00e9m dos nossos canais no\u00a0<\/em><a href=\"https:\/\/whatsapp.com\/channel\/0029Va6Rb4v3WHTNnsh8WI3N\"><strong><em>WhatsApp<\/em><\/strong><\/a><em>\u00a0e\u00a0<\/em><a href=\"https:\/\/www.youtube.com\/@acordacidadenoticias\/videos\"><strong>Youtube<\/strong><\/a><em>\u00a0e grupo de\u00a0<\/em><a href=\"https:\/\/t.me\/+sSz0khrgARA0ZmRh\"><strong><em>Telegram<\/em><\/strong><\/a><em>.<\/em><\/p>\n<\/div>\n","protected":false},"excerpt":{"rendered":"<div>\n<div>\n<figure><img decoding=\"async\" src=\"https:\/\/uploads.acordacidade.com.br\/2025\/07\/dois-julho-Malu-Vieira-g1-BA.webp\" alt=\"Independ\u00eancia da Bahia\"><figcaption>Foto: Malu Vieira\/g1 BA<\/figcaption><\/figure>\n<\/div>\n<p>A frase \u201cIndepend\u00eancia do Brasil na Bahia\u201d, celebrada no bicenten\u00e1rio, refor\u00e7a que, por aqui, a liberdade n\u00e3o veio com um decreto, mas com luta.<\/p><\/div>\n","protected":false},"author":1,"featured_media":91805,"comment_status":"closed","ping_status":"closed","sticky":false,"template":"","format":"gallery","meta":{"footnotes":""},"categories":[8,9,6,57,56,10],"tags":[],"class_list":["post-91804","post","type-post","status-publish","format-gallery","has-post-thumbnail","hentry","category-bahia","category-brasil","category-feira-de-santana","category-mundo","category-policia","category-politica","post_format-post-format-gallery"],"featured_image_urls":{"full":["https:\/\/noticiasbahia360.com.br\/wp-content\/uploads\/2025\/07\/dois-julho-Malu-Vieira-g1-BA.webp",1200,841,false],"thumbnail":["https:\/\/noticiasbahia360.com.br\/wp-content\/uploads\/2025\/07\/dois-julho-Malu-Vieira-g1-BA-150x150.webp",150,150,true],"medium":["https:\/\/noticiasbahia360.com.br\/wp-content\/uploads\/2025\/07\/dois-julho-Malu-Vieira-g1-BA-300x210.webp",300,210,true],"medium_large":["https:\/\/noticiasbahia360.com.br\/wp-content\/uploads\/2025\/07\/dois-julho-Malu-Vieira-g1-BA-768x538.webp",640,448,true],"large":["https:\/\/noticiasbahia360.com.br\/wp-content\/uploads\/2025\/07\/dois-julho-Malu-Vieira-g1-BA-1024x718.webp",640,449,true],"1536x1536":["https:\/\/noticiasbahia360.com.br\/wp-content\/uploads\/2025\/07\/dois-julho-Malu-Vieira-g1-BA.webp",1200,841,false],"2048x2048":["https:\/\/noticiasbahia360.com.br\/wp-content\/uploads\/2025\/07\/dois-julho-Malu-Vieira-g1-BA.webp",1200,841,false],"chromenews-featured":["https:\/\/noticiasbahia360.com.br\/wp-content\/uploads\/2025\/07\/dois-julho-Malu-Vieira-g1-BA-1024x718.webp",1024,718,true],"chromenews-large":["https:\/\/noticiasbahia360.com.br\/wp-content\/uploads\/2025\/07\/dois-julho-Malu-Vieira-g1-BA-825x575.webp",825,575,true],"chromenews-medium":["https:\/\/noticiasbahia360.com.br\/wp-content\/uploads\/2025\/07\/dois-julho-Malu-Vieira-g1-BA-590x410.webp",590,410,true]},"author_info":{"display_name":"noticiasbahia360.com.br","author_link":"https:\/\/noticiasbahia360.com.br\/?author=1"},"category_info":"<a href=\"https:\/\/noticiasbahia360.com.br\/?cat=8\" rel=\"category\">Bahia<\/a> <a href=\"https:\/\/noticiasbahia360.com.br\/?cat=9\" rel=\"category\">Brasil<\/a> <a href=\"https:\/\/noticiasbahia360.com.br\/?cat=6\" rel=\"category\">Feira de Santana<\/a> <a href=\"https:\/\/noticiasbahia360.com.br\/?cat=57\" rel=\"category\">Mundo<\/a> <a href=\"https:\/\/noticiasbahia360.com.br\/?cat=56\" rel=\"category\">Pol\u00edcia<\/a> <a href=\"https:\/\/noticiasbahia360.com.br\/?cat=10\" rel=\"category\">Pol\u00edtica<\/a>","tag_info":"Pol\u00edtica","comment_count":"0","_links":{"self":[{"href":"https:\/\/noticiasbahia360.com.br\/index.php?rest_route=\/wp\/v2\/posts\/91804","targetHints":{"allow":["GET"]}}],"collection":[{"href":"https:\/\/noticiasbahia360.com.br\/index.php?rest_route=\/wp\/v2\/posts"}],"about":[{"href":"https:\/\/noticiasbahia360.com.br\/index.php?rest_route=\/wp\/v2\/types\/post"}],"author":[{"embeddable":true,"href":"https:\/\/noticiasbahia360.com.br\/index.php?rest_route=\/wp\/v2\/users\/1"}],"replies":[{"embeddable":true,"href":"https:\/\/noticiasbahia360.com.br\/index.php?rest_route=%2Fwp%2Fv2%2Fcomments&post=91804"}],"version-history":[{"count":0,"href":"https:\/\/noticiasbahia360.com.br\/index.php?rest_route=\/wp\/v2\/posts\/91804\/revisions"}],"wp:featuredmedia":[{"embeddable":true,"href":"https:\/\/noticiasbahia360.com.br\/index.php?rest_route=\/wp\/v2\/media\/91805"}],"wp:attachment":[{"href":"https:\/\/noticiasbahia360.com.br\/index.php?rest_route=%2Fwp%2Fv2%2Fmedia&parent=91804"}],"wp:term":[{"taxonomy":"category","embeddable":true,"href":"https:\/\/noticiasbahia360.com.br\/index.php?rest_route=%2Fwp%2Fv2%2Fcategories&post=91804"},{"taxonomy":"post_tag","embeddable":true,"href":"https:\/\/noticiasbahia360.com.br\/index.php?rest_route=%2Fwp%2Fv2%2Ftags&post=91804"}],"curies":[{"name":"wp","href":"https:\/\/api.w.org\/{rel}","templated":true}]}}