{"id":91811,"date":"2025-07-02T06:49:24","date_gmt":"2025-07-02T09:49:24","guid":{"rendered":"https:\/\/noticiasbahia360.com.br\/?p=91811"},"modified":"2025-07-02T06:49:24","modified_gmt":"2025-07-02T09:49:24","slug":"liquida-feira-comeca-com-descontos-de-ate-50-beneficios-especiais-e-sorteio-de-tres-carros-para-consumidores","status":"publish","type":"post","link":"https:\/\/noticiasbahia360.com.br\/?p=91811","title":{"rendered":"Liquida Feira come\u00e7a com descontos de at\u00e9 50%, benef\u00edcios especiais e sorteio de tr\u00eas carros para consumidores"},"content":{"rendered":"<div>\n<div>\n<figure><img decoding=\"async\" src=\"http:\/\/noticiasbahia360.com.br\/wp-content\/uploads\/2025\/07\/liquida-feira-.jpg\" alt=\"liquida feira\"><figcaption>Foto: Ascom\/CDL<\/figcaption><\/figure>\n<\/div>\n<p>A C\u00e2mara de Dirigentes Lojistas (CDL) de <a href=\"https:\/\/www.acordacidade.com.br\/feira-de-santana\/\">Feira de Santana<\/a> deu in\u00edcio nesta ter\u00e7a-feira (1\u00ba) \u00e0 Liquida Feira 2025, segunda fase da maior campanha promocional j\u00e1 realizada pela entidade. Ap\u00f3s o sucesso do S\u00e3o Jo\u00e3o de Pr\u00eamios, a Liquida Feira segue at\u00e9 13 de julho, reunindo mais de mil lojas participantes que oferecem produtos com descontos de at\u00e9 50%, al\u00e9m de sortear tr\u00eas carros Renault Kwid 0 km para os consumidores.<\/p>\n<p>A a\u00e7\u00e3o foi lan\u00e7ada com um passeio de trenzinho pelas principais ruas do com\u00e9rcio, reunindo lojistas e equipe da CDL em uma divulga\u00e7\u00e3o festiva que convidou a popula\u00e7\u00e3o a aproveitar as promo\u00e7\u00f5es. A campanha busca manter o com\u00e9rcio aquecido ap\u00f3s o movimento intenso do per\u00edodo junino, criando um novo incentivo para as compras no m\u00eas de julho.<\/p>\n<p>A mec\u00e2nica da campanha segue a mesma: a cada R$ 50 em compras nas lojas credenciadas, o cliente recebe um cupom para concorrer. Compras pagas com a maquininha da Cielo garantem cupons em triplo, aumentando as chances de ganhar. Vendedores tamb\u00e9m participam, concorrendo a vales-compras de R$ 2 mil.<\/p>\n<p>Para o presidente da <a href=\"https:\/\/www.acordacidade.com.br\/tag\/cdl\/\">CDL <\/a>Feira, Juscelino Brito, a Liquida Feira consolida o compromisso da entidade com o fortalecimento do com\u00e9rcio local:\u201cEssa segunda fase \u00e9 estrat\u00e9gica para manter o consumidor motivado mesmo depois das festas juninas. Ele encontra promo\u00e7\u00f5es atrativas, movimenta nosso com\u00e9rcio e ainda concorre a pr\u00eamios que transformam vidas. Queremos que Feira de Santana continue sendo refer\u00eancia como um grande polo de compras, gerando movimento, emprego e renda.<\/p>\n<p>A campanha conta com o patroc\u00ednio da Cielo, Renault, Sebrae e Governo do Estado da Bahia, al\u00e9m do apoio da Acefs, Sicomfs, Prefeitura Municipal e associa\u00e7\u00f5es de lojistas.<\/p>\n<p><em>Siga o Acorda Cidade no<\/em><a href=\"https:\/\/news.google.com\/search?q=acorda%20cidade&amp;hl=pt-BR&amp;gl=BR&amp;ceid=BR%3Apt-419\"><strong><em>\u00a0Google Not\u00edcias<\/em><\/strong><\/a><em>\u00a0e receba os principais destaques do dia. Participe tamb\u00e9m dos nossos canais no\u00a0<\/em><a href=\"https:\/\/www.whatsapp.com\/channel\/0029Va6Rb4v3WHTNnsh8WI3N\"><strong><em>WhatsApp<\/em><\/strong><\/a><em>\u00a0e\u00a0<\/em><a href=\"https:\/\/www.youtube.com\/@acordacidadenoticias\/videos\"><strong>Youtube<\/strong><\/a><em>\u00a0e grupo de\u00a0<\/em><a href=\"https:\/\/t.me\/+sSz0khrgARA0ZmRh\"><strong><em>Telegram<\/em><\/strong><\/a><em>.<\/em><\/p>\n<\/div>\n","protected":false},"excerpt":{"rendered":"<div>\n<div>\n<figure><img decoding=\"async\" src=\"https:\/\/uploads.acordacidade.com.br\/2025\/07\/liquida-feira-.jpg\" alt=\"liquida feira\"><figcaption>Foto: Ascom\/CDL<\/figcaption><\/figure>\n<\/div>\n<p>Campanha segue at\u00e9 dia 13 de julho.<\/p><\/div>\n","protected":false},"author":1,"featured_media":91812,"comment_status":"closed","ping_status":"closed","sticky":false,"template":"","format":"gallery","meta":{"footnotes":""},"categories":[8,9,6,57,56,10],"tags":[],"class_list":["post-91811","post","type-post","status-publish","format-gallery","has-post-thumbnail","hentry","category-bahia","category-brasil","category-feira-de-santana","category-mundo","category-policia","category-politica","post_format-post-format-gallery"],"featured_image_urls":{"full":["https:\/\/noticiasbahia360.com.br\/wp-content\/uploads\/2025\/07\/liquida-feira-.jpg",1200,608,false],"thumbnail":["https:\/\/noticiasbahia360.com.br\/wp-content\/uploads\/2025\/07\/liquida-feira--150x150.jpg",150,150,true],"medium":["https:\/\/noticiasbahia360.com.br\/wp-content\/uploads\/2025\/07\/liquida-feira--300x152.jpg",300,152,true],"medium_large":["https:\/\/noticiasbahia360.com.br\/wp-content\/uploads\/2025\/07\/liquida-feira--768x389.jpg",640,324,true],"large":["https:\/\/noticiasbahia360.com.br\/wp-content\/uploads\/2025\/07\/liquida-feira--1024x519.jpg",640,324,true],"1536x1536":["https:\/\/noticiasbahia360.com.br\/wp-content\/uploads\/2025\/07\/liquida-feira-.jpg",1200,608,false],"2048x2048":["https:\/\/noticiasbahia360.com.br\/wp-content\/uploads\/2025\/07\/liquida-feira-.jpg",1200,608,false],"chromenews-featured":["https:\/\/noticiasbahia360.com.br\/wp-content\/uploads\/2025\/07\/liquida-feira--1024x519.jpg",1024,519,true],"chromenews-large":["https:\/\/noticiasbahia360.com.br\/wp-content\/uploads\/2025\/07\/liquida-feira--825x575.jpg",825,575,true],"chromenews-medium":["https:\/\/noticiasbahia360.com.br\/wp-content\/uploads\/2025\/07\/liquida-feira--590x410.jpg",590,410,true]},"author_info":{"display_name":"noticiasbahia360.com.br","author_link":"https:\/\/noticiasbahia360.com.br\/?author=1"},"category_info":"<a href=\"https:\/\/noticiasbahia360.com.br\/?cat=8\" rel=\"category\">Bahia<\/a> <a href=\"https:\/\/noticiasbahia360.com.br\/?cat=9\" rel=\"category\">Brasil<\/a> <a href=\"https:\/\/noticiasbahia360.com.br\/?cat=6\" rel=\"category\">Feira de Santana<\/a> <a href=\"https:\/\/noticiasbahia360.com.br\/?cat=57\" rel=\"category\">Mundo<\/a> <a href=\"https:\/\/noticiasbahia360.com.br\/?cat=56\" rel=\"category\">Pol\u00edcia<\/a> <a href=\"https:\/\/noticiasbahia360.com.br\/?cat=10\" rel=\"category\">Pol\u00edtica<\/a>","tag_info":"Pol\u00edtica","comment_count":"0","_links":{"self":[{"href":"https:\/\/noticiasbahia360.com.br\/index.php?rest_route=\/wp\/v2\/posts\/91811","targetHints":{"allow":["GET"]}}],"collection":[{"href":"https:\/\/noticiasbahia360.com.br\/index.php?rest_route=\/wp\/v2\/posts"}],"about":[{"href":"https:\/\/noticiasbahia360.com.br\/index.php?rest_route=\/wp\/v2\/types\/post"}],"author":[{"embeddable":true,"href":"https:\/\/noticiasbahia360.com.br\/index.php?rest_route=\/wp\/v2\/users\/1"}],"replies":[{"embeddable":true,"href":"https:\/\/noticiasbahia360.com.br\/index.php?rest_route=%2Fwp%2Fv2%2Fcomments&post=91811"}],"version-history":[{"count":0,"href":"https:\/\/noticiasbahia360.com.br\/index.php?rest_route=\/wp\/v2\/posts\/91811\/revisions"}],"wp:featuredmedia":[{"embeddable":true,"href":"https:\/\/noticiasbahia360.com.br\/index.php?rest_route=\/wp\/v2\/media\/91812"}],"wp:attachment":[{"href":"https:\/\/noticiasbahia360.com.br\/index.php?rest_route=%2Fwp%2Fv2%2Fmedia&parent=91811"}],"wp:term":[{"taxonomy":"category","embeddable":true,"href":"https:\/\/noticiasbahia360.com.br\/index.php?rest_route=%2Fwp%2Fv2%2Fcategories&post=91811"},{"taxonomy":"post_tag","embeddable":true,"href":"https:\/\/noticiasbahia360.com.br\/index.php?rest_route=%2Fwp%2Fv2%2Ftags&post=91811"}],"curies":[{"name":"wp","href":"https:\/\/api.w.org\/{rel}","templated":true}]}}