{"id":91813,"date":"2025-07-02T07:20:15","date_gmt":"2025-07-02T10:20:15","guid":{"rendered":"https:\/\/noticiasbahia360.com.br\/?p=91813"},"modified":"2025-07-02T07:20:15","modified_gmt":"2025-07-02T10:20:15","slug":"prefeitura-divulga-convocacao-para-etapa-de-entrega-de-documentos-para-o-minha-casa-minha-vida-confira","status":"publish","type":"post","link":"https:\/\/noticiasbahia360.com.br\/?p=91813","title":{"rendered":"Prefeitura divulga convoca\u00e7\u00e3o para etapa de entrega de documentos para o Minha Casa, Minha Vida; confira"},"content":{"rendered":"<div>\n<div>\n<figure><img decoding=\"async\" src=\"http:\/\/noticiasbahia360.com.br\/wp-content\/uploads\/2025\/07\/MCMV-Minha-Casa-Minha-Vida-foto-Foto-Zack-Stencil-Ministerio-das-Cidades-25.jpg\" alt=\"MCMV Minha Casa Minha Vida\"><figcaption>Foto: Zack Stencil Minist\u00e9rio das Cidades 25<\/figcaption><\/figure>\n<\/div>\n<p>A Prefeitura de Feira de Santana, por meio da Secretaria Municipal de Habita\u00e7\u00e3o, convoca os candidatos selecionados no processo de sele\u00e7\u00e3o para o Programa Minha Casa, Minha Vida (PMCMV) a comparecerem, conforme agendamento, para apresenta\u00e7\u00e3o dos documentos necess\u00e1rios e comprova\u00e7\u00e3o das informa\u00e7\u00f5es prestadas no momento da inscri\u00e7\u00e3o. A informa\u00e7\u00e3o foi divulgada no <a href=\"https:\/\/diariooficial.feiradesantana.ba.gov.br\/atos\/executivo\/14SBMSRI010720251848.pdf\">di\u00e1rio oficial do munic\u00edpio, nesta quarta-feira (2)<\/a>.<\/p>\n<h2 class=\"wp-block-heading\" id=\"h-distribuicao-dos-empreendimentos\">Distribui\u00e7\u00e3o dos empreendimentos<\/h2>\n<p>Os empreendimentos que fazem parte da convoca\u00e7\u00e3o est\u00e3o distribu\u00eddos por bairros da cidade. A aloca\u00e7\u00e3o dos candidatos levou em considera\u00e7\u00e3o, sempre que poss\u00edvel, a proximidade entre o endere\u00e7o informado na inscri\u00e7\u00e3o e o local do residencial. Confira a lista:<\/p>\n<p><a href=\"https:\/\/diariooficial.feiradesantana.ba.gov.br\/atos\/executivo\/anexos\/3278183024.%20PANORAMA%20I.pdf\" target=\"_blank\" rel=\"noreferrer noopener\">Residencial Vivendas Panorama I \u2013 200 unidades \u2013 Bairro Liberdade<\/a><\/p>\n<p><a href=\"https:\/\/diariooficial.feiradesantana.ba.gov.br\/atos\/executivo\/anexos\/32781830105.%20PANORAMA%20II.pdf\" target=\"_blank\" rel=\"noreferrer noopener\">Residencial Vivendas Panorama II \u2013 200 unidades \u2013 Bairro Liberdade<\/a><\/p>\n<p><a href=\"https:\/\/diariooficial.feiradesantana.ba.gov.br\/atos\/executivo\/anexos\/32781829472.%20RESIDENCIAL%20RIO%20DE%20JANEIRO%20I.pdf\" target=\"_blank\" rel=\"noreferrer noopener\">Residencial Rio de Janeiro I \u2013 286 unidades \u2013 Bairro Gabriela<\/a><\/p>\n<p><a href=\"https:\/\/diariooficial.feiradesantana.ba.gov.br\/atos\/executivo\/anexos\/32781829543.%20RIO%20DE%20JANEIRO%20II.pdf\" target=\"_blank\" rel=\"noreferrer noopener\">Residencial Rio de Janeiro II \u2013 226 unidades \u2013 Bairro Gabriela<\/a><\/p>\n<p><a href=\"https:\/\/diariooficial.feiradesantana.ba.gov.br\/atos\/executivo\/anexos\/32781830298.%20PARQUE%20SABI%C3%81.pdf\" target=\"_blank\" rel=\"noreferrer noopener\">Residencial Parque Sabi\u00e1 \u2013 192 unidades \u2013 Bairro Pedra Ferrada<\/a><\/p>\n<p><a href=\"https:\/\/diariooficial.feiradesantana.ba.gov.br\/atos\/executivo\/anexos\/32781830166.%20PARQUE%20DAS%20CAM%C3%89LIAS%20I.pdf\" target=\"_blank\" rel=\"noreferrer noopener\">Residencial Parque das Cam\u00e9lias I \u2013 300 unidades \u2013 Bairro Lagoa do Sub\u00e1e<\/a><\/p>\n<p><a href=\"https:\/\/diariooficial.feiradesantana.ba.gov.br\/atos\/executivo\/anexos\/32781830237.%20PARQUE%20DAS%20CAM%C3%89LIAS%20II.pdf\" target=\"_blank\" rel=\"noreferrer noopener\">Residencial Parque das Cam\u00e9lias II \u2013 300 unidades \u2013 Bairro Lagoa do Sub\u00e1e<\/a><\/p>\n<p><a href=\"https:\/\/diariooficial.feiradesantana.ba.gov.br\/atos\/executivo\/anexos\/32781829381.%20LAGOA%20ENCANTADA%20I.pdf\" target=\"_blank\" rel=\"noreferrer noopener\">Residencial Lagoa Encantada \u2013 257 unidades \u2013 Bairro Campo Limpo<\/a><\/p>\n<p><strong>A Secretaria de Habita\u00e7\u00e3o refor\u00e7a que os convocados devem ficar atentos aos prazos e exig\u00eancias documentais, pois o cumprimento das etapas \u00e9 essencial para garantir o benef\u00edcio habitacional.<\/strong><\/p>\n<h2 class=\"wp-block-heading\" id=\"h-documentos-exigidos-incluem\">Documentos exigidos incluem:<\/h2>\n<ul class=\"wp-block-list\">\n<li>Documento de identidade com foto e CPF;<\/li>\n<li>Certid\u00e3o de casamento, div\u00f3rcio, \u00f3bito ou declara\u00e7\u00e3o de uni\u00e3o est\u00e1vel (conforme o caso);<\/li>\n<li>Laudos m\u00e9dicos (para candidatos com defici\u00eancia, doen\u00e7as raras, c\u00e2ncer ou cr\u00f4nicas);<\/li>\n<li>Folha resumo atualizada do Cad\u00danico;<\/li>\n<li>Comprovante de resid\u00eancia recente (emitido h\u00e1 no m\u00e1ximo 90 dias);<\/li>\n<li>Documenta\u00e7\u00e3o espec\u00edfica para fam\u00edlias em situa\u00e7\u00e3o de rua, \u00e1reas de risco ou com crian\u00e7as na composi\u00e7\u00e3o familiar.<\/li>\n<\/ul>\n<p><strong>A apresenta\u00e7\u00e3o dos documentos originais \u00e9 obrigat\u00f3ria. C\u00f3pias sem apresenta\u00e7\u00e3o dos originais ou protocolos n\u00e3o ser\u00e3o aceitos.<\/strong><\/p>\n<h2 class=\"wp-block-heading\" id=\"h-comparecimento-e-obrigatorio\">Comparecimento \u00e9 obrigat\u00f3rio<\/h2>\n<p>O n\u00e3o comparecimento na data e forma estabelecidas no agendamento implicar\u00e1 na desist\u00eancia do candidato, conforme previsto no edital. No entanto, excepcionalmente, ser\u00e1 permitida a apresenta\u00e7\u00e3o fora do prazo estipulado, desde que comprovada a impossibilidade do comparecimento na data marcada, com limite m\u00e1ximo de 10 dias a contar da data original.<\/p>\n<p>Os candidatos que forem considerados desistentes retornar\u00e3o ao cadastro geral do munic\u00edpio no \u00e2mbito do programa e poder\u00e3o participar de futuras sele\u00e7\u00f5es, mas perder\u00e3o a coloca\u00e7\u00e3o atual no processo.<\/p>\n<h2 class=\"wp-block-heading\" id=\"h-prazo-para-regularizar-documentacao\">Prazo para regularizar documenta\u00e7\u00e3o<\/h2>\n<p>Os candidatos que comparecerem na data marcada, mas n\u00e3o apresentarem toda a documenta\u00e7\u00e3o exigida, ter\u00e3o o prazo de 20 dias para regularizar sua situa\u00e7\u00e3o. Caso o benefici\u00e1rio n\u00e3o retorne dentro do prazo ou compare\u00e7a novamente sem os documentos, ser\u00e1 automaticamente exclu\u00eddo deste processo de sele\u00e7\u00e3o.<\/p>\n<h2 class=\"wp-block-heading\" id=\"h-cadastro-de-reserva\">Cadastro de reserva<\/h2>\n<p>A convoca\u00e7\u00e3o atual inclui 30% de candidatos em cadastro de reserva, conforme determina a Portaria n\u00ba 738, de 22 de julho de 2024, do Minist\u00e9rio das Cidades. Isso significa que o munic\u00edpio pode encaminhar \u00e0 Caixa Econ\u00f4mica Federal uma lista de candidatos equivalente a at\u00e9 130% das unidades habitacionais dispon\u00edveis.<\/p>\n<p>Candidatos que n\u00e3o comprovarem as informa\u00e7\u00f5es declaradas no ato da inscri\u00e7\u00e3o ser\u00e3o substitu\u00eddos pelos nomes que comp\u00f5em o cadastro reserva. Aqueles n\u00e3o aproveitados nesta etapa permanecer\u00e3o no sistema para sele\u00e7\u00f5es futuras.<\/p>\n<p><em>Siga o Acorda Cidade no<\/em><a href=\"https:\/\/news.google.com\/search?q=acorda%20cidade&amp;hl=pt-BR&amp;gl=BR&amp;ceid=BR%3Apt-419\"><strong><em>\u00a0Google Not\u00edcias<\/em><\/strong><\/a><em>\u00a0e receba os principais destaques do dia. Participe tamb\u00e9m dos nossos canais no\u00a0<\/em><a href=\"https:\/\/www.whatsapp.com\/channel\/0029Va6Rb4v3WHTNnsh8WI3N\"><strong><em>WhatsApp<\/em><\/strong><\/a><em>\u00a0e\u00a0<\/em><a href=\"https:\/\/www.youtube.com\/@acordacidadenoticias\/videos\"><strong>Youtube<\/strong><\/a><em>\u00a0e grupo de\u00a0<\/em><a href=\"https:\/\/t.me\/+sSz0khrgARA0ZmRh\"><strong><em>Telegram<\/em><\/strong><\/a><em>.<\/em><\/p>\n<\/div>\n","protected":false},"excerpt":{"rendered":"<div>\n<div>\n<figure><img decoding=\"async\" src=\"https:\/\/uploads.acordacidade.com.br\/2025\/04\/MCMV-Minha-Casa-Minha-Vida-foto-Foto-Zack-Stencil-Ministerio-das-Cidades-25.jpg\" alt=\"MCMV Minha Casa Minha Vida\"><figcaption>Foto: Zack Stencil Minist\u00e9rio das Cidades 25<\/figcaption><\/figure>\n<\/div>\n<p>O n\u00e3o comparecimento na data e forma estabelecidas no agendamento implicar\u00e1 na desist\u00eancia do candidato, conforme previsto no edital.<\/p><\/div>\n","protected":false},"author":1,"featured_media":91814,"comment_status":"closed","ping_status":"closed","sticky":false,"template":"","format":"gallery","meta":{"footnotes":""},"categories":[8,9,6,57,56,10],"tags":[],"class_list":["post-91813","post","type-post","status-publish","format-gallery","has-post-thumbnail","hentry","category-bahia","category-brasil","category-feira-de-santana","category-mundo","category-policia","category-politica","post_format-post-format-gallery"],"featured_image_urls":{"full":["https:\/\/noticiasbahia360.com.br\/wp-content\/uploads\/2025\/07\/MCMV-Minha-Casa-Minha-Vida-foto-Foto-Zack-Stencil-Ministerio-das-Cidades-25.jpg",1200,694,false],"thumbnail":["https:\/\/noticiasbahia360.com.br\/wp-content\/uploads\/2025\/07\/MCMV-Minha-Casa-Minha-Vida-foto-Foto-Zack-Stencil-Ministerio-das-Cidades-25-150x150.jpg",150,150,true],"medium":["https:\/\/noticiasbahia360.com.br\/wp-content\/uploads\/2025\/07\/MCMV-Minha-Casa-Minha-Vida-foto-Foto-Zack-Stencil-Ministerio-das-Cidades-25-300x174.jpg",300,174,true],"medium_large":["https:\/\/noticiasbahia360.com.br\/wp-content\/uploads\/2025\/07\/MCMV-Minha-Casa-Minha-Vida-foto-Foto-Zack-Stencil-Ministerio-das-Cidades-25-768x444.jpg",640,370,true],"large":["https:\/\/noticiasbahia360.com.br\/wp-content\/uploads\/2025\/07\/MCMV-Minha-Casa-Minha-Vida-foto-Foto-Zack-Stencil-Ministerio-das-Cidades-25-1024x592.jpg",640,370,true],"1536x1536":["https:\/\/noticiasbahia360.com.br\/wp-content\/uploads\/2025\/07\/MCMV-Minha-Casa-Minha-Vida-foto-Foto-Zack-Stencil-Ministerio-das-Cidades-25.jpg",1200,694,false],"2048x2048":["https:\/\/noticiasbahia360.com.br\/wp-content\/uploads\/2025\/07\/MCMV-Minha-Casa-Minha-Vida-foto-Foto-Zack-Stencil-Ministerio-das-Cidades-25.jpg",1200,694,false],"chromenews-featured":["https:\/\/noticiasbahia360.com.br\/wp-content\/uploads\/2025\/07\/MCMV-Minha-Casa-Minha-Vida-foto-Foto-Zack-Stencil-Ministerio-das-Cidades-25-1024x592.jpg",1024,592,true],"chromenews-large":["https:\/\/noticiasbahia360.com.br\/wp-content\/uploads\/2025\/07\/MCMV-Minha-Casa-Minha-Vida-foto-Foto-Zack-Stencil-Ministerio-das-Cidades-25-825x575.jpg",825,575,true],"chromenews-medium":["https:\/\/noticiasbahia360.com.br\/wp-content\/uploads\/2025\/07\/MCMV-Minha-Casa-Minha-Vida-foto-Foto-Zack-Stencil-Ministerio-das-Cidades-25-590x410.jpg",590,410,true]},"author_info":{"display_name":"noticiasbahia360.com.br","author_link":"https:\/\/noticiasbahia360.com.br\/?author=1"},"category_info":"<a href=\"https:\/\/noticiasbahia360.com.br\/?cat=8\" rel=\"category\">Bahia<\/a> <a href=\"https:\/\/noticiasbahia360.com.br\/?cat=9\" rel=\"category\">Brasil<\/a> <a href=\"https:\/\/noticiasbahia360.com.br\/?cat=6\" rel=\"category\">Feira de Santana<\/a> <a href=\"https:\/\/noticiasbahia360.com.br\/?cat=57\" rel=\"category\">Mundo<\/a> <a href=\"https:\/\/noticiasbahia360.com.br\/?cat=56\" rel=\"category\">Pol\u00edcia<\/a> <a href=\"https:\/\/noticiasbahia360.com.br\/?cat=10\" rel=\"category\">Pol\u00edtica<\/a>","tag_info":"Pol\u00edtica","comment_count":"0","_links":{"self":[{"href":"https:\/\/noticiasbahia360.com.br\/index.php?rest_route=\/wp\/v2\/posts\/91813","targetHints":{"allow":["GET"]}}],"collection":[{"href":"https:\/\/noticiasbahia360.com.br\/index.php?rest_route=\/wp\/v2\/posts"}],"about":[{"href":"https:\/\/noticiasbahia360.com.br\/index.php?rest_route=\/wp\/v2\/types\/post"}],"author":[{"embeddable":true,"href":"https:\/\/noticiasbahia360.com.br\/index.php?rest_route=\/wp\/v2\/users\/1"}],"replies":[{"embeddable":true,"href":"https:\/\/noticiasbahia360.com.br\/index.php?rest_route=%2Fwp%2Fv2%2Fcomments&post=91813"}],"version-history":[{"count":0,"href":"https:\/\/noticiasbahia360.com.br\/index.php?rest_route=\/wp\/v2\/posts\/91813\/revisions"}],"wp:featuredmedia":[{"embeddable":true,"href":"https:\/\/noticiasbahia360.com.br\/index.php?rest_route=\/wp\/v2\/media\/91814"}],"wp:attachment":[{"href":"https:\/\/noticiasbahia360.com.br\/index.php?rest_route=%2Fwp%2Fv2%2Fmedia&parent=91813"}],"wp:term":[{"taxonomy":"category","embeddable":true,"href":"https:\/\/noticiasbahia360.com.br\/index.php?rest_route=%2Fwp%2Fv2%2Fcategories&post=91813"},{"taxonomy":"post_tag","embeddable":true,"href":"https:\/\/noticiasbahia360.com.br\/index.php?rest_route=%2Fwp%2Fv2%2Ftags&post=91813"}],"curies":[{"name":"wp","href":"https:\/\/api.w.org\/{rel}","templated":true}]}}