{"id":91819,"date":"2025-07-02T08:35:55","date_gmt":"2025-07-02T11:35:55","guid":{"rendered":"https:\/\/noticiasbahia360.com.br\/?p=91819"},"modified":"2025-07-02T08:35:55","modified_gmt":"2025-07-02T11:35:55","slug":"bolsonaro-cancela-agendas-e-ficara-em-repouso-por-um-mes-apos-ordem-medica","status":"publish","type":"post","link":"https:\/\/noticiasbahia360.com.br\/?p=91819","title":{"rendered":"Bolsonaro cancela agendas e ficar\u00e1 em repouso por um m\u00eas ap\u00f3s ordem m\u00e9dica"},"content":{"rendered":"<div>\n<div>\n<figure><img decoding=\"async\" src=\"http:\/\/noticiasbahia360.com.br\/wp-content\/uploads\/2025\/07\/bolsonaro.jpeg\" alt=\"Bolsonaro\"><figcaption>Foto: Valter Camponato\/Ag\u00eancia Brasil<\/figcaption><\/figure>\n<\/div>\n<p>O ex-presidente Jair Bolsonaro (PL) cancelou todas as agendas p\u00fablicas e ficar\u00e1 em \u201crepouso absoluto\u201d durante o m\u00eas de julho, segundo comunicado m\u00e9dico divulgado na ter\u00e7a-feira (1\u00ba).<\/p>\n<p>A decis\u00e3o foi tomada ap\u00f3s consulta m\u00e9dica de urg\u00eancia. Bolsonaro, 70, apresenta crises constantes de solu\u00e7os e v\u00f4mitos, que o impedem inclusive de falar, conforme comunicado assinado pelo pr\u00f3prio ex-presidente e divulgado pelo senador Fl\u00e1vio Bolsonaro (PL-RJ) em rede social.<\/p>\n<p>\u201cFicam suspensas as agendas de Santa Catarina e Rond\u00f4nia\u201d, disse o ex-presidente na nota.<\/p>\n<p>Mais cedo, Bolsonaro j\u00e1 havia cancelado sua participa\u00e7\u00e3o no evento de lan\u00e7amento do PL60+ no Distrito Federal, na C\u00e2mara dos Deputados.<\/p>\n<p>Bolsonaro passou em abril pela sua sexta e mais longa cirurgia abdominal desde a facada que sofreu na campanha eleitoral de 2018. O procedimento durou 12 horas.<\/p>\n<p>Ele passou 21 dias internado depois de se sentir mal em uma agenda no interior do Rio Grande do Norte. Dias depois da alta, participou de uma manifesta\u00e7\u00e3o em Bras\u00edlia.<\/p>\n<p>O ex-mandat\u00e1rio tem epis\u00f3dios de mal-estar abdominal e crises de solu\u00e7os frequentes, como ocorreu durante uma entrevista a uma r\u00e1dio bolsonarista na semana passada.<\/p>\n<p>A decis\u00e3o dos m\u00e9dicos atrapalha os planos de Bolsonaro de manter sua base mobilizada diante da proximidade do julgamento no STF (Supremo Tribunal Federal) do processo da trama golpista. O caso entrou na fase decisiva, de alega\u00e7\u00f5es finais, e a expectativa na corte \u00e9 que esteja pronto para ser julgado em setembro.<\/p>\n<p>O quadro de sa\u00fado do ex-presidente piorou depois de participar no \u00faltimo domingo (29) de manifesta\u00e7\u00e3o na avenida Paulista. O ato, em protesto contra o STF, tinha o mote \u201cjusti\u00e7a j\u00e1\u201d e, na ocasi\u00e3o, ele discursou por 30 minutos em um trio el\u00e9trico, sob sol.<\/p>\n<p>Fonte: <a href=\"https:\/\/www.bahianoticias.com.br\/folha\/noticia\/343846-bolsonaro-cancela-agendas-e-ficara-em-repouso-por-um-mes-apos-ordem-medica\">Bahia Not\u00edcias<\/a>, site parceiro do Acorda Cidade <\/p>\n<p><em>Siga o Acorda Cidade no<\/em><a href=\"https:\/\/news.google.com\/search?q=acorda%20cidade&amp;hl=pt-BR&amp;gl=BR&amp;ceid=BR%3Apt-419\"><strong><em>\u00a0Google Not\u00edcias<\/em><\/strong><\/a><em>\u00a0e receba os principais destaques do dia. Participe tamb\u00e9m dos nossos canais no\u00a0<\/em><a href=\"https:\/\/www.whatsapp.com\/channel\/0029Va6Rb4v3WHTNnsh8WI3N\"><strong><em>WhatsApp<\/em><\/strong><\/a><em>\u00a0e\u00a0<\/em><a href=\"https:\/\/www.youtube.com\/@acordacidadenoticias\/videos\"><strong>Youtube<\/strong><\/a><em>\u00a0e grupo de\u00a0<\/em><a href=\"https:\/\/t.me\/+sSz0khrgARA0ZmRh\"><strong><em>Telegram<\/em><\/strong><\/a><em>.<\/em><\/p>\n<\/div>\n","protected":false},"excerpt":{"rendered":"<div>\n<div>\n<figure><img decoding=\"async\" src=\"https:\/\/www.acordacidade.com.br\/wp-content\/uploads\/2024\/07\/bolsonaro.jpeg\" alt=\"Bolsonaro\"><figcaption>Foto: Valter Camponato\/Ag\u00eancia Brasil<\/figcaption><\/figure>\n<\/div>\n<p>A decis\u00e3o foi tomada ap\u00f3s consulta m\u00e9dica de urg\u00eancia.<\/p><\/div>\n","protected":false},"author":1,"featured_media":91820,"comment_status":"closed","ping_status":"closed","sticky":false,"template":"","format":"gallery","meta":{"footnotes":""},"categories":[8,9,6,57,56,10],"tags":[],"class_list":["post-91819","post","type-post","status-publish","format-gallery","has-post-thumbnail","hentry","category-bahia","category-brasil","category-feira-de-santana","category-mundo","category-policia","category-politica","post_format-post-format-gallery"],"featured_image_urls":{"full":["https:\/\/noticiasbahia360.com.br\/wp-content\/uploads\/2025\/07\/bolsonaro.jpeg",640,407,false],"thumbnail":["https:\/\/noticiasbahia360.com.br\/wp-content\/uploads\/2025\/07\/bolsonaro-150x150.jpeg",150,150,true],"medium":["https:\/\/noticiasbahia360.com.br\/wp-content\/uploads\/2025\/07\/bolsonaro-300x191.jpeg",300,191,true],"medium_large":["https:\/\/noticiasbahia360.com.br\/wp-content\/uploads\/2025\/07\/bolsonaro.jpeg",640,407,false],"large":["https:\/\/noticiasbahia360.com.br\/wp-content\/uploads\/2025\/07\/bolsonaro.jpeg",640,407,false],"1536x1536":["https:\/\/noticiasbahia360.com.br\/wp-content\/uploads\/2025\/07\/bolsonaro.jpeg",640,407,false],"2048x2048":["https:\/\/noticiasbahia360.com.br\/wp-content\/uploads\/2025\/07\/bolsonaro.jpeg",640,407,false],"chromenews-featured":["https:\/\/noticiasbahia360.com.br\/wp-content\/uploads\/2025\/07\/bolsonaro.jpeg",640,407,false],"chromenews-large":["https:\/\/noticiasbahia360.com.br\/wp-content\/uploads\/2025\/07\/bolsonaro.jpeg",640,407,false],"chromenews-medium":["https:\/\/noticiasbahia360.com.br\/wp-content\/uploads\/2025\/07\/bolsonaro-590x407.jpeg",590,407,true]},"author_info":{"display_name":"noticiasbahia360.com.br","author_link":"https:\/\/noticiasbahia360.com.br\/?author=1"},"category_info":"<a href=\"https:\/\/noticiasbahia360.com.br\/?cat=8\" rel=\"category\">Bahia<\/a> <a href=\"https:\/\/noticiasbahia360.com.br\/?cat=9\" rel=\"category\">Brasil<\/a> <a href=\"https:\/\/noticiasbahia360.com.br\/?cat=6\" rel=\"category\">Feira de Santana<\/a> <a href=\"https:\/\/noticiasbahia360.com.br\/?cat=57\" rel=\"category\">Mundo<\/a> <a href=\"https:\/\/noticiasbahia360.com.br\/?cat=56\" rel=\"category\">Pol\u00edcia<\/a> <a href=\"https:\/\/noticiasbahia360.com.br\/?cat=10\" rel=\"category\">Pol\u00edtica<\/a>","tag_info":"Pol\u00edtica","comment_count":"0","_links":{"self":[{"href":"https:\/\/noticiasbahia360.com.br\/index.php?rest_route=\/wp\/v2\/posts\/91819","targetHints":{"allow":["GET"]}}],"collection":[{"href":"https:\/\/noticiasbahia360.com.br\/index.php?rest_route=\/wp\/v2\/posts"}],"about":[{"href":"https:\/\/noticiasbahia360.com.br\/index.php?rest_route=\/wp\/v2\/types\/post"}],"author":[{"embeddable":true,"href":"https:\/\/noticiasbahia360.com.br\/index.php?rest_route=\/wp\/v2\/users\/1"}],"replies":[{"embeddable":true,"href":"https:\/\/noticiasbahia360.com.br\/index.php?rest_route=%2Fwp%2Fv2%2Fcomments&post=91819"}],"version-history":[{"count":0,"href":"https:\/\/noticiasbahia360.com.br\/index.php?rest_route=\/wp\/v2\/posts\/91819\/revisions"}],"wp:featuredmedia":[{"embeddable":true,"href":"https:\/\/noticiasbahia360.com.br\/index.php?rest_route=\/wp\/v2\/media\/91820"}],"wp:attachment":[{"href":"https:\/\/noticiasbahia360.com.br\/index.php?rest_route=%2Fwp%2Fv2%2Fmedia&parent=91819"}],"wp:term":[{"taxonomy":"category","embeddable":true,"href":"https:\/\/noticiasbahia360.com.br\/index.php?rest_route=%2Fwp%2Fv2%2Fcategories&post=91819"},{"taxonomy":"post_tag","embeddable":true,"href":"https:\/\/noticiasbahia360.com.br\/index.php?rest_route=%2Fwp%2Fv2%2Ftags&post=91819"}],"curies":[{"name":"wp","href":"https:\/\/api.w.org\/{rel}","templated":true}]}}