{"id":91821,"date":"2025-07-02T08:47:55","date_gmt":"2025-07-02T11:47:55","guid":{"rendered":"https:\/\/noticiasbahia360.com.br\/?p=91821"},"modified":"2025-07-02T08:47:55","modified_gmt":"2025-07-02T11:47:55","slug":"cantor-da-banda-oh-original-e-morto-a-tiros-apos-briga-em-salvador-outras-duas-pessoas-tambem-morreram","status":"publish","type":"post","link":"https:\/\/noticiasbahia360.com.br\/?p=91821","title":{"rendered":"Cantor da banda Oh Original \u00e9 morto a tiros ap\u00f3s briga em Salvador; outras duas pessoas tamb\u00e9m morreram"},"content":{"rendered":"<div>\n<div>\n<figure><img decoding=\"async\" src=\"http:\/\/noticiasbahia360.com.br\/wp-content\/uploads\/2025\/07\/Cantor-da-banda-Oh-Original-e-morto-a-tiros-apos-briga-em-Salvador.jpg\" alt=\"Cantor da banda Oh Original \u00e9 morto a tiros ap\u00f3s briga em Salvador\"><figcaption>Foto: Reprodu\u00e7\u00e3o<\/figcaption><\/figure>\n<\/div>\n<p>O cantor Leonardo Serpa, vocalista da banda Oh Original, foi <a href=\"https:\/\/www.acordacidade.com.br\/tag\/assassinado\/\">assassinado <\/a>na noite desta ter\u00e7a-feira (1\u00ba), no bairro do Uruguai, na Cidade Baixa, em Salvador. Segundo as primeiras informa\u00e7\u00f5es da 17\u00aa Companhia Independente de <a href=\"https:\/\/www.acordacidade.com.br\/tag\/policia-militar\/\">Pol\u00edcia Militar<\/a> (CIPM), Leonardo teria se envolvido em uma briga com outro homem na Rua Rezende Costa, quando foi atingido por disparos de arma de fogo.<\/p>\n<p>Al\u00e9m do cantor e do outro homem envolvido na discuss\u00e3o, uma mulher tamb\u00e9m foi baleada durante o confronto. Os tr\u00eas foram socorridos por equipes da 17\u00aa CIPM e levados ao Hospital do Sub\u00farbio, mas n\u00e3o resistiram aos ferimentos.<\/p>\n<p>A autoria dos disparos ainda \u00e9 desconhecida, e n\u00e3o h\u00e1 detalhes sobre a motiva\u00e7\u00e3o do crime at\u00e9 o momento. Equipes do Departamento de Homic\u00eddios e Prote\u00e7\u00e3o \u00e0 Pessoa (DHPP) foram acionadas e v\u00e3o conduzir a investiga\u00e7\u00e3o do caso.<\/p>\n<p>Segundo o Al\u00f4 Juca, o cantor Leonardo Serpa era filho de um policial militar.<\/p>\n<p>Fonte: <a href=\"https:\/\/www.bahianoticias.com.br\/noticia\/306130-cantor-da-banda-oh-original-e-morto-a-tiros-apos-briga-no-bairro-do-uruguai-em-salvador\" target=\"_blank\" rel=\"noreferrer noopener\">Bahia Not\u00edcias<\/a>, site parceiro do Acorda Cidade <\/p>\n<p><em>Siga o Acorda Cidade no<\/em><a href=\"https:\/\/news.google.com\/search?q=acorda%20cidade&amp;hl=pt-BR&amp;gl=BR&amp;ceid=BR%3Apt-419\"><strong><em>\u00a0Google Not\u00edcias<\/em><\/strong><\/a><em>\u00a0e receba os principais destaques do dia. Participe tamb\u00e9m dos nossos canais no\u00a0<\/em><a href=\"https:\/\/www.whatsapp.com\/channel\/0029Va6Rb4v3WHTNnsh8WI3N\"><strong><em>WhatsApp<\/em><\/strong><\/a><em>\u00a0e\u00a0<\/em><a href=\"https:\/\/www.youtube.com\/@acordacidadenoticias\/videos\"><strong>Youtube<\/strong><\/a><em>\u00a0e grupo de\u00a0<\/em><a href=\"https:\/\/t.me\/+sSz0khrgARA0ZmRh\"><strong><em>Telegram<\/em><\/strong><\/a><em>.<\/em><\/p>\n<\/div>\n","protected":false},"excerpt":{"rendered":"<div>\n<div>\n<figure><img decoding=\"async\" src=\"https:\/\/uploads.acordacidade.com.br\/2025\/07\/Cantor-da-banda-Oh-Original-e-morto-a-tiros-apos-briga-em-Salvador.jpg\" alt=\"Cantor da banda Oh Original \u00e9 morto a tiros ap\u00f3s briga em Salvador\"><figcaption>Foto: Reprodu\u00e7\u00e3o<\/figcaption><\/figure>\n<\/div>\n<p>Al\u00e9m do cantor e do outro homem envolvido na discuss\u00e3o, uma mulher tamb\u00e9m foi baleada durante o confronto.<\/p><\/div>\n","protected":false},"author":1,"featured_media":91822,"comment_status":"closed","ping_status":"closed","sticky":false,"template":"","format":"gallery","meta":{"footnotes":""},"categories":[8,9,6,57,56,10],"tags":[],"class_list":["post-91821","post","type-post","status-publish","format-gallery","has-post-thumbnail","hentry","category-bahia","category-brasil","category-feira-de-santana","category-mundo","category-policia","category-politica","post_format-post-format-gallery"],"featured_image_urls":{"full":["https:\/\/noticiasbahia360.com.br\/wp-content\/uploads\/2025\/07\/Cantor-da-banda-Oh-Original-e-morto-a-tiros-apos-briga-em-Salvador.jpg",1200,630,false],"thumbnail":["https:\/\/noticiasbahia360.com.br\/wp-content\/uploads\/2025\/07\/Cantor-da-banda-Oh-Original-e-morto-a-tiros-apos-briga-em-Salvador-150x150.jpg",150,150,true],"medium":["https:\/\/noticiasbahia360.com.br\/wp-content\/uploads\/2025\/07\/Cantor-da-banda-Oh-Original-e-morto-a-tiros-apos-briga-em-Salvador-300x158.jpg",300,158,true],"medium_large":["https:\/\/noticiasbahia360.com.br\/wp-content\/uploads\/2025\/07\/Cantor-da-banda-Oh-Original-e-morto-a-tiros-apos-briga-em-Salvador-768x403.jpg",640,336,true],"large":["https:\/\/noticiasbahia360.com.br\/wp-content\/uploads\/2025\/07\/Cantor-da-banda-Oh-Original-e-morto-a-tiros-apos-briga-em-Salvador-1024x538.jpg",640,336,true],"1536x1536":["https:\/\/noticiasbahia360.com.br\/wp-content\/uploads\/2025\/07\/Cantor-da-banda-Oh-Original-e-morto-a-tiros-apos-briga-em-Salvador.jpg",1200,630,false],"2048x2048":["https:\/\/noticiasbahia360.com.br\/wp-content\/uploads\/2025\/07\/Cantor-da-banda-Oh-Original-e-morto-a-tiros-apos-briga-em-Salvador.jpg",1200,630,false],"chromenews-featured":["https:\/\/noticiasbahia360.com.br\/wp-content\/uploads\/2025\/07\/Cantor-da-banda-Oh-Original-e-morto-a-tiros-apos-briga-em-Salvador-1024x538.jpg",1024,538,true],"chromenews-large":["https:\/\/noticiasbahia360.com.br\/wp-content\/uploads\/2025\/07\/Cantor-da-banda-Oh-Original-e-morto-a-tiros-apos-briga-em-Salvador-825x575.jpg",825,575,true],"chromenews-medium":["https:\/\/noticiasbahia360.com.br\/wp-content\/uploads\/2025\/07\/Cantor-da-banda-Oh-Original-e-morto-a-tiros-apos-briga-em-Salvador-590x410.jpg",590,410,true]},"author_info":{"display_name":"noticiasbahia360.com.br","author_link":"https:\/\/noticiasbahia360.com.br\/?author=1"},"category_info":"<a href=\"https:\/\/noticiasbahia360.com.br\/?cat=8\" rel=\"category\">Bahia<\/a> <a href=\"https:\/\/noticiasbahia360.com.br\/?cat=9\" rel=\"category\">Brasil<\/a> <a href=\"https:\/\/noticiasbahia360.com.br\/?cat=6\" rel=\"category\">Feira de Santana<\/a> <a href=\"https:\/\/noticiasbahia360.com.br\/?cat=57\" rel=\"category\">Mundo<\/a> <a href=\"https:\/\/noticiasbahia360.com.br\/?cat=56\" rel=\"category\">Pol\u00edcia<\/a> <a href=\"https:\/\/noticiasbahia360.com.br\/?cat=10\" rel=\"category\">Pol\u00edtica<\/a>","tag_info":"Pol\u00edtica","comment_count":"0","_links":{"self":[{"href":"https:\/\/noticiasbahia360.com.br\/index.php?rest_route=\/wp\/v2\/posts\/91821","targetHints":{"allow":["GET"]}}],"collection":[{"href":"https:\/\/noticiasbahia360.com.br\/index.php?rest_route=\/wp\/v2\/posts"}],"about":[{"href":"https:\/\/noticiasbahia360.com.br\/index.php?rest_route=\/wp\/v2\/types\/post"}],"author":[{"embeddable":true,"href":"https:\/\/noticiasbahia360.com.br\/index.php?rest_route=\/wp\/v2\/users\/1"}],"replies":[{"embeddable":true,"href":"https:\/\/noticiasbahia360.com.br\/index.php?rest_route=%2Fwp%2Fv2%2Fcomments&post=91821"}],"version-history":[{"count":0,"href":"https:\/\/noticiasbahia360.com.br\/index.php?rest_route=\/wp\/v2\/posts\/91821\/revisions"}],"wp:featuredmedia":[{"embeddable":true,"href":"https:\/\/noticiasbahia360.com.br\/index.php?rest_route=\/wp\/v2\/media\/91822"}],"wp:attachment":[{"href":"https:\/\/noticiasbahia360.com.br\/index.php?rest_route=%2Fwp%2Fv2%2Fmedia&parent=91821"}],"wp:term":[{"taxonomy":"category","embeddable":true,"href":"https:\/\/noticiasbahia360.com.br\/index.php?rest_route=%2Fwp%2Fv2%2Fcategories&post=91821"},{"taxonomy":"post_tag","embeddable":true,"href":"https:\/\/noticiasbahia360.com.br\/index.php?rest_route=%2Fwp%2Fv2%2Ftags&post=91821"}],"curies":[{"name":"wp","href":"https:\/\/api.w.org\/{rel}","templated":true}]}}