{"id":91825,"date":"2025-07-02T10:37:38","date_gmt":"2025-07-02T13:37:38","guid":{"rendered":"https:\/\/noticiasbahia360.com.br\/?p=91825"},"modified":"2025-07-02T10:37:38","modified_gmt":"2025-07-02T13:37:38","slug":"policiais-e-bombeiros-realizam-marcha-pela-valorizacao-no-2-de-julho-em-salvador","status":"publish","type":"post","link":"https:\/\/noticiasbahia360.com.br\/?p=91825","title":{"rendered":"Policiais e bombeiros realizam \u201cMarcha pela Valoriza\u00e7\u00e3o\u201d no 2 de Julho em Salvador"},"content":{"rendered":"<div>\n<div>\n<figure><img decoding=\"async\" src=\"http:\/\/noticiasbahia360.com.br\/wp-content\/uploads\/2025\/07\/Policiais-e-bombeiros-realizam-Marcha-pela-Valorizacao-no-2-de-Julho-em-Salvador.jpg\" alt=\"Policiais e bombeiros realizam Marcha pela Valoriza\u00e7\u00e3o no 2 de Julho em Salvador\"><figcaption>Foto: Reprodu\u00e7\u00e3o <\/figcaption><\/figure>\n<\/div>\n<p>Policiais e bombeiros da Bahia realizam, nesta quarta-feira (2), o cortejo \u201cMarcha pela Valoriza\u00e7\u00e3o\u201d durante as comemora\u00e7\u00f5es do 2 de Julho, data que celebra a <a href=\"https:\/\/www.acordacidade.com.br\/tag\/independencia-da-bahia\/\">Independ\u00eancia da Bahia<\/a>. Eles cobram o cumprimento de direitos garantidos em lei e refor\u00e7am que o Estado deve assegurar a valoriza\u00e7\u00e3o do servi\u00e7o t\u00e9cnico, humano e eficiente da seguran\u00e7a p\u00fablica para a popula\u00e7\u00e3o. A marcha teve in\u00edcio \u00e0s 7 horas, no Largo da Soledade, seguindo at\u00e9 o Pelourinho, em <a href=\"https:\/\/www.acordacidade.com.br\/tag\/salvador-3\/\">Salvador<\/a>.<\/p>\n<p>A chamada \u201cMarcha pela Valoriza\u00e7\u00e3o\u201d, organizada pela Federa\u00e7\u00e3o dos Militares Estaduais da Bahia (FEMEB), destaca duas reivindica\u00e7\u00f5es principais: a promo\u00e7\u00e3o por requerimento e o escalonamento vertical. Ambas est\u00e3o previstas na Lei Org\u00e2nica Nacional das Pol\u00edcias Militares e dos Corpos de Bombeiros (Lei 14.751\/2023).<\/p>\n<p>O Major PM Igor Rocha, presidente da Associa\u00e7\u00e3o For\u00e7a Invicta, destacou que o ato \u00e9 realizado de forma pac\u00edfica, ordeira e institucional. Em entrevista ao Acorda Cidade, ele ressaltou que, como associa\u00e7\u00e3o, \u00e9 preciso cuidar daqueles que cuidam da sociedade.<\/p>\n<p>\u201cEstamos aqui defendendo esse pleito. A lei foi aprovada no final de 2023 e, de l\u00e1 para c\u00e1, a gente vem lutando pelo cumprimento. A lei visa uniformizar as pol\u00edcias em todo o <a href=\"https:\/\/www.acordacidade.com.br\/brasil\/\">Brasil<\/a>, trazendo seguran\u00e7a jur\u00eddica e assegurando os direitos trabalhistas. Tivemos algumas negocia\u00e7\u00f5es no in\u00edcio deste ano e estamos cobrando que as negocia\u00e7\u00f5es ocorram\u201d, afirmou.<\/p>\n<p>O major destacou dois pontos da pauta de reivindica\u00e7\u00e3o: o fluxo de carreira e o escalonamento vertical. Ele ressaltou que o objetivo do movimento \u00e9 sensibilizar o governo, uma vez que muitos militares est\u00e3o desmotivados.<\/p>\n<p>\u201cTemos, na Bahia, um problema s\u00e9rio em rela\u00e7\u00e3o ao fluxo de carreira. Os militares, \u00e0s vezes, demoram 10, 20 anos para serem promovidos. A promo\u00e7\u00e3o requerida vem reduzir esse problema, pois \u00e9 um direito do trabalhador. Com rela\u00e7\u00e3o ao escalonamento vertical, ele prev\u00ea que deve haver uma proporcionalidade entre o sal\u00e1rio do soldado e o do coronel. N\u00e3o \u00e9 aceit\u00e1vel que essa proporcionalidade n\u00e3o exista e que o governo conceda reajustes conforme a conveni\u00eancia\u201d, afirmou.<\/p>\n<p><em>Siga o Acorda Cidade no<\/em><a href=\"https:\/\/news.google.com\/search?q=acorda%20cidade&amp;hl=pt-BR&amp;gl=BR&amp;ceid=BR%3Apt-419\"><strong><em>\u00a0Google Not\u00edcias<\/em><\/strong><\/a><em>\u00a0e receba os principais destaques do dia. Participe tamb\u00e9m dos nossos canais no\u00a0<\/em><a href=\"https:\/\/www.whatsapp.com\/channel\/0029Va6Rb4v3WHTNnsh8WI3N\"><strong><em>WhatsApp<\/em><\/strong><\/a><em>\u00a0e\u00a0<\/em><a href=\"https:\/\/www.youtube.com\/@acordacidadenoticias\/videos\"><strong>YouTube<\/strong><\/a><em>\u00a0e grupo de\u00a0<\/em><a href=\"https:\/\/t.me\/+sSz0khrgARA0ZmRh\"><strong><em>Telegram<\/em><\/strong><\/a><em>.<\/em><\/p>\n<\/div>\n","protected":false},"excerpt":{"rendered":"<div>\n<div>\n<figure><img decoding=\"async\" src=\"https:\/\/uploads.acordacidade.com.br\/2025\/07\/Policiais-e-bombeiros-realizam-Marcha-pela-Valorizacao-no-2-de-Julho-em-Salvador.jpg\" alt=\"Policiais e bombeiros realizam Marcha pela Valoriza\u00e7\u00e3o no 2 de Julho em Salvador\"><figcaption>Foto: Reprodu\u00e7\u00e3o <\/figcaption><\/figure>\n<\/div>\n<p>Policiais e bombeiros da Bahia realizam, nesta quarta-feira (2), o cortejo \u201cMarcha pela Valoriza\u00e7\u00e3o\u201d durante as comemora\u00e7\u00f5es do 2 de Julho, data que celebra a Independ\u00eancia da Bahia. Eles cobram o cumprimento de direitos garantidos em lei e refor\u00e7am que o Estado deve assegurar a valoriza\u00e7\u00e3o do servi\u00e7o t\u00e9cnico, humano e eficiente da seguran\u00e7a p\u00fablica [\u2026]<\/p><\/div>\n","protected":false},"author":1,"featured_media":91826,"comment_status":"closed","ping_status":"closed","sticky":false,"template":"","format":"gallery","meta":{"footnotes":""},"categories":[8,9,6,57,56,10],"tags":[],"class_list":["post-91825","post","type-post","status-publish","format-gallery","has-post-thumbnail","hentry","category-bahia","category-brasil","category-feira-de-santana","category-mundo","category-policia","category-politica","post_format-post-format-gallery"],"featured_image_urls":{"full":["https:\/\/noticiasbahia360.com.br\/wp-content\/uploads\/2025\/07\/Policiais-e-bombeiros-realizam-Marcha-pela-Valorizacao-no-2-de-Julho-em-Salvador.jpg",1200,900,false],"thumbnail":["https:\/\/noticiasbahia360.com.br\/wp-content\/uploads\/2025\/07\/Policiais-e-bombeiros-realizam-Marcha-pela-Valorizacao-no-2-de-Julho-em-Salvador-150x150.jpg",150,150,true],"medium":["https:\/\/noticiasbahia360.com.br\/wp-content\/uploads\/2025\/07\/Policiais-e-bombeiros-realizam-Marcha-pela-Valorizacao-no-2-de-Julho-em-Salvador-300x225.jpg",300,225,true],"medium_large":["https:\/\/noticiasbahia360.com.br\/wp-content\/uploads\/2025\/07\/Policiais-e-bombeiros-realizam-Marcha-pela-Valorizacao-no-2-de-Julho-em-Salvador-768x576.jpg",640,480,true],"large":["https:\/\/noticiasbahia360.com.br\/wp-content\/uploads\/2025\/07\/Policiais-e-bombeiros-realizam-Marcha-pela-Valorizacao-no-2-de-Julho-em-Salvador-1024x768.jpg",640,480,true],"1536x1536":["https:\/\/noticiasbahia360.com.br\/wp-content\/uploads\/2025\/07\/Policiais-e-bombeiros-realizam-Marcha-pela-Valorizacao-no-2-de-Julho-em-Salvador.jpg",1200,900,false],"2048x2048":["https:\/\/noticiasbahia360.com.br\/wp-content\/uploads\/2025\/07\/Policiais-e-bombeiros-realizam-Marcha-pela-Valorizacao-no-2-de-Julho-em-Salvador.jpg",1200,900,false],"chromenews-featured":["https:\/\/noticiasbahia360.com.br\/wp-content\/uploads\/2025\/07\/Policiais-e-bombeiros-realizam-Marcha-pela-Valorizacao-no-2-de-Julho-em-Salvador-1024x768.jpg",1024,768,true],"chromenews-large":["https:\/\/noticiasbahia360.com.br\/wp-content\/uploads\/2025\/07\/Policiais-e-bombeiros-realizam-Marcha-pela-Valorizacao-no-2-de-Julho-em-Salvador-825x575.jpg",825,575,true],"chromenews-medium":["https:\/\/noticiasbahia360.com.br\/wp-content\/uploads\/2025\/07\/Policiais-e-bombeiros-realizam-Marcha-pela-Valorizacao-no-2-de-Julho-em-Salvador-590x410.jpg",590,410,true]},"author_info":{"display_name":"noticiasbahia360.com.br","author_link":"https:\/\/noticiasbahia360.com.br\/?author=1"},"category_info":"<a href=\"https:\/\/noticiasbahia360.com.br\/?cat=8\" rel=\"category\">Bahia<\/a> <a href=\"https:\/\/noticiasbahia360.com.br\/?cat=9\" rel=\"category\">Brasil<\/a> <a href=\"https:\/\/noticiasbahia360.com.br\/?cat=6\" rel=\"category\">Feira de Santana<\/a> <a href=\"https:\/\/noticiasbahia360.com.br\/?cat=57\" rel=\"category\">Mundo<\/a> <a href=\"https:\/\/noticiasbahia360.com.br\/?cat=56\" rel=\"category\">Pol\u00edcia<\/a> <a href=\"https:\/\/noticiasbahia360.com.br\/?cat=10\" rel=\"category\">Pol\u00edtica<\/a>","tag_info":"Pol\u00edtica","comment_count":"0","_links":{"self":[{"href":"https:\/\/noticiasbahia360.com.br\/index.php?rest_route=\/wp\/v2\/posts\/91825","targetHints":{"allow":["GET"]}}],"collection":[{"href":"https:\/\/noticiasbahia360.com.br\/index.php?rest_route=\/wp\/v2\/posts"}],"about":[{"href":"https:\/\/noticiasbahia360.com.br\/index.php?rest_route=\/wp\/v2\/types\/post"}],"author":[{"embeddable":true,"href":"https:\/\/noticiasbahia360.com.br\/index.php?rest_route=\/wp\/v2\/users\/1"}],"replies":[{"embeddable":true,"href":"https:\/\/noticiasbahia360.com.br\/index.php?rest_route=%2Fwp%2Fv2%2Fcomments&post=91825"}],"version-history":[{"count":0,"href":"https:\/\/noticiasbahia360.com.br\/index.php?rest_route=\/wp\/v2\/posts\/91825\/revisions"}],"wp:featuredmedia":[{"embeddable":true,"href":"https:\/\/noticiasbahia360.com.br\/index.php?rest_route=\/wp\/v2\/media\/91826"}],"wp:attachment":[{"href":"https:\/\/noticiasbahia360.com.br\/index.php?rest_route=%2Fwp%2Fv2%2Fmedia&parent=91825"}],"wp:term":[{"taxonomy":"category","embeddable":true,"href":"https:\/\/noticiasbahia360.com.br\/index.php?rest_route=%2Fwp%2Fv2%2Fcategories&post=91825"},{"taxonomy":"post_tag","embeddable":true,"href":"https:\/\/noticiasbahia360.com.br\/index.php?rest_route=%2Fwp%2Fv2%2Ftags&post=91825"}],"curies":[{"name":"wp","href":"https:\/\/api.w.org\/{rel}","templated":true}]}}