{"id":91829,"date":"2025-07-02T11:07:52","date_gmt":"2025-07-02T14:07:52","guid":{"rendered":"https:\/\/noticiasbahia360.com.br\/?p=91829"},"modified":"2025-07-02T11:07:52","modified_gmt":"2025-07-02T14:07:52","slug":"essa-flor-brasileira-ama-a-sombra-e-floresce-o-ano-todo-se-voce-acertar-no-solo","status":"publish","type":"post","link":"https:\/\/noticiasbahia360.com.br\/?p=91829","title":{"rendered":"Essa flor brasileira ama a sombra e floresce o ano todo se voc\u00ea acertar no solo"},"content":{"rendered":"<div>\n<div>\n<figure><img decoding=\"async\" src=\"http:\/\/noticiasbahia360.com.br\/wp-content\/uploads\/2025\/07\/Essa-flor-brasileira-ama-a-sombra-e-floresce-o-ano-todo-se-voce-acertar-no-solo.webp\" alt=\"Essa flor brasileira ama a sombra e floresce o ano todo se voc\u00ea acertar no solo\"><figcaption>Essa flor brasileira ama a sombra e floresce o ano todo se voc\u00ea acertar no solo<\/figcaption><\/figure>\n<\/div>\n<p>Pouca luz, muita beleza: quem acha que flor bonita s\u00f3 cresce no sol ainda n\u00e3o conheceu o poder das esp\u00e9cies tropicais que preferem a sombra. Uma delas \u00e9 tipicamente brasileira, exuberante e resistente \u2014 e pode colorir seu jardim ou varanda o ano inteiro se voc\u00ea acertar em um detalhe essencial: o solo.<\/p>\n<h2 class=\"wp-block-heading\" id=\"h-a-flor-brasileira-que-se-destaca-na-sombra\">A flor brasileira que se destaca na sombra<\/h2>\n<p>A <strong>impatiens walleriana<\/strong>, popularmente chamada de beijinho, maria-sem-vergonha ou simplesmente impatiens, \u00e9 uma flor nativa de regi\u00f5es tropicais que encontrou no clima brasileiro o ambiente perfeito para se espalhar. Apesar de ser origin\u00e1ria da \u00c1frica Oriental, aqui ela se adaptou com tanta facilidade que virou s\u00edmbolo de floreiras e varandas \u00e0 meia-sombra.<\/p>\n<p>Com p\u00e9talas vibrantes em tons de rosa, vermelho, laranja e branco, essa planta perene pode florescer quase o ano todo em regi\u00f5es de clima ameno e com boa umidade. Mas para manter esse espet\u00e1culo cont\u00ednuo, o segredo est\u00e1 debaixo da terra: o solo ideal.<\/p>\n<h2 class=\"wp-block-heading\" id=\"h-como-deve-ser-o-solo-para-a-impatiens-florescer-bem\">Como deve ser o solo para a impatiens florescer bem<\/h2>\n<p>A maria-sem-vergonha tem ra\u00edzes sens\u00edveis ao encharcamento, mas ao mesmo tempo exige boa umidade. Isso significa que o solo deve ser rico em mat\u00e9ria org\u00e2nica, levemente \u00e1cido e com excelente drenagem.<\/p>\n<p>O substrato ideal inclui:<\/p>\n<ul class=\"wp-block-list\">\n<li>1 parte de terra vegetal<\/li>\n<li>1 parte de composto org\u00e2nico (h\u00famus de minhoca \u00e9 \u00f3timo)<\/li>\n<li>1 parte de areia grossa ou perlita<\/li>\n<\/ul>\n<p>Esse mix garante que a \u00e1gua escoe bem, evitando fungos, e ainda assim mantenha a umidade necess\u00e1ria para que a planta absorva nutrientes com facilidade.<\/p>\n<h3 class=\"wp-block-heading\" id=\"h-atencao-ao-ph\">Aten\u00e7\u00e3o ao pH<\/h3>\n<p>Se quiser ser ainda mais preciso, o pH do solo deve estar entre 5,8 e 6,5. Em solos muito alcalinos, a impatiens sofre com defici\u00eancia de nutrientes e floresce menos.<\/p>\n<h2 class=\"wp-block-heading\" id=\"h-como-cuidar-da-maria-sem-vergonha-em-ambientes-sombreados\">Como cuidar da maria-sem-vergonha em ambientes sombreados<\/h2>\n<p>O nome popular \u201csem-vergonha\u201d se deve justamente \u00e0 sua capacidade de se espalhar e crescer em qualquer cantinho \u2014 desde que as condi\u00e7\u00f5es estejam equilibradas. Aqui v\u00e3o os principais cuidados para v\u00ea-la sempre florida:<\/p>\n<h3 class=\"wp-block-heading\" id=\"h-escolha-o-lugar-certo\">Escolha o lugar certo<\/h3>\n<p>O local ideal \u00e9 aquele que recebe luz indireta durante boa parte do dia ou sol fraco da manh\u00e3. Sol forte da tarde queima suas folhas e reduz a flora\u00e7\u00e3o. Se for cultivar em \u00e1reas externas, prefira beirais, varandas cobertas ou sob \u00e1rvores que filtram a luz.<\/p>\n<h3 class=\"wp-block-heading\" id=\"h-mantenha-a-rega-equilibrada\">Mantenha a rega equilibrada<\/h3>\n<p>Regue sempre que o solo come\u00e7ar a secar na superf\u00edcie. Em \u00e9pocas mais quentes, isso pode significar regar dia sim, dia n\u00e3o. Mas evite encharcar. Um truque \u00e9 afundar o dedo na terra at\u00e9 a segunda falange: se estiver \u00famido, ainda n\u00e3o precisa regar.<\/p>\n<h3 class=\"wp-block-heading\" id=\"h-pode-com-leveza-mas-com-frequencia\">Pode com leveza, mas com frequ\u00eancia<\/h3>\n<p>As flores da impatiens surgem em grande quantidade, e conforme murcham, podem atrapalhar a pr\u00f3xima leva. Por isso, retire flores velhas e galhos secos com frequ\u00eancia. Isso estimula uma flora\u00e7\u00e3o cont\u00ednua e mant\u00e9m a planta compacta e bonita.<\/p>\n<h2 class=\"wp-block-heading\" id=\"h-outras-flores-que-se-dao-bem-na-sombra\">Outras flores que se d\u00e3o bem na sombra<\/h2>\n<p>Se voc\u00ea se apaixonou pela ideia de um jardim sombreado com flores coloridas o ano inteiro, saiba que a impatiens n\u00e3o est\u00e1 sozinha nessa miss\u00e3o. Outras esp\u00e9cies que tamb\u00e9m gostam de sombra e combinam com ela:<\/p>\n<ul class=\"wp-block-list\">\n<li><strong>Violeta-africana<\/strong>: perfeita para interiores, com cores intensas.<\/li>\n<li><strong>L\u00edrio-da-paz<\/strong>: flores brancas e elegantes, excelente para purificar o ar.<\/li>\n<li><strong>Ant\u00fario<\/strong>: apar\u00eancia tropical e flores duradouras.<\/li>\n<li><strong>Beg\u00f4nia<\/strong>: variedade incr\u00edvel de cores e formatos, \u00f3tima para vasos.<\/li>\n<\/ul>\n<p>Combinar essas esp\u00e9cies em um mesmo espa\u00e7o pode criar uma composi\u00e7\u00e3o de texturas e tons vibrantes, mesmo sem sol direto.<\/p>\n<h2 class=\"wp-block-heading\" id=\"h-cultivar-na-sombra-nao-e-limitacao-e-oportunidade\">Cultivar na sombra n\u00e3o \u00e9 limita\u00e7\u00e3o, \u00e9 oportunidade<\/h2>\n<p>Quem mora em apartamento ou tem \u00e1reas do quintal que n\u00e3o pegam sol direto pode (e deve!) investir em esp\u00e9cies que valorizam esses ambientes. A maria-sem-vergonha \u00e9 um excelente ponto de partida, porque exige poucos cuidados e responde com muita generosidade: flores quase o ano inteiro, mesmo em espa\u00e7os pequenos.<\/p>\n<p>E o melhor: al\u00e9m de embelezar, ela tamb\u00e9m atrai borboletas e abelhas nativas, contribuindo com a biodiversidade mesmo dentro da cidade. Um simples vaso na sombra pode se tornar um microecossistema cheio de cor, vida e energia.<\/p>\n<\/div>\n","protected":false},"excerpt":{"rendered":"<div>\n<div>\n<figure><img decoding=\"async\" src=\"https:\/\/uploads.acordacidade.com.br\/2025\/07\/Essa-flor-brasileira-ama-a-sombra-e-floresce-o-ano-todo-se-voce-acertar-no-solo.webp\" alt=\"Essa flor brasileira ama a sombra e floresce o ano todo se voc\u00ea acertar no solo\"><figcaption>Essa flor brasileira ama a sombra e floresce o ano todo se voc\u00ea acertar no solo<\/figcaption><\/figure>\n<\/div>\n<p>Essa flor ama a sombra e floresce quase o ano todo se voc\u00ea acertar no tipo de solo certo para ela. Veja os cuidados.<\/p><\/div>\n","protected":false},"author":1,"featured_media":91830,"comment_status":"closed","ping_status":"closed","sticky":false,"template":"","format":"gallery","meta":{"footnotes":""},"categories":[8,9,6,57,56,10],"tags":[],"class_list":["post-91829","post","type-post","status-publish","format-gallery","has-post-thumbnail","hentry","category-bahia","category-brasil","category-feira-de-santana","category-mundo","category-policia","category-politica","post_format-post-format-gallery"],"featured_image_urls":{"full":["https:\/\/noticiasbahia360.com.br\/wp-content\/uploads\/2025\/07\/Essa-flor-brasileira-ama-a-sombra-e-floresce-o-ano-todo-se-voce-acertar-no-solo.webp",1536,1024,false],"thumbnail":["https:\/\/noticiasbahia360.com.br\/wp-content\/uploads\/2025\/07\/Essa-flor-brasileira-ama-a-sombra-e-floresce-o-ano-todo-se-voce-acertar-no-solo-150x150.webp",150,150,true],"medium":["https:\/\/noticiasbahia360.com.br\/wp-content\/uploads\/2025\/07\/Essa-flor-brasileira-ama-a-sombra-e-floresce-o-ano-todo-se-voce-acertar-no-solo-300x200.webp",300,200,true],"medium_large":["https:\/\/noticiasbahia360.com.br\/wp-content\/uploads\/2025\/07\/Essa-flor-brasileira-ama-a-sombra-e-floresce-o-ano-todo-se-voce-acertar-no-solo-768x512.webp",640,427,true],"large":["https:\/\/noticiasbahia360.com.br\/wp-content\/uploads\/2025\/07\/Essa-flor-brasileira-ama-a-sombra-e-floresce-o-ano-todo-se-voce-acertar-no-solo-1024x683.webp",640,427,true],"1536x1536":["https:\/\/noticiasbahia360.com.br\/wp-content\/uploads\/2025\/07\/Essa-flor-brasileira-ama-a-sombra-e-floresce-o-ano-todo-se-voce-acertar-no-solo.webp",1536,1024,false],"2048x2048":["https:\/\/noticiasbahia360.com.br\/wp-content\/uploads\/2025\/07\/Essa-flor-brasileira-ama-a-sombra-e-floresce-o-ano-todo-se-voce-acertar-no-solo.webp",1536,1024,false],"chromenews-featured":["https:\/\/noticiasbahia360.com.br\/wp-content\/uploads\/2025\/07\/Essa-flor-brasileira-ama-a-sombra-e-floresce-o-ano-todo-se-voce-acertar-no-solo-1024x683.webp",1024,683,true],"chromenews-large":["https:\/\/noticiasbahia360.com.br\/wp-content\/uploads\/2025\/07\/Essa-flor-brasileira-ama-a-sombra-e-floresce-o-ano-todo-se-voce-acertar-no-solo-825x575.webp",825,575,true],"chromenews-medium":["https:\/\/noticiasbahia360.com.br\/wp-content\/uploads\/2025\/07\/Essa-flor-brasileira-ama-a-sombra-e-floresce-o-ano-todo-se-voce-acertar-no-solo-590x410.webp",590,410,true]},"author_info":{"display_name":"noticiasbahia360.com.br","author_link":"https:\/\/noticiasbahia360.com.br\/?author=1"},"category_info":"<a href=\"https:\/\/noticiasbahia360.com.br\/?cat=8\" rel=\"category\">Bahia<\/a> <a href=\"https:\/\/noticiasbahia360.com.br\/?cat=9\" rel=\"category\">Brasil<\/a> <a href=\"https:\/\/noticiasbahia360.com.br\/?cat=6\" rel=\"category\">Feira de Santana<\/a> <a href=\"https:\/\/noticiasbahia360.com.br\/?cat=57\" rel=\"category\">Mundo<\/a> <a href=\"https:\/\/noticiasbahia360.com.br\/?cat=56\" rel=\"category\">Pol\u00edcia<\/a> <a href=\"https:\/\/noticiasbahia360.com.br\/?cat=10\" rel=\"category\">Pol\u00edtica<\/a>","tag_info":"Pol\u00edtica","comment_count":"0","_links":{"self":[{"href":"https:\/\/noticiasbahia360.com.br\/index.php?rest_route=\/wp\/v2\/posts\/91829","targetHints":{"allow":["GET"]}}],"collection":[{"href":"https:\/\/noticiasbahia360.com.br\/index.php?rest_route=\/wp\/v2\/posts"}],"about":[{"href":"https:\/\/noticiasbahia360.com.br\/index.php?rest_route=\/wp\/v2\/types\/post"}],"author":[{"embeddable":true,"href":"https:\/\/noticiasbahia360.com.br\/index.php?rest_route=\/wp\/v2\/users\/1"}],"replies":[{"embeddable":true,"href":"https:\/\/noticiasbahia360.com.br\/index.php?rest_route=%2Fwp%2Fv2%2Fcomments&post=91829"}],"version-history":[{"count":0,"href":"https:\/\/noticiasbahia360.com.br\/index.php?rest_route=\/wp\/v2\/posts\/91829\/revisions"}],"wp:featuredmedia":[{"embeddable":true,"href":"https:\/\/noticiasbahia360.com.br\/index.php?rest_route=\/wp\/v2\/media\/91830"}],"wp:attachment":[{"href":"https:\/\/noticiasbahia360.com.br\/index.php?rest_route=%2Fwp%2Fv2%2Fmedia&parent=91829"}],"wp:term":[{"taxonomy":"category","embeddable":true,"href":"https:\/\/noticiasbahia360.com.br\/index.php?rest_route=%2Fwp%2Fv2%2Fcategories&post=91829"},{"taxonomy":"post_tag","embeddable":true,"href":"https:\/\/noticiasbahia360.com.br\/index.php?rest_route=%2Fwp%2Fv2%2Ftags&post=91829"}],"curies":[{"name":"wp","href":"https:\/\/api.w.org\/{rel}","templated":true}]}}