{"id":91836,"date":"2025-07-02T11:19:56","date_gmt":"2025-07-02T14:19:56","guid":{"rendered":"https:\/\/noticiasbahia360.com.br\/?p=91836"},"modified":"2025-07-02T11:19:56","modified_gmt":"2025-07-02T14:19:56","slug":"inscricoes-para-o-cnu-2025-comecam-nesta-quarta-feira","status":"publish","type":"post","link":"https:\/\/noticiasbahia360.com.br\/?p=91836","title":{"rendered":"Inscri\u00e7\u00f5es para o CNU 2025 come\u00e7am nesta quarta-feira"},"content":{"rendered":"<div>\n<div>\n<figure><img decoding=\"async\" src=\"http:\/\/noticiasbahia360.com.br\/wp-content\/uploads\/2025\/07\/realizando-prova-cnu-vestibular-1.webp\" alt=\"prova - CNU\"><figcaption>Foto: Marcos Santos\/USP Imagens<\/figcaption><\/figure>\n<\/div>\n<p>Ag\u00eancia Brasil \u2013 As inscri\u00e7\u00f5es para a segunda edi\u00e7\u00e3o do Concurso P\u00fablico Nacional Unificado (CPNU) come\u00e7am nesta quarta-feira, \u00e0s 10h, e v\u00e3o at\u00e9 as 23h59 minutos de 20 de julho, hor\u00e1rio oficial de Bras\u00edlia.<\/p>\n<p>O prazo para os interessados solicitarem a isen\u00e7\u00e3o da taxa de <a href=\"https:\/\/www.acordacidade.com.br\/tag\/inscricao\/\">inscri\u00e7\u00e3o <\/a>tamb\u00e9m come\u00e7a hoje e se estende at\u00e9 8 de julho.<\/p>\n<h2 class=\"wp-block-heading\" id=\"h-como-se-inscrever\">Como se inscrever<\/h2>\n<p>Os interessados devem se inscrever exclusivamente pelo <a href=\"https:\/\/conhecimento.fgv.br\/cpnu2\" target=\"_blank\" rel=\"noreferrer noopener\">site da Funda\u00e7\u00e3o Getulio Vargas<\/a> (FGV), banca respons\u00e1vel pela organiza\u00e7\u00e3o do concurso.<\/p>\n<h2 class=\"wp-block-heading\" id=\"h-ao-se-inscrever-os-interessados-deverao\">Ao se inscrever, os interessados dever\u00e3o:<\/h2>\n<ul class=\"wp-block-list\">\n<li>optar por apenas um dos nove blocos tem\u00e1ticos;<\/li>\n<li>optar pelos diferentes cargos e especialidades, entre as op\u00e7\u00f5es ofertadas dentro do mesmo bloco tem\u00e1tico;<\/li>\n<li>indicar a ordem de prefer\u00eancia de ocupa\u00e7\u00e3o dos cargos, como foi no CNU 2024;<\/li>\n<li>indicar a cidade de realiza\u00e7\u00e3o das provas.<\/li>\n<\/ul>\n<p><strong>O candidato poder\u00e1 escolher todos os cargos e suas respectivas especialidades ofertadas em um \u00fanico bloco tem\u00e1tico.<\/strong><\/p>\n<p>Como parte do processo de inscri\u00e7\u00e3o, o candidato dever\u00e1 ainda preencher um question\u00e1rio socioecon\u00f4mico. No entanto, o <a href=\"https:\/\/www.in.gov.br\/en\/web\/dou\/-\/edital-enap-n-114-de-30-de-junho-de-2025-638911305\" target=\"_blank\" rel=\"noreferrer noopener\">edital \u00fanico<\/a> do CNU 2025 explica que as informa\u00e7\u00f5es n\u00e3o ser\u00e3o usadas como crit\u00e9rio de classifica\u00e7\u00e3o ou elimina\u00e7\u00e3o no certame.<\/p>\n<h2 class=\"wp-block-heading\" id=\"h-taxa-de-inscricao\">Taxa de inscri\u00e7\u00e3o<\/h2>\n<p><strong>A taxa de inscri\u00e7\u00e3o \u00fanica \u00e9 de R$ 70, para todos os 3.652 cargos de n\u00edvel superior e n\u00edvel m\u00e9dio.<\/strong><\/p>\n<p>A Guia de Recolhimento da Uni\u00e3o (GRU) dever\u00e1 ser paga at\u00e9 21 de julho, por meio de Pix, com a leitura do QR Code dispon\u00edvel no pr\u00f3prio documento.<\/p>\n<p>H\u00e1 ainda as op\u00e7\u00f5es de pagamento online pela plataforma PagTesouro, gerida pela Secretaria do Tesouro Nacional. Nessa ferramenta digital, os pagamentos podem ser feitos por meio de Pix, boleto banc\u00e1rio, cart\u00e3o de cr\u00e9dito ou saldo em carteira digital.<\/p>\n<p>Outra forma \u00e9 presencialmente, em qualquer ag\u00eancia banc\u00e1ria, casa lot\u00e9rica e unidadesdos Correios.<\/p>\n<p>O candidato deve observar o hor\u00e1rio de funcionamento das ag\u00eancias e dos correspondentes banc\u00e1rios, bem como as regras de aplicativos e internet banking da institui\u00e7\u00e3o.<\/p>\n<p>Em caso de feriado ou de qualquer evento que implique o fechamento de ag\u00eancias banc\u00e1rias na localidade, o candidato dever\u00e1 antecipar o pagamento ou realiz\u00e1-lo por outro meio v\u00e1lido, no prazo limite.<\/p>\n<p><strong>A inscri\u00e7\u00e3o somente ser\u00e1 validada ap\u00f3s a confirma\u00e7\u00e3o do pagamento at\u00e9 a data do vencimento.<\/strong><\/p>\n<h2 class=\"wp-block-heading\" id=\"h-isencao-da-taxa\">Isen\u00e7\u00e3o da taxa<\/h2>\n<p>A isen\u00e7\u00e3o total do pagamento do valor de inscri\u00e7\u00e3o poder\u00e1 ser solicitada entre 2 e 8 de julho na <a href=\"https:\/\/conhecimento.fgv.br\/cpnu2\" target=\"_blank\" rel=\"noreferrer noopener\">p\u00e1gina do concurso<\/a>, por pessoas com os seguintes perfis:<\/p>\n<ul class=\"wp-block-list\">\n<li>ter inscri\u00e7\u00e3o ativa no Cadastro \u00danico para Programas Sociais do governo federal (Cad\u00danico);<\/li>\n<li>ser doador de medula \u00f3ssea em entidades reconhecidas pelo Minist\u00e9rio da Sa\u00fade;<\/li>\n<li>ser ou ter sido bolsista do Programa Universidade para Todos (Prouni) do Minist\u00e9rio da Educa\u00e7\u00e3o (MEC);<\/li>\n<li>comprovar ser ou ter sido financiado pelo Fundo de Financiamento Estudantil (Fies) do MEC.<\/li>\n<\/ul>\n<p>Para comprovar a condi\u00e7\u00e3o de doador de medula \u00f3ssea, o candidato dever\u00e1 encaminhar, via upload no sistema de inscri\u00e7\u00e3o seu documento de identidade com foto e o comprovante da doa\u00e7\u00e3o, contendo data da coleta de c\u00e9lulas de medula \u00f3ssea, data da emiss\u00e3o do documento, assinatura da pessoa respons\u00e1vel pelo \u00f3rg\u00e3o emissor e o nome leg\u00edvel e completo da assinante.<\/p>\n<p>A Funda\u00e7\u00e3o Getulio Vargas explica que para an\u00e1lise correta da solicita\u00e7\u00e3o de isen\u00e7\u00e3o do pagamento da taxa de inscri\u00e7\u00e3o, ir\u00e1 consultar os \u00f3rg\u00e3os federais respons\u00e1veis pelo Cad\u00danico, Prouni, Fies ou o \u00f3rg\u00e3o gestor do Registro Nacional de Doadores Volunt\u00e1rios de Medula \u00d3ssea (Redome), conforme o caso de cada pedido.<\/p>\n<h2 class=\"wp-block-heading\" id=\"h-inscricao-unica\">Inscri\u00e7\u00e3o \u00fanica<\/h2>\n<p>As provas de todos os nove blocos tem\u00e1ticos ser\u00e3o aplicadas em 228 cidades, nos mesmos dias e hor\u00e1rios:<\/p>\n<ul class=\"wp-block-list\">\n<li>primeira etapa: prova objetiva, em 5 de outubro de 2025, das 13h \u00e0s 16h30;<\/li>\n<li>segunda etapa: prova discursiva, em: 7 de dezembro de 2025, das 13h \u00e0s 15h, aos aprovados na primeira.<\/li>\n<\/ul>\n<p>Por isso, n\u00e3o \u00e9 permitida mais de uma inscri\u00e7\u00e3o no CNU 2025.<\/p>\n<p>Caso a Funda\u00e7\u00e3o Getulio Vargas verifique a exist\u00eancia de mais de uma inscri\u00e7\u00e3o efetivada (por meio de pagamento ou isen\u00e7\u00e3o da taxa) por um mesmo candidato somente ser\u00e1 considerada v\u00e1lida e homologada aquela que tiver sido feita por \u00faltimo, identificada pelo sistema de inscri\u00e7\u00f5es online pela data e hora de envio do requerimento por meio da internet.<\/p>\n<p>Consequentemente, as demais inscri\u00e7\u00f5es ser\u00e3o automaticamente canceladas, n\u00e3o cabendo reclama\u00e7\u00f5es nem mesmo quanto \u00e0 restitui\u00e7\u00e3o do valor pago pela taxa de inscri\u00e7\u00e3o.<\/p>\n<p>Ap\u00f3s o pagamento da taxa de inscri\u00e7\u00e3o de R$ 70, se o candidato se inscrever novamente n\u00e3o precisar\u00e1 efetuar novo pagamento. O valor ser\u00e1 transferido para a inscri\u00e7\u00e3o mais atualizada no chamado Enem dos Concursos.<\/p>\n<h2 class=\"wp-block-heading\" id=\"h-inclusao-ou-reserva-de-vagas\">Inclus\u00e3o [ou Reserva de vagas]<\/h2>\n<p>O concurso unificado apresentar\u00e1 as seguintes modalidades de concorr\u00eancia de vagas: ampla concorr\u00eancia; pessoas com defici\u00eancia (PCD); pessoas negras; ind\u00edgenas e quilombolas.<\/p>\n<p><strong>As vagas ofertadas ser\u00e3o reservadas da seguinte forma:<\/strong><\/p>\n<ul class=\"wp-block-list\">\n<li>65% para ampla concorr\u00eancia;<\/li>\n<li>25% para pessoas negras;<\/li>\n<li>5% para pessoas com defici\u00eancia (PCD);<\/li>\n<li>3% para ind\u00edgenas;<\/li>\n<li>2% para quilombolas.<\/li>\n<\/ul>\n<p>Para concorrer \u00e0s vagas reservadas, o candidato dever\u00e1, no ato da solicita\u00e7\u00e3o de inscri\u00e7\u00e3o, optar por disputar as reservadas \u00e0s pessoas negras, ind\u00edgenas e quilombolas.<\/p>\n<p>Vale lembrar que essas pessoas ser\u00e3o convocadas, posteriormente, conforme cronograma descrito no edital, para passar por procedimentos complementares que comprovem a autodeclara\u00e7\u00e3o: pessoas com defici\u00eancia (PCD); pessoas negras; ind\u00edgenas e quilombolas..<\/p>\n<p>A autodeclara\u00e7\u00e3o \u00e9 facultativa. Caso n\u00e3o opte pela reserva de vagas, o candidato ser\u00e1 submetido \u00e0s regras gerais do certame e disputar\u00e1 as vagas da ampla concorr\u00eancia.<\/p>\n<p>Outra novidade \u00e9 que haver\u00e1 equipara\u00e7\u00e3o entre g\u00eaneros dos candidatos, quando houver chamada para a segunda fase do processo seletivo.<\/p>\n<p>Com isso, o Minist\u00e9rio da Gest\u00e3o e da Inova\u00e7\u00e3o em Servi\u00e7os P\u00fablicos (MGI) anunciou segunda-feira (30) que ser\u00e1 chamado para a prova discursiva o mesmo n\u00famero de homens e de mulheres. A regra funciona tanto para ampla concorr\u00eancia quanto para as vagas destinadas \u00e0s cotas.<\/p>\n<h2 class=\"wp-block-heading\" id=\"h-blocos-tematicos\">Blocos tem\u00e1ticos<\/h2>\n<p>O CNU 2 ter\u00e1 nove blocos tem\u00e1ticos, sendo dois deles para cargos de n\u00edvel m\u00e9dio. Confira:<\/p>\n<ol class=\"wp-block-list\">\n<li>seguridade social: sa\u00fade, assist\u00eancia social e previd\u00eancia: 789 vagas;<\/li>\n<li>cultura e educa\u00e7\u00e3o: 130 vagas;<\/li>\n<li>ci\u00eancias, dados e tecnologia: 212 vagas;<\/li>\n<li>engenharias e arquitetura: 306 vagas;<\/li>\n<li>administra\u00e7\u00e3o: 1.171 vagas;<\/li>\n<li>desenvolvimento socioecon\u00f4mico: 286 vagas;<\/li>\n<li>justi\u00e7a e defesa: 250 vagas;<\/li>\n<li>intermedi\u00e1rio \u2013 sa\u00fade: 168 vagas;<\/li>\n<li>intermedi\u00e1rio \u2013 regula\u00e7\u00e3o: 340 vagas.<\/li>\n<\/ol>\n<h2 class=\"wp-block-heading\" id=\"h-cnu-2025\">CNU 2025<\/h2>\n<p><strong>Ao todo, o CNU 2025 vai selecionar 3.652 candidatos para 32 \u00f3rg\u00e3os da administra\u00e7\u00e3o p\u00fablica federal.<\/strong><\/p>\n<p>S\u00e3o 3.144 vagas de n\u00edvel superior, incluindo 1.172 para preenchimento a curto prazo e 508 de n\u00edvel intermedi\u00e1rio.<\/p>\n<p>As provas ser\u00e3o aplicadas em 228 munic\u00edpios, distribu\u00eddos em todas as 27 unidades federativas, com quest\u00f5es objetivas de conhecimentos gerais e espec\u00edficos e dissertativas, por \u00e1rea de atua\u00e7\u00e3o, nos nove blocos tem\u00e1ticos do certame.<\/p>\n<p>Do total das 3.652 vagas, 135 s\u00e3o para a Regi\u00e3o Norte, 165 para o Nordeste, 814 para o Sudeste, 54 para o Sul e 4 para o Centro-Oeste (exceto o Distrito Federal, que concentra 2.089 vagas por abrigar a maior parte dos \u00f3rg\u00e3os federais).<\/p>\n<p>Outras 391 vagas ser\u00e3o para diferentes regi\u00f5es, de acordo com o interesse da administra\u00e7\u00e3o p\u00fablica federal.<\/p>\n<p><strong>Mais informa\u00e7\u00f5es sobre o Concurso P\u00fablico Nacional Unificado 2 podem ser obtidas pelo telefone da FGV (0800 591 0452) e pelo e-mail cpnu2@fgv.br .<\/strong><\/p>\n<p><em>Siga o Acorda Cidade no<\/em><a href=\"https:\/\/news.google.com\/search?q=acorda%20cidade&amp;hl=pt-BR&amp;gl=BR&amp;ceid=BR%3Apt-419\"><strong><em>\u00a0Google Not\u00edcias<\/em><\/strong><\/a><em>\u00a0e receba os principais destaques do dia. Participe tamb\u00e9m dos nossos canais no\u00a0<\/em><a href=\"https:\/\/www.whatsapp.com\/channel\/0029Va6Rb4v3WHTNnsh8WI3N\"><strong><em>WhatsApp<\/em><\/strong><\/a><em>\u00a0e\u00a0<\/em><a href=\"https:\/\/www.youtube.com\/@acordacidadenoticias\/videos\"><strong>Youtube<\/strong><\/a><em>\u00a0e grupo de\u00a0<\/em><a href=\"https:\/\/t.me\/+sSz0khrgARA0ZmRh\"><strong><em>Telegram<\/em><\/strong><\/a><em>.<\/em><\/p>\n<\/div>\n","protected":false},"excerpt":{"rendered":"<div>\n<div>\n<figure><img decoding=\"async\" src=\"https:\/\/uploads.acordacidade.com.br\/2025\/07\/realizando-prova-cnu-vestibular.webp\" alt=\"prova - CNU\"><figcaption>Foto: Marcos Santos\/USP Imagens<\/figcaption><\/figure>\n<\/div>\n<p>Prazo \u00e9 v\u00e1lido tamb\u00e9m para quem quer isen\u00e7\u00e3o da taxa de inscri\u00e7\u00e3o<\/p><\/div>\n","protected":false},"author":1,"featured_media":91837,"comment_status":"closed","ping_status":"closed","sticky":false,"template":"","format":"gallery","meta":{"footnotes":""},"categories":[8,9,6,57,56,10],"tags":[],"class_list":["post-91836","post","type-post","status-publish","format-gallery","has-post-thumbnail","hentry","category-bahia","category-brasil","category-feira-de-santana","category-mundo","category-policia","category-politica","post_format-post-format-gallery"],"featured_image_urls":{"full":["https:\/\/noticiasbahia360.com.br\/wp-content\/uploads\/2025\/07\/realizando-prova-cnu-vestibular-1.webp",1200,718,false],"thumbnail":["https:\/\/noticiasbahia360.com.br\/wp-content\/uploads\/2025\/07\/realizando-prova-cnu-vestibular-1-150x150.webp",150,150,true],"medium":["https:\/\/noticiasbahia360.com.br\/wp-content\/uploads\/2025\/07\/realizando-prova-cnu-vestibular-1-300x180.webp",300,180,true],"medium_large":["https:\/\/noticiasbahia360.com.br\/wp-content\/uploads\/2025\/07\/realizando-prova-cnu-vestibular-1-768x460.webp",640,383,true],"large":["https:\/\/noticiasbahia360.com.br\/wp-content\/uploads\/2025\/07\/realizando-prova-cnu-vestibular-1-1024x613.webp",640,383,true],"1536x1536":["https:\/\/noticiasbahia360.com.br\/wp-content\/uploads\/2025\/07\/realizando-prova-cnu-vestibular-1.webp",1200,718,false],"2048x2048":["https:\/\/noticiasbahia360.com.br\/wp-content\/uploads\/2025\/07\/realizando-prova-cnu-vestibular-1.webp",1200,718,false],"chromenews-featured":["https:\/\/noticiasbahia360.com.br\/wp-content\/uploads\/2025\/07\/realizando-prova-cnu-vestibular-1-1024x613.webp",1024,613,true],"chromenews-large":["https:\/\/noticiasbahia360.com.br\/wp-content\/uploads\/2025\/07\/realizando-prova-cnu-vestibular-1-825x575.webp",825,575,true],"chromenews-medium":["https:\/\/noticiasbahia360.com.br\/wp-content\/uploads\/2025\/07\/realizando-prova-cnu-vestibular-1-590x410.webp",590,410,true]},"author_info":{"display_name":"noticiasbahia360.com.br","author_link":"https:\/\/noticiasbahia360.com.br\/?author=1"},"category_info":"<a href=\"https:\/\/noticiasbahia360.com.br\/?cat=8\" rel=\"category\">Bahia<\/a> <a href=\"https:\/\/noticiasbahia360.com.br\/?cat=9\" rel=\"category\">Brasil<\/a> <a href=\"https:\/\/noticiasbahia360.com.br\/?cat=6\" rel=\"category\">Feira de Santana<\/a> <a href=\"https:\/\/noticiasbahia360.com.br\/?cat=57\" rel=\"category\">Mundo<\/a> <a href=\"https:\/\/noticiasbahia360.com.br\/?cat=56\" rel=\"category\">Pol\u00edcia<\/a> <a href=\"https:\/\/noticiasbahia360.com.br\/?cat=10\" rel=\"category\">Pol\u00edtica<\/a>","tag_info":"Pol\u00edtica","comment_count":"0","_links":{"self":[{"href":"https:\/\/noticiasbahia360.com.br\/index.php?rest_route=\/wp\/v2\/posts\/91836","targetHints":{"allow":["GET"]}}],"collection":[{"href":"https:\/\/noticiasbahia360.com.br\/index.php?rest_route=\/wp\/v2\/posts"}],"about":[{"href":"https:\/\/noticiasbahia360.com.br\/index.php?rest_route=\/wp\/v2\/types\/post"}],"author":[{"embeddable":true,"href":"https:\/\/noticiasbahia360.com.br\/index.php?rest_route=\/wp\/v2\/users\/1"}],"replies":[{"embeddable":true,"href":"https:\/\/noticiasbahia360.com.br\/index.php?rest_route=%2Fwp%2Fv2%2Fcomments&post=91836"}],"version-history":[{"count":0,"href":"https:\/\/noticiasbahia360.com.br\/index.php?rest_route=\/wp\/v2\/posts\/91836\/revisions"}],"wp:featuredmedia":[{"embeddable":true,"href":"https:\/\/noticiasbahia360.com.br\/index.php?rest_route=\/wp\/v2\/media\/91837"}],"wp:attachment":[{"href":"https:\/\/noticiasbahia360.com.br\/index.php?rest_route=%2Fwp%2Fv2%2Fmedia&parent=91836"}],"wp:term":[{"taxonomy":"category","embeddable":true,"href":"https:\/\/noticiasbahia360.com.br\/index.php?rest_route=%2Fwp%2Fv2%2Fcategories&post=91836"},{"taxonomy":"post_tag","embeddable":true,"href":"https:\/\/noticiasbahia360.com.br\/index.php?rest_route=%2Fwp%2Fv2%2Ftags&post=91836"}],"curies":[{"name":"wp","href":"https:\/\/api.w.org\/{rel}","templated":true}]}}