{"id":91840,"date":"2025-07-02T13:30:43","date_gmt":"2025-07-02T16:30:43","guid":{"rendered":"https:\/\/noticiasbahia360.com.br\/?p=91840"},"modified":"2025-07-02T13:30:43","modified_gmt":"2025-07-02T16:30:43","slug":"lula-diz-que-motta-descumpriu-acordo-e-derrubada-do-iof-foi-absurda","status":"publish","type":"post","link":"https:\/\/noticiasbahia360.com.br\/?p=91840","title":{"rendered":"Lula diz que Motta descumpriu acordo e derrubada do IOF foi absurda"},"content":{"rendered":"<div>\n<div>\n<figure><img decoding=\"async\" src=\"http:\/\/noticiasbahia360.com.br\/wp-content\/uploads\/2025\/07\/Lula-IOF.jpg\" alt=\"Lula IOF\"><figcaption>Foto: Reprodu\u00e7\u00e3o\/TV Bahia<\/figcaption><\/figure>\n<\/div>\n<p>O presidente Luiz In\u00e1cio Lula da Silva afirmou nesta quarta-feira (2), que os interesses de poucos grupos econ\u00f4micos prevalecem no <a href=\"https:\/\/www.acordacidade.com.br\/tag\/congresso-nacional\/\">Congresso Nacional<\/a>, em detrimento do conjunto da popula\u00e7\u00e3o brasileira. Lula defendeu a decis\u00e3o do governo de recorrer \u00e0 Justi\u00e7a contra a derrubada, pelo parlamento, do decreto que aumentou al\u00edquotas do Imposto sobre Opera\u00e7\u00f5es Financeiras (IOF).<\/p>\n<p>\u201cSe eu n\u00e3o entrar com um recurso no Poder Judici\u00e1rio, se eu n\u00e3o for \u00e0 Suprema Corte, ou seja, eu n\u00e3o governo mais o pa\u00eds. Esse \u00e9 o problema. Cada macaco no seu galho. Ele [Congresso] legisla, e eu governo\u201d, disse em entrevista \u00e0 TV Bahia, em <a href=\"https:\/\/www.acordacidade.com.br\/bahia\/salvador\/\">Salvador <\/a>(BA).<\/p>\n<p>\u201cN\u00f3s n\u00e3o estamos propondo aumento de <a href=\"https:\/\/www.acordacidade.com.br\/tag\/imposto\/\">imposto<\/a>, n\u00f3s estamos fazendo um ajuste tribut\u00e1rio nesse pa\u00eds para que os mais ricos paguem um pouco para que a gente n\u00e3o precise cortar dinheiro da <a href=\"https:\/\/www.acordacidade.com.br\/tag\/educacao-3\/\">Educa\u00e7\u00e3o <\/a>e da Sa\u00fade. Houve uma press\u00e3o das bets, das fintechs, eu n\u00e3o sei se houve press\u00e3o do sistema financeiro. O dado concreto \u00e9 que os interesses de poucos prevaleceram dentro da C\u00e2mara e do Senado, o que eu acho um absurdo\u201d, acrescentou.<\/p>\n<p>Lula afirmou que, ao pautar a derrubada do decreto do IOF, o presidente da C\u00e2mara, Hugo Motta, descumpriu um acordo que havia sido feito com o Executivo, sobre medidas compensat\u00f3rias. A decis\u00e3o foi anunciada por Motta horas antes da vota\u00e7\u00e3o, em postagem nas <a href=\"https:\/\/www.acordacidade.com.br\/tag\/redes-sociais\/\">redes sociais<\/a>, na semana passada.<\/p>\n<p>Para o presidente Lula, essa decis\u00e3o foi absurda; ainda assim, ele afirma que n\u00e3o h\u00e1 rivalidade com o Congresso. \u201cO presidente da Rep\u00fablica n\u00e3o rompe com o Congresso, o presidente da Rep\u00fablica reconhece o papel que o Congresso tem. Eles t\u00eam os seus direitos, eu tenho os meus direitos. Nem eu me meto no direito deles nem eles se metem no meu direito. E, quando os dois n\u00e3o se entenderem, a Justi\u00e7a resolve\u201d, disse.<\/p>\n<p>\u201cO presidente da Rep\u00fablica tem que governar o pa\u00eds e decreto \u00e9 uma coisa do presidente da Rep\u00fablica. Voc\u00ea pode ter um decreto legislativo quando voc\u00ea tem alguma coisa que fira muito a Constitui\u00e7\u00e3o, o que n\u00e3o \u00e9 o caso. O governo brasileiro tem o direito de propor IOF, sim\u201d, defendeu na entrevista.<\/p>\n<p>Lula est\u00e1 em Salvador, onde cumpre agenda de celebra\u00e7\u00e3o da Independ\u00eancia do Brasil na Bahia. De l\u00e1, ainda hoje, ele viajar\u00e1 a Buenos Aires, para participar da C\u00fapula do Mercosul, que ocorre nesta quinta-feira (3). Na sequ\u00eancia, o presidente segue para o Rio de Janeiro, onde preside a C\u00fapula do Brics.<\/p>\n<p>\u201cQuando eu voltar, eu, tranquilamente, vou conversar com o Hugo, com o [presidente do Senado] Davi Alcolumbre e vamos voltar \u00e0 normalidade pol\u00edtica nesse pa\u00eds\u201d, destacou.<\/p>\n<p>Nessa ter\u00e7a-feira (1\u00ba), a Advocacia-Geral da Uni\u00e3o (AGU) protocolou a\u00e7\u00e3o declarat\u00f3ria de constitucionalidade junto ao Supremo Tribunal Federal (STF), a pedido do presidente Lula e com base em estudo t\u00e9cnico e jur\u00eddico solicitado ao \u00f3rg\u00e3o na semana passada. O relator do caso ser\u00e1 o ministro Alexandre de Moraes.<\/p>\n<p><em>Siga o Acorda Cidade no<\/em><a href=\"https:\/\/news.google.com\/search?q=acorda%20cidade&amp;hl=pt-BR&amp;gl=BR&amp;ceid=BR%3Apt-419\"><strong><em>\u00a0Google Not\u00edcias<\/em><\/strong><\/a><em>\u00a0e receba os principais destaques do dia. Participe tamb\u00e9m dos nossos canais no\u00a0<\/em><a href=\"https:\/\/www.whatsapp.com\/channel\/0029Va6Rb4v3WHTNnsh8WI3N\"><strong><em>WhatsApp<\/em><\/strong><\/a><em>\u00a0e\u00a0<\/em><a href=\"https:\/\/www.youtube.com\/@acordacidadenoticias\/videos\"><strong>Youtube<\/strong><\/a><em>\u00a0e grupo de\u00a0<\/em><a href=\"https:\/\/t.me\/+sSz0khrgARA0ZmRh\"><strong><em>Telegram<\/em><\/strong><\/a><em>.<\/em><\/p>\n<\/div>\n","protected":false},"excerpt":{"rendered":"<div>\n<div>\n<figure><img decoding=\"async\" src=\"https:\/\/uploads.acordacidade.com.br\/2025\/07\/Lula-IOF.jpg\" alt=\"Lula IOF\"><figcaption>Foto: Reprodu\u00e7\u00e3o\/TV Bahia<\/figcaption><\/figure>\n<\/div>\n<p>\u201cInteresses de poucos prevalecem no Congresso\u201d, afirmou presidente<\/p><\/div>\n","protected":false},"author":1,"featured_media":91841,"comment_status":"closed","ping_status":"closed","sticky":false,"template":"","format":"gallery","meta":{"footnotes":""},"categories":[8,9,6,57,56,10],"tags":[],"class_list":["post-91840","post","type-post","status-publish","format-gallery","has-post-thumbnail","hentry","category-bahia","category-brasil","category-feira-de-santana","category-mundo","category-policia","category-politica","post_format-post-format-gallery"],"featured_image_urls":{"full":["https:\/\/noticiasbahia360.com.br\/wp-content\/uploads\/2025\/07\/Lula-IOF.jpg",1200,689,false],"thumbnail":["https:\/\/noticiasbahia360.com.br\/wp-content\/uploads\/2025\/07\/Lula-IOF-150x150.jpg",150,150,true],"medium":["https:\/\/noticiasbahia360.com.br\/wp-content\/uploads\/2025\/07\/Lula-IOF-300x172.jpg",300,172,true],"medium_large":["https:\/\/noticiasbahia360.com.br\/wp-content\/uploads\/2025\/07\/Lula-IOF-768x441.jpg",640,368,true],"large":["https:\/\/noticiasbahia360.com.br\/wp-content\/uploads\/2025\/07\/Lula-IOF-1024x588.jpg",640,368,true],"1536x1536":["https:\/\/noticiasbahia360.com.br\/wp-content\/uploads\/2025\/07\/Lula-IOF.jpg",1200,689,false],"2048x2048":["https:\/\/noticiasbahia360.com.br\/wp-content\/uploads\/2025\/07\/Lula-IOF.jpg",1200,689,false],"chromenews-featured":["https:\/\/noticiasbahia360.com.br\/wp-content\/uploads\/2025\/07\/Lula-IOF-1024x588.jpg",1024,588,true],"chromenews-large":["https:\/\/noticiasbahia360.com.br\/wp-content\/uploads\/2025\/07\/Lula-IOF-825x575.jpg",825,575,true],"chromenews-medium":["https:\/\/noticiasbahia360.com.br\/wp-content\/uploads\/2025\/07\/Lula-IOF-590x410.jpg",590,410,true]},"author_info":{"display_name":"noticiasbahia360.com.br","author_link":"https:\/\/noticiasbahia360.com.br\/?author=1"},"category_info":"<a href=\"https:\/\/noticiasbahia360.com.br\/?cat=8\" rel=\"category\">Bahia<\/a> <a href=\"https:\/\/noticiasbahia360.com.br\/?cat=9\" rel=\"category\">Brasil<\/a> <a href=\"https:\/\/noticiasbahia360.com.br\/?cat=6\" rel=\"category\">Feira de Santana<\/a> <a href=\"https:\/\/noticiasbahia360.com.br\/?cat=57\" rel=\"category\">Mundo<\/a> <a href=\"https:\/\/noticiasbahia360.com.br\/?cat=56\" rel=\"category\">Pol\u00edcia<\/a> <a href=\"https:\/\/noticiasbahia360.com.br\/?cat=10\" rel=\"category\">Pol\u00edtica<\/a>","tag_info":"Pol\u00edtica","comment_count":"0","_links":{"self":[{"href":"https:\/\/noticiasbahia360.com.br\/index.php?rest_route=\/wp\/v2\/posts\/91840","targetHints":{"allow":["GET"]}}],"collection":[{"href":"https:\/\/noticiasbahia360.com.br\/index.php?rest_route=\/wp\/v2\/posts"}],"about":[{"href":"https:\/\/noticiasbahia360.com.br\/index.php?rest_route=\/wp\/v2\/types\/post"}],"author":[{"embeddable":true,"href":"https:\/\/noticiasbahia360.com.br\/index.php?rest_route=\/wp\/v2\/users\/1"}],"replies":[{"embeddable":true,"href":"https:\/\/noticiasbahia360.com.br\/index.php?rest_route=%2Fwp%2Fv2%2Fcomments&post=91840"}],"version-history":[{"count":0,"href":"https:\/\/noticiasbahia360.com.br\/index.php?rest_route=\/wp\/v2\/posts\/91840\/revisions"}],"wp:featuredmedia":[{"embeddable":true,"href":"https:\/\/noticiasbahia360.com.br\/index.php?rest_route=\/wp\/v2\/media\/91841"}],"wp:attachment":[{"href":"https:\/\/noticiasbahia360.com.br\/index.php?rest_route=%2Fwp%2Fv2%2Fmedia&parent=91840"}],"wp:term":[{"taxonomy":"category","embeddable":true,"href":"https:\/\/noticiasbahia360.com.br\/index.php?rest_route=%2Fwp%2Fv2%2Fcategories&post=91840"},{"taxonomy":"post_tag","embeddable":true,"href":"https:\/\/noticiasbahia360.com.br\/index.php?rest_route=%2Fwp%2Fv2%2Ftags&post=91840"}],"curies":[{"name":"wp","href":"https:\/\/api.w.org\/{rel}","templated":true}]}}