{"id":91842,"date":"2025-07-02T13:35:10","date_gmt":"2025-07-02T16:35:10","guid":{"rendered":"https:\/\/noticiasbahia360.com.br\/?p=91842"},"modified":"2025-07-02T13:35:10","modified_gmt":"2025-07-02T16:35:10","slug":"policia-civil-do-rio-de-janeiro-faz-nova-necropsia-em-juliana-marins","status":"publish","type":"post","link":"https:\/\/noticiasbahia360.com.br\/?p=91842","title":{"rendered":"Pol\u00edcia Civil do Rio de Janeiro faz nova necropsia em Juliana Marins"},"content":{"rendered":"<div>\n<div>\n<figure><img decoding=\"async\" src=\"http:\/\/noticiasbahia360.com.br\/wp-content\/uploads\/2025\/07\/Juliana-Marins-270625.jpg\" alt=\"Juliana Marins\"><figcaption>Foto: Reprodu\u00e7\u00e3o\/ Redes Sociais <\/figcaption><\/figure>\n<\/div>\n<p>Ag\u00eancia Brasil \u2013 A Pol\u00edcia Civil do <a href=\"https:\/\/www.acordacidade.com.br\/tag\/rio-de-janeiro\/\">Rio de Janeiro<\/a> fez, na manh\u00e3 desta quarta-feira (2), uma nova necropsia no corpo de Juliana Marins, turista brasileira que morreu depois de se acidentar durante uma trilha na Indon\u00e9sia, no fim de junho. O exame come\u00e7ou \u00e0s 8h30 e durou cerca de 2 horas, no Instituto M\u00e9dico Legal Afr\u00e2nio Peixoto (IMLAP).<\/p>\n<p>A necropsia, realizada por dois peritos legistas da <a href=\"https:\/\/www.acordacidade.com.br\/tag\/policia-civil\/\">Pol\u00edcia Civil<\/a>, foi acompanhada por um perito m\u00e9dico da Pol\u00edcia Federal e por um assistente t\u00e9cnico representante da fam\u00edlia. <strong>O resultado preliminar ser\u00e1 divulgado em at\u00e9 7 dias. O corpo foi liberado para retirada do instituto pelos familiares.<\/strong><\/p>\n<p>O novo exame foi solicitado pela fam\u00edlia de Juliana, que questiona as conclus\u00f5es do laudo apresentado por legistas indon\u00e9sios. Segundo a equipe que necropsiou Juliana na Indon\u00e9sia, a brasileira morreu de hemorragia decorrente de les\u00f5es em \u00f3rg\u00e3os internos que, por sua vez, foram provocadas por trauma contundente.<\/p>\n<p>Segundo a per\u00edcia indon\u00e9sia, Juliana demorou menos de 20 minutos para morrer, depois do in\u00edcio da hemorragia, e a morte ocorreu entre 12 horas e 24 horas antes de o corpo chegar ao frigor\u00edfico do hospital.<\/p>\n<p>Juliana Marins caiu na cratera do Rinjani, um vulc\u00e3o, na manh\u00e3 de s\u00e1bado (21). Na segunda-feira (23), a brasileira foi localizada por meio de um drone t\u00e9rmico, mostrando que ela ainda estava viva naquele momento ou pelo menos algumas horas antes.<\/p>\n<p>As equipes de resgate s\u00f3 conseguiram chegar at\u00e9 a jovem na ter\u00e7a-feira (24), mas ela j\u00e1 havia morrido. O resgate do corpo ocorreu na quarta-feira (25).<\/p>\n<p>O corpo da brasileira desembarcou no Aeroporto Internacional de Guarulhos, em S\u00e3o Paulo, na ter\u00e7a-feira (1\u00ba), em um voo comercial. De l\u00e1, foi transportado para a Base A\u00e9rea do Rio de Janeiro em um avi\u00e3o da For\u00e7a A\u00e9rea Brasileira (FAB).<\/p>\n<p><em>Siga o Acorda Cidade no<\/em><a href=\"https:\/\/news.google.com\/search?q=acorda%20cidade&amp;hl=pt-BR&amp;gl=BR&amp;ceid=BR%3Apt-419\"><strong><em>\u00a0Google Not\u00edcias<\/em><\/strong><\/a><em>\u00a0e receba os principais destaques do dia. Participe tamb\u00e9m dos nossos canais no\u00a0<\/em><a href=\"https:\/\/www.whatsapp.com\/channel\/0029Va6Rb4v3WHTNnsh8WI3N\"><strong><em>WhatsApp<\/em><\/strong><\/a><em>\u00a0e\u00a0<\/em><a href=\"https:\/\/www.youtube.com\/@acordacidadenoticias\/videos\"><strong>Youtube<\/strong><\/a><em>\u00a0e grupo de\u00a0<\/em><a href=\"https:\/\/t.me\/+sSz0khrgARA0ZmRh\"><strong><em>Telegram<\/em><\/strong><\/a><em>.<\/em><\/p>\n<\/div>\n","protected":false},"excerpt":{"rendered":"<div>\n<div>\n<figure><img decoding=\"async\" src=\"https:\/\/uploads.acordacidade.com.br\/2025\/06\/Juliana-Marins-270625.jpg\" alt=\"Juliana Marins\"><figcaption>Foto: Reprodu\u00e7\u00e3o\/ Redes Sociais <\/figcaption><\/figure>\n<\/div>\n<p>Laudo preliminar ser\u00e1 divulgado em uma semana<\/p><\/div>\n","protected":false},"author":1,"featured_media":91843,"comment_status":"closed","ping_status":"closed","sticky":false,"template":"","format":"gallery","meta":{"footnotes":""},"categories":[8,9,6,57,56,10],"tags":[],"class_list":["post-91842","post","type-post","status-publish","format-gallery","has-post-thumbnail","hentry","category-bahia","category-brasil","category-feira-de-santana","category-mundo","category-policia","category-politica","post_format-post-format-gallery"],"featured_image_urls":{"full":["https:\/\/noticiasbahia360.com.br\/wp-content\/uploads\/2025\/07\/Juliana-Marins-270625.jpg",1200,718,false],"thumbnail":["https:\/\/noticiasbahia360.com.br\/wp-content\/uploads\/2025\/07\/Juliana-Marins-270625-150x150.jpg",150,150,true],"medium":["https:\/\/noticiasbahia360.com.br\/wp-content\/uploads\/2025\/07\/Juliana-Marins-270625-300x180.jpg",300,180,true],"medium_large":["https:\/\/noticiasbahia360.com.br\/wp-content\/uploads\/2025\/07\/Juliana-Marins-270625-768x460.jpg",640,383,true],"large":["https:\/\/noticiasbahia360.com.br\/wp-content\/uploads\/2025\/07\/Juliana-Marins-270625-1024x613.jpg",640,383,true],"1536x1536":["https:\/\/noticiasbahia360.com.br\/wp-content\/uploads\/2025\/07\/Juliana-Marins-270625.jpg",1200,718,false],"2048x2048":["https:\/\/noticiasbahia360.com.br\/wp-content\/uploads\/2025\/07\/Juliana-Marins-270625.jpg",1200,718,false],"chromenews-featured":["https:\/\/noticiasbahia360.com.br\/wp-content\/uploads\/2025\/07\/Juliana-Marins-270625-1024x613.jpg",1024,613,true],"chromenews-large":["https:\/\/noticiasbahia360.com.br\/wp-content\/uploads\/2025\/07\/Juliana-Marins-270625-825x575.jpg",825,575,true],"chromenews-medium":["https:\/\/noticiasbahia360.com.br\/wp-content\/uploads\/2025\/07\/Juliana-Marins-270625-590x410.jpg",590,410,true]},"author_info":{"display_name":"noticiasbahia360.com.br","author_link":"https:\/\/noticiasbahia360.com.br\/?author=1"},"category_info":"<a href=\"https:\/\/noticiasbahia360.com.br\/?cat=8\" rel=\"category\">Bahia<\/a> <a href=\"https:\/\/noticiasbahia360.com.br\/?cat=9\" rel=\"category\">Brasil<\/a> <a href=\"https:\/\/noticiasbahia360.com.br\/?cat=6\" rel=\"category\">Feira de Santana<\/a> <a href=\"https:\/\/noticiasbahia360.com.br\/?cat=57\" rel=\"category\">Mundo<\/a> <a href=\"https:\/\/noticiasbahia360.com.br\/?cat=56\" rel=\"category\">Pol\u00edcia<\/a> <a href=\"https:\/\/noticiasbahia360.com.br\/?cat=10\" rel=\"category\">Pol\u00edtica<\/a>","tag_info":"Pol\u00edtica","comment_count":"0","_links":{"self":[{"href":"https:\/\/noticiasbahia360.com.br\/index.php?rest_route=\/wp\/v2\/posts\/91842","targetHints":{"allow":["GET"]}}],"collection":[{"href":"https:\/\/noticiasbahia360.com.br\/index.php?rest_route=\/wp\/v2\/posts"}],"about":[{"href":"https:\/\/noticiasbahia360.com.br\/index.php?rest_route=\/wp\/v2\/types\/post"}],"author":[{"embeddable":true,"href":"https:\/\/noticiasbahia360.com.br\/index.php?rest_route=\/wp\/v2\/users\/1"}],"replies":[{"embeddable":true,"href":"https:\/\/noticiasbahia360.com.br\/index.php?rest_route=%2Fwp%2Fv2%2Fcomments&post=91842"}],"version-history":[{"count":0,"href":"https:\/\/noticiasbahia360.com.br\/index.php?rest_route=\/wp\/v2\/posts\/91842\/revisions"}],"wp:featuredmedia":[{"embeddable":true,"href":"https:\/\/noticiasbahia360.com.br\/index.php?rest_route=\/wp\/v2\/media\/91843"}],"wp:attachment":[{"href":"https:\/\/noticiasbahia360.com.br\/index.php?rest_route=%2Fwp%2Fv2%2Fmedia&parent=91842"}],"wp:term":[{"taxonomy":"category","embeddable":true,"href":"https:\/\/noticiasbahia360.com.br\/index.php?rest_route=%2Fwp%2Fv2%2Fcategories&post=91842"},{"taxonomy":"post_tag","embeddable":true,"href":"https:\/\/noticiasbahia360.com.br\/index.php?rest_route=%2Fwp%2Fv2%2Ftags&post=91842"}],"curies":[{"name":"wp","href":"https:\/\/api.w.org\/{rel}","templated":true}]}} 