{"id":91844,"date":"2025-07-02T13:42:56","date_gmt":"2025-07-02T16:42:56","guid":{"rendered":"https:\/\/noticiasbahia360.com.br\/?p=91844"},"modified":"2025-07-02T13:42:56","modified_gmt":"2025-07-02T16:42:56","slug":"rui-costa-comemora-nacionalizacao-do-2-de-julho-e-bate-o-martelo-sobre-futuro-politico-vou-pro-senado","status":"publish","type":"post","link":"https:\/\/noticiasbahia360.com.br\/?p=91844","title":{"rendered":"Rui Costa comemora nacionaliza\u00e7\u00e3o do 2 de Julho e bate o martelo sobre futuro pol\u00edtico: \u201cVou pro Senado\u201d"},"content":{"rendered":"<div>\n<div>\n<figure><img decoding=\"async\" src=\"http:\/\/noticiasbahia360.com.br\/wp-content\/uploads\/2025\/07\/Rui-Costa-2-de-julho.jpg\" alt=\"Rui Costa 2 de julho\"><figcaption>Foto: Leonardo Almeida \/ Bahia Not\u00edcias<br \/>\n<\/figcaption><\/figure>\n<\/div>\n<p>O ministro da Casa Civil Rui Costa ser\u00e1 candidato ao <a href=\"https:\/\/www.acordacidade.com.br\/tag\/senado\/\">Senado<\/a>, em 2026. Pelo menos se depender de sua vontade, o petista estar\u00e1 na chapa majorit\u00e1ria no qual o governador Jer\u00f4nimo Rodrigues (PT) ir\u00e1 disputar a reelei\u00e7\u00e3o. Durante sua passagem no cortejo de comemora\u00e7\u00e3o ao Dois de Julho, Rui garantiu que estar\u00e1 na disputa.<\/p>\n<p>Apesar disso, o ministro preferiu n\u00e3o comentar cr\u00edticas \u00e0 forma\u00e7\u00e3o da chapa governista, feitas pela oposi\u00e7\u00e3o. Caso confirmada a expectativa, a chapa majorit\u00e1ria de Jer\u00f4nimo ser\u00e1 formada tamb\u00e9m pelo senador <a href=\"https:\/\/www.acordacidade.com.br\/tag\/jaques-wagner\/\">Jaques Wagner<\/a> como candidato \u00e0 reelei\u00e7\u00e3o \u2013 numa forma\u00e7\u00e3o \u201cpuro-sangue\u201d petista. \u201cN\u00e3o comento declara\u00e7\u00e3o deles, n\u00e3o. Eles t\u00eam que organizar a chapa deles, a gente organiza a nossa\u201d, disse.<\/p>\n<p>Rui Costa tamb\u00e9m ressaltou a nacionaliza\u00e7\u00e3o das comemora\u00e7\u00f5es na Bahia. \u201cHoje \u00e9 uma data simb\u00f3lica. Muito feliz com a decis\u00e3o do presidente Lula de enviar o projeto de lei, pois com isso, a gente garante que a festa que j\u00e1 \u00e9 comemorada pelo povo da Bahia seja reconhecida no pa\u00eds inteiro. Como a data mais relevante, depois do grito do Ipiranga\u201d, completou.<\/p>\n<p>Fonte: <a href=\"https:\/\/www.bahianoticias.com.br\/noticia\/306162-rui-costa-comemora-nacionalizacao-do-2-de-julho-e-bate-o-martelo-sobre-futuro-politico-vou-pro-senado\" target=\"_blank\" rel=\"noreferrer noopener\">Bahia Not\u00edcias<\/a>, site parceiro do Acorda Cidade<\/p>\n<p><em>Siga o Acorda Cidade no<\/em><a href=\"https:\/\/news.google.com\/search?q=acorda%20cidade&amp;hl=pt-BR&amp;gl=BR&amp;ceid=BR%3Apt-419\"><strong><em>\u00a0Google Not\u00edcias<\/em><\/strong><\/a><em>\u00a0e receba os principais destaques do dia. Participe tamb\u00e9m dos nossos canais no\u00a0<\/em><a href=\"https:\/\/www.whatsapp.com\/channel\/0029Va6Rb4v3WHTNnsh8WI3N\"><strong><em>WhatsApp<\/em><\/strong><\/a><em>\u00a0e\u00a0<\/em><a href=\"https:\/\/www.youtube.com\/@acordacidadenoticias\/videos\"><strong>YouTube<\/strong><\/a><em>\u00a0e grupo de\u00a0<\/em><a href=\"https:\/\/t.me\/+sSz0khrgARA0ZmRh\"><strong><em>Telegram<\/em><\/strong><\/a><em>.<\/em><\/p>\n<\/div>\n","protected":false},"excerpt":{"rendered":"<div>\n<div>\n<figure><img decoding=\"async\" src=\"https:\/\/uploads.acordacidade.com.br\/2025\/07\/Rui-Costa-2-de-julho.jpg\" alt=\"Rui Costa 2 de julho\"><figcaption>Foto: Leonardo Almeida \/ Bahia Not\u00edcias<br \/>\n<\/figcaption><\/figure>\n<\/div>\n<p>Durante sua passagem no cortejo de comemora\u00e7\u00e3o ao Dois de Julho, Rui garantiu que estar\u00e1 na disputa.<\/p><\/div>\n","protected":false},"author":1,"featured_media":91845,"comment_status":"closed","ping_status":"closed","sticky":false,"template":"","format":"gallery","meta":{"footnotes":""},"categories":[8,9,6,57,56,10],"tags":[],"class_list":["post-91844","post","type-post","status-publish","format-gallery","has-post-thumbnail","hentry","category-bahia","category-brasil","category-feira-de-santana","category-mundo","category-policia","category-politica","post_format-post-format-gallery"],"featured_image_urls":{"full":["https:\/\/noticiasbahia360.com.br\/wp-content\/uploads\/2025\/07\/Rui-Costa-2-de-julho.jpg",1200,820,false],"thumbnail":["https:\/\/noticiasbahia360.com.br\/wp-content\/uploads\/2025\/07\/Rui-Costa-2-de-julho-150x150.jpg",150,150,true],"medium":["https:\/\/noticiasbahia360.com.br\/wp-content\/uploads\/2025\/07\/Rui-Costa-2-de-julho-300x205.jpg",300,205,true],"medium_large":["https:\/\/noticiasbahia360.com.br\/wp-content\/uploads\/2025\/07\/Rui-Costa-2-de-julho-768x525.jpg",640,438,true],"large":["https:\/\/noticiasbahia360.com.br\/wp-content\/uploads\/2025\/07\/Rui-Costa-2-de-julho-1024x700.jpg",640,438,true],"1536x1536":["https:\/\/noticiasbahia360.com.br\/wp-content\/uploads\/2025\/07\/Rui-Costa-2-de-julho.jpg",1200,820,false],"2048x2048":["https:\/\/noticiasbahia360.com.br\/wp-content\/uploads\/2025\/07\/Rui-Costa-2-de-julho.jpg",1200,820,false],"chromenews-featured":["https:\/\/noticiasbahia360.com.br\/wp-content\/uploads\/2025\/07\/Rui-Costa-2-de-julho-1024x700.jpg",1024,700,true],"chromenews-large":["https:\/\/noticiasbahia360.com.br\/wp-content\/uploads\/2025\/07\/Rui-Costa-2-de-julho-825x575.jpg",825,575,true],"chromenews-medium":["https:\/\/noticiasbahia360.com.br\/wp-content\/uploads\/2025\/07\/Rui-Costa-2-de-julho-590x410.jpg",590,410,true]},"author_info":{"display_name":"noticiasbahia360.com.br","author_link":"https:\/\/noticiasbahia360.com.br\/?author=1"},"category_info":"<a href=\"https:\/\/noticiasbahia360.com.br\/?cat=8\" rel=\"category\">Bahia<\/a> <a href=\"https:\/\/noticiasbahia360.com.br\/?cat=9\" rel=\"category\">Brasil<\/a> <a href=\"https:\/\/noticiasbahia360.com.br\/?cat=6\" rel=\"category\">Feira de Santana<\/a> <a href=\"https:\/\/noticiasbahia360.com.br\/?cat=57\" rel=\"category\">Mundo<\/a> <a href=\"https:\/\/noticiasbahia360.com.br\/?cat=56\" rel=\"category\">Pol\u00edcia<\/a> <a href=\"https:\/\/noticiasbahia360.com.br\/?cat=10\" rel=\"category\">Pol\u00edtica<\/a>","tag_info":"Pol\u00edtica","comment_count":"0","_links":{"self":[{"href":"https:\/\/noticiasbahia360.com.br\/index.php?rest_route=\/wp\/v2\/posts\/91844","targetHints":{"allow":["GET"]}}],"collection":[{"href":"https:\/\/noticiasbahia360.com.br\/index.php?rest_route=\/wp\/v2\/posts"}],"about":[{"href":"https:\/\/noticiasbahia360.com.br\/index.php?rest_route=\/wp\/v2\/types\/post"}],"author":[{"embeddable":true,"href":"https:\/\/noticiasbahia360.com.br\/index.php?rest_route=\/wp\/v2\/users\/1"}],"replies":[{"embeddable":true,"href":"https:\/\/noticiasbahia360.com.br\/index.php?rest_route=%2Fwp%2Fv2%2Fcomments&post=91844"}],"version-history":[{"count":0,"href":"https:\/\/noticiasbahia360.com.br\/index.php?rest_route=\/wp\/v2\/posts\/91844\/revisions"}],"wp:featuredmedia":[{"embeddable":true,"href":"https:\/\/noticiasbahia360.com.br\/index.php?rest_route=\/wp\/v2\/media\/91845"}],"wp:attachment":[{"href":"https:\/\/noticiasbahia360.com.br\/index.php?rest_route=%2Fwp%2Fv2%2Fmedia&parent=91844"}],"wp:term":[{"taxonomy":"category","embeddable":true,"href":"https:\/\/noticiasbahia360.com.br\/index.php?rest_route=%2Fwp%2Fv2%2Fcategories&post=91844"},{"taxonomy":"post_tag","embeddable":true,"href":"https:\/\/noticiasbahia360.com.br\/index.php?rest_route=%2Fwp%2Fv2%2Ftags&post=91844"}],"curies":[{"name":"wp","href":"https:\/\/api.w.org\/{rel}","templated":true}]}}