{"id":91846,"date":"2025-07-02T13:46:49","date_gmt":"2025-07-02T16:46:49","guid":{"rendered":"https:\/\/noticiasbahia360.com.br\/?p=91846"},"modified":"2025-07-02T13:46:49","modified_gmt":"2025-07-02T16:46:49","slug":"distrito-de-maria-quiteria-comemora-independencia-da-bahia-com-atividades-civicas-e-culturais","status":"publish","type":"post","link":"https:\/\/noticiasbahia360.com.br\/?p=91846","title":{"rendered":"Distrito de Maria Quit\u00e9ria comemora Independ\u00eancia da Bahia com atividades c\u00edvicas e culturais"},"content":{"rendered":"<div>\n<div>\n<figure><img decoding=\"async\" src=\"http:\/\/noticiasbahia360.com.br\/wp-content\/uploads\/2025\/07\/Distrito-de-Maria-Quiteria-celebra-2-de-Julho-com-programacao-especial-e-desfile-historico5.jpg\" alt=\"Distrito de Maria Quit\u00e9ria celebra 2 de Julho com programa\u00e7\u00e3o especial e desfile hist\u00f3rico\"><figcaption>Foto: Ed Santos\/Acorda Cidade<\/figcaption><\/figure>\n<\/div>\n<p>Em comemora\u00e7\u00e3o \u00e0 Independ\u00eancia do Brasil na Bahia, nesta quarta-feira, <a href=\"https:\/\/www.acordacidade.com.br\/tag\/2-de-julho\/\">2 de julho<\/a>, o distrito de Maria Quit\u00e9ria, em <a href=\"https:\/\/www.acordacidade.com.br\/feira-de-santana\/\">Feira de Santana<\/a>, local de nascimento da hero\u00edna Maria Quit\u00e9ria de Jesus, contou com uma programa\u00e7\u00e3o especial em celebra\u00e7\u00e3o \u00e0 data. A comunidade acompanhou as comemora\u00e7\u00f5es e enalteceu a import\u00e2ncia das atividades no distrito para manter viva a hist\u00f3ria.<\/p>\n<figure class=\"wp-block-image size-full\"><img fetchpriority=\"high\" data-dominant-color=\"7a7472\" data-has-transparency=\"false\" style=\"--dominant-color: #7a7472;\" fetchpriority=\"high\" decoding=\"async\" width=\"1200\" height=\"675\" sizes=\"(max-width: 1200px) 100vw, 1200px\" src=\"http:\/\/noticiasbahia360.com.br\/wp-content\/uploads\/2025\/07\/Distrito-de-Maria-Quiteria-celebra-2-de-Julho-com-programacao-especial-e-desfile-historico12.jpg\" alt=\"Distrito de Maria Quit\u00e9ria celebra 2 de Julho com programa\u00e7\u00e3o especial e desfile hist\u00f3rico\" class=\"wp-image-570860 not-transparent\" srcset=\"https:\/\/uploads.acordacidade.com.br\/2025\/07\/Distrito-de-Maria-Quiteria-celebra-2-de-Julho-com-programacao-especial-e-desfile-historico12-648x365.jpg 648w, https:\/\/uploads.acordacidade.com.br\/2025\/07\/Distrito-de-Maria-Quiteria-celebra-2-de-Julho-com-programacao-especial-e-desfile-historico12-150x84.jpg 150w, http:\/\/noticiasbahia360.com.br\/wp-content\/uploads\/2025\/07\/Distrito-de-Maria-Quiteria-celebra-2-de-Julho-com-programacao-especial-e-desfile-historico12.jpg 1200w\"><figcaption class=\"wp-element-caption\">Foto: Ed Santos\/Acorda Cidade<\/figcaption><\/figure>\n<p>O arcebispo metropolitano de Feira de Santana, Dom Zanoni, que presidiu a missa, destacou que esse dia tem um significado maior, que transcende o estado da Bahia e manifesta a luta do povo sertanejo e da figura emblem\u00e1tica que \u00e9 Maria Quit\u00e9ria.<\/p>\n<figure class=\"wp-block-image size-full\"><img data-dominant-color=\"77726c\" data-has-transparency=\"false\" style=\"--dominant-color: #77726c;\" decoding=\"async\" width=\"1200\" height=\"675\" sizes=\"(max-width: 1200px) 100vw, 1200px\" src=\"http:\/\/noticiasbahia360.com.br\/wp-content\/uploads\/2025\/07\/dom-zanoni.jpg\" alt=\"Arcebispo Dom Zanoni\" class=\"wp-image-570874 not-transparent\" srcset=\"https:\/\/uploads.acordacidade.com.br\/2025\/07\/dom-zanoni-648x365.jpg 648w, https:\/\/uploads.acordacidade.com.br\/2025\/07\/dom-zanoni-150x84.jpg 150w, http:\/\/noticiasbahia360.com.br\/wp-content\/uploads\/2025\/07\/dom-zanoni.jpg 1200w\"><figcaption class=\"wp-element-caption\">Arcebispo Dom Zanoni | Foto: Ed Santos\/Acorda Cidade<\/figcaption><\/figure>\n<p>\u201cNeste dia, desejo que a f\u00e9 crist\u00e3 seja iluminadora do caminho, onde os pobres sejam respeitados, que n\u00e3o haja ditadura, que toda opress\u00e3o acabe. Que n\u00f3s possamos acreditar na autonomia e na independ\u00eancia\u201d, afirmou.<\/p>\n<figure class=\"wp-block-image size-full\"><img data-dominant-color=\"8c8884\" data-has-transparency=\"false\" style=\"--dominant-color: #8c8884;\" decoding=\"async\" width=\"1200\" height=\"675\" sizes=\"(max-width: 1200px) 100vw, 1200px\" src=\"http:\/\/noticiasbahia360.com.br\/wp-content\/uploads\/2025\/07\/Distrito-de-Maria-Quiteria-celebra-2-de-Julho-com-programacao-especial-e-desfile-historico1.jpg\" alt=\"Distrito de Maria Quit\u00e9ria celebra 2 de Julho com programa\u00e7\u00e3o especial e desfile hist\u00f3rico\" class=\"wp-image-570872 not-transparent\" srcset=\"https:\/\/uploads.acordacidade.com.br\/2025\/07\/Distrito-de-Maria-Quiteria-celebra-2-de-Julho-com-programacao-especial-e-desfile-historico1-648x365.jpg 648w, https:\/\/uploads.acordacidade.com.br\/2025\/07\/Distrito-de-Maria-Quiteria-celebra-2-de-Julho-com-programacao-especial-e-desfile-historico1-150x84.jpg 150w, http:\/\/noticiasbahia360.com.br\/wp-content\/uploads\/2025\/07\/Distrito-de-Maria-Quiteria-celebra-2-de-Julho-com-programacao-especial-e-desfile-historico1.jpg 1200w\"><figcaption class=\"wp-element-caption\">Foto: Ed Santos\/Acorda Cidade<\/figcaption><\/figure>\n<p>A historiadora e presidente do Instituto Hist\u00f3rico Geogr\u00e1fico de Feira de Santana, Lia C\u00e9lia Pires Leal, est\u00e1 \u00e0 frente da organiza\u00e7\u00e3o do evento, que ainda conta com o apoio de diversos \u00f3rg\u00e3os, como o Ex\u00e9rcito Brasileiro, Corpo de Bombeiros, Marinha, Aeron\u00e1utica, <a href=\"https:\/\/www.acordacidade.com.br\/tag\/policia-militar\/\">Pol\u00edcia Militar<\/a>, entre outros.<\/p>\n<figure class=\"wp-block-image size-full\"><img data-dominant-color=\"8c8e82\" data-has-transparency=\"false\" style=\"--dominant-color: #8c8e82;\" decoding=\"async\" width=\"1200\" height=\"675\" sizes=\"(max-width: 1200px) 100vw, 1200px\" src=\"http:\/\/noticiasbahia360.com.br\/wp-content\/uploads\/2025\/07\/historiadora-Lia-Celia-.jpg\" alt=\"historiadora Lia C\u00e9lia\" class=\"wp-image-570875 not-transparent\" srcset=\"https:\/\/uploads.acordacidade.com.br\/2025\/07\/historiadora-Lia-Celia--648x365.jpg 648w, https:\/\/uploads.acordacidade.com.br\/2025\/07\/historiadora-Lia-Celia--150x84.jpg 150w, http:\/\/noticiasbahia360.com.br\/wp-content\/uploads\/2025\/07\/historiadora-Lia-Celia-.jpg 1200w\"><figcaption class=\"wp-element-caption\">Historiadora Lia C\u00e9lia | Ed Santos\/Acorda Cidade<\/figcaption><\/figure>\n<p>Segundo ela, as comemora\u00e7\u00f5es pelo 2 de Julho no distrito de Maria Quit\u00e9ria s\u00e3o garantidas atrav\u00e9s de uma lei aprovada na C\u00e2mara Municipal de Feira de Santana. Esta \u00e9 a 6\u00aa edi\u00e7\u00e3o do desfile.<\/p>\n<p>\u201cN\u00e3o \u00e9 f\u00e1cil realizar esse evento, mas \u00e9 importante. Maria Quit\u00e9ria foi uma das grandes que participaram da nossa independ\u00eancia, ent\u00e3o \u00e9 preserva\u00e7\u00e3o hist\u00f3rica. Que Maria Quit\u00e9ria seja valorizada e reconhecida, assim como nosso distrito, que tem uma filha nobre. Muitas pessoas ainda desconhecem quem foi Maria Quit\u00e9ria. Tivemos muita dificuldade quando come\u00e7amos a fazer esse desfile. Distribu\u00edmos um livro em todas as escolas e a gente ainda sente que muita gente desconhece a hist\u00f3ria. Ent\u00e3o, acho importante esse desfile\u201d, destacou.<\/p>\n<figure class=\"wp-block-image size-full\"><img loading=\"lazy\" data-dominant-color=\"837e5a\" data-has-transparency=\"false\" style=\"--dominant-color: #837e5a;\" decoding=\"async\" width=\"1200\" height=\"675\" sizes=\"(max-width: 1200px) 100vw, 1200px\" src=\"http:\/\/noticiasbahia360.com.br\/wp-content\/uploads\/2025\/07\/Distrito-de-Maria-Quiteria-celebra-2-de-Julho-com-programacao-especial-e-desfile-historico3.jpg\" alt=\"Distrito de Maria Quit\u00e9ria celebra 2 de Julho com programa\u00e7\u00e3o especial e desfile hist\u00f3rico\" class=\"wp-image-570869 not-transparent\" srcset=\"https:\/\/uploads.acordacidade.com.br\/2025\/07\/Distrito-de-Maria-Quiteria-celebra-2-de-Julho-com-programacao-especial-e-desfile-historico3-648x365.jpg 648w, https:\/\/uploads.acordacidade.com.br\/2025\/07\/Distrito-de-Maria-Quiteria-celebra-2-de-Julho-com-programacao-especial-e-desfile-historico3-150x84.jpg 150w, http:\/\/noticiasbahia360.com.br\/wp-content\/uploads\/2025\/07\/Distrito-de-Maria-Quiteria-celebra-2-de-Julho-com-programacao-especial-e-desfile-historico3.jpg 1200w\"><figcaption class=\"wp-element-caption\">Foto: Ed Santos\/Acorda Cidade<\/figcaption><\/figure>\n<p>A t\u00e9cnica de enfermagem Jakleide Almeida, que mora no distrito de Maria Quit\u00e9ria, disse ao Acorda Cidade que acompanha as comemora\u00e7\u00f5es desde o in\u00edcio. Hoje, ela assiste ao desfile acompanhada do filho e destaca a import\u00e2ncia hist\u00f3rica desse evento.<\/p>\n<figure class=\"wp-block-image size-full\"><img loading=\"lazy\" data-dominant-color=\"5c6063\" data-has-transparency=\"false\" style=\"--dominant-color: #5c6063;\" decoding=\"async\" width=\"1200\" height=\"675\" sizes=\"(max-width: 1200px) 100vw, 1200px\" src=\"http:\/\/noticiasbahia360.com.br\/wp-content\/uploads\/2025\/07\/Distrito-de-Maria-Quiteria-celebra-2-de-Julho-com-programacao-especial-e-desfile-historico.jpg\" alt=\"Distrito de Maria Quit\u00e9ria celebra 2 de Julho com programa\u00e7\u00e3o especial e desfile hist\u00f3rico\" class=\"wp-image-570873 not-transparent\" srcset=\"https:\/\/uploads.acordacidade.com.br\/2025\/07\/Distrito-de-Maria-Quiteria-celebra-2-de-Julho-com-programacao-especial-e-desfile-historico-648x365.jpg 648w, https:\/\/uploads.acordacidade.com.br\/2025\/07\/Distrito-de-Maria-Quiteria-celebra-2-de-Julho-com-programacao-especial-e-desfile-historico-150x84.jpg 150w, http:\/\/noticiasbahia360.com.br\/wp-content\/uploads\/2025\/07\/Distrito-de-Maria-Quiteria-celebra-2-de-Julho-com-programacao-especial-e-desfile-historico.jpg 1200w\"><figcaption class=\"wp-element-caption\">Jakleide Almeida | Foto: Ed Santos\/Acorda Cidade<\/figcaption><\/figure>\n<p>\u201cJ\u00e1 participei como estudante e \u00e9 muito bom. Hoje vejo meu filho crescendo e acompanhando esse desfile, que \u00e9 muito importante, \u00e9 conhecimento para os jovens. Hoje, muitos n\u00e3o sabem quem foi Maria Quit\u00e9ria e aqui eles aprendem muito\u201d, avaliou.<\/p>\n<figure class=\"wp-block-image size-full\"><img loading=\"lazy\" data-dominant-color=\"71665c\" data-has-transparency=\"false\" style=\"--dominant-color: #71665c;\" decoding=\"async\" width=\"1200\" height=\"675\" sizes=\"(max-width: 1200px) 100vw, 1200px\" src=\"http:\/\/noticiasbahia360.com.br\/wp-content\/uploads\/2025\/07\/Distrito-de-Maria-Quiteria-celebra-2-de-Julho-com-programacao-especial-e-desfile-historico4.jpg\" alt=\"Distrito de Maria Quit\u00e9ria celebra 2 de Julho com programa\u00e7\u00e3o especial e desfile hist\u00f3rico\" class=\"wp-image-570868 not-transparent\" srcset=\"https:\/\/uploads.acordacidade.com.br\/2025\/07\/Distrito-de-Maria-Quiteria-celebra-2-de-Julho-com-programacao-especial-e-desfile-historico4-648x365.jpg 648w, https:\/\/uploads.acordacidade.com.br\/2025\/07\/Distrito-de-Maria-Quiteria-celebra-2-de-Julho-com-programacao-especial-e-desfile-historico4-150x84.jpg 150w, http:\/\/noticiasbahia360.com.br\/wp-content\/uploads\/2025\/07\/Distrito-de-Maria-Quiteria-celebra-2-de-Julho-com-programacao-especial-e-desfile-historico4.jpg 1200w\"><figcaption class=\"wp-element-caption\">Foto: Ed Santos\/Acorda Cidade<\/figcaption><\/figure>\n<p>O tenente-coronel Guedes, comandante do 35\u00ba Batalh\u00e3o de Infantaria (35\u00ba BI), falou sobre a satisfa\u00e7\u00e3o de participar do evento e rememorar os feitos do <a href=\"https:\/\/www.acordacidade.com.br\/tag\/exercito\/\">Ex\u00e9rcito <\/a>Brasileiro.<\/p>\n<figure class=\"wp-block-image size-full\"><img loading=\"lazy\" data-dominant-color=\"7c7b6d\" data-has-transparency=\"false\" style=\"--dominant-color: #7c7b6d;\" decoding=\"async\" width=\"1200\" height=\"675\" sizes=\"(max-width: 1200px) 100vw, 1200px\" src=\"http:\/\/noticiasbahia360.com.br\/wp-content\/uploads\/2025\/07\/tenente-coronel-guedes-.jpg\" alt=\"tenente-coronel guedes\" class=\"wp-image-570876 not-transparent\" srcset=\"https:\/\/uploads.acordacidade.com.br\/2025\/07\/tenente-coronel-guedes--648x365.jpg 648w, https:\/\/uploads.acordacidade.com.br\/2025\/07\/tenente-coronel-guedes--150x84.jpg 150w, http:\/\/noticiasbahia360.com.br\/wp-content\/uploads\/2025\/07\/tenente-coronel-guedes-.jpg 1200w\"><figcaption class=\"wp-element-caption\">Tenente-coronel Guedes | Foto: Ed Santos\/Acorda Cidade<\/figcaption><\/figure>\n<p>\u201cCultuar os feitos de Maria Quit\u00e9ria nos orgulha bastante. Ela, \u00e0 \u00e9poca, era muito al\u00e9m do seu tempo, quebrou paradigmas, foi a primeira mulher a servir e combater batalhas no Ex\u00e9rcito Brasileiro. \u00c9 sempre bom lembrar a import\u00e2ncia dela para nossa institui\u00e7\u00e3o\u201d, declarou.<\/p>\n<figure class=\"wp-block-image size-full\"><img loading=\"lazy\" data-dominant-color=\"8e8b83\" data-has-transparency=\"false\" style=\"--dominant-color: #8e8b83;\" decoding=\"async\" width=\"1200\" height=\"675\" sizes=\"(max-width: 1200px) 100vw, 1200px\" src=\"http:\/\/noticiasbahia360.com.br\/wp-content\/uploads\/2025\/07\/Distrito-de-Maria-Quiteria-celebra-2-de-Julho-com-programacao-especial-e-desfile-historico10.jpg\" alt=\"Distrito de Maria Quit\u00e9ria celebra 2 de Julho com programa\u00e7\u00e3o especial e desfile hist\u00f3rico\" class=\"wp-image-570862 not-transparent\" srcset=\"https:\/\/uploads.acordacidade.com.br\/2025\/07\/Distrito-de-Maria-Quiteria-celebra-2-de-Julho-com-programacao-especial-e-desfile-historico10-648x365.jpg 648w, https:\/\/uploads.acordacidade.com.br\/2025\/07\/Distrito-de-Maria-Quiteria-celebra-2-de-Julho-com-programacao-especial-e-desfile-historico10-150x84.jpg 150w, http:\/\/noticiasbahia360.com.br\/wp-content\/uploads\/2025\/07\/Distrito-de-Maria-Quiteria-celebra-2-de-Julho-com-programacao-especial-e-desfile-historico10.jpg 1200w\"><figcaption class=\"wp-element-caption\">Foto: Ed Santos\/Acorda Cidade<\/figcaption><\/figure>\n<p>Em alus\u00e3o ao 2 de Julho, o 35\u00ba BI realizou uma a\u00e7\u00e3o c\u00edvico-social com uma exposi\u00e7\u00e3o de materiais de emprego militar do batalh\u00e3o, al\u00e9m de uma exposi\u00e7\u00e3o voltada para o ambiente de caatinga e uma apresenta\u00e7\u00e3o musical. Tamb\u00e9m foi feita uma solenidade militar com hasteamento da bandeira em alus\u00e3o \u00e0 data.<\/p>\n<figure class=\"wp-block-image size-full\"><img loading=\"lazy\" data-dominant-color=\"828180\" data-has-transparency=\"false\" style=\"--dominant-color: #828180;\" decoding=\"async\" width=\"1200\" height=\"675\" sizes=\"(max-width: 1200px) 100vw, 1200px\" src=\"http:\/\/noticiasbahia360.com.br\/wp-content\/uploads\/2025\/07\/Distrito-de-Maria-Quiteria-celebra-2-de-Julho-com-programacao-especial-e-desfile-historico7.jpg\" alt=\"Distrito de Maria Quit\u00e9ria celebra 2 de Julho com programa\u00e7\u00e3o especial e desfile hist\u00f3rico\" class=\"wp-image-570865 not-transparent\" srcset=\"https:\/\/uploads.acordacidade.com.br\/2025\/07\/Distrito-de-Maria-Quiteria-celebra-2-de-Julho-com-programacao-especial-e-desfile-historico7-648x365.jpg 648w, https:\/\/uploads.acordacidade.com.br\/2025\/07\/Distrito-de-Maria-Quiteria-celebra-2-de-Julho-com-programacao-especial-e-desfile-historico7-150x84.jpg 150w, http:\/\/noticiasbahia360.com.br\/wp-content\/uploads\/2025\/07\/Distrito-de-Maria-Quiteria-celebra-2-de-Julho-com-programacao-especial-e-desfile-historico7.jpg 1200w\"><figcaption class=\"wp-element-caption\">Foto: Ed Santos\/Acorda Cidade<\/figcaption><\/figure>\n<p>O <a href=\"https:\/\/www.acordacidade.com.br\/tag\/prefeito-jose-ronaldo\/\">prefeito Jos\u00e9 Ronaldo de Carvalho<\/a> tamb\u00e9m participou das comemora\u00e7\u00f5es do 2 de Julho no distrito de Maria Quit\u00e9ria. Ele lembrou que o desfile foi uma ideia do Instituto Hist\u00f3rico de Feira de Santana, que o munic\u00edpio abra\u00e7ou.<\/p>\n<figure class=\"wp-block-image size-full\"><img loading=\"lazy\" data-dominant-color=\"918880\" data-has-transparency=\"false\" style=\"--dominant-color: #918880;\" decoding=\"async\" width=\"1200\" height=\"675\" sizes=\"(max-width: 1200px) 100vw, 1200px\" src=\"http:\/\/noticiasbahia360.com.br\/wp-content\/uploads\/2025\/07\/jose-ronaldo.jpg\" alt=\"jos\u00e9 ronaldo\" class=\"wp-image-570870 not-transparent\" srcset=\"https:\/\/uploads.acordacidade.com.br\/2025\/07\/jose-ronaldo-648x365.jpg 648w, https:\/\/uploads.acordacidade.com.br\/2025\/07\/jose-ronaldo-150x84.jpg 150w, http:\/\/noticiasbahia360.com.br\/wp-content\/uploads\/2025\/07\/jose-ronaldo.jpg 1200w\"><figcaption class=\"wp-element-caption\">Prefeito Jos\u00e9 Ronaldo | Foto: Ed Santos\/Acorda Cidade<\/figcaption><\/figure>\n<p>\u201cEsse desfile, quando se iniciou, eu era prefeito e significa a hist\u00f3ria sendo preservada e respeitada\u201d, destacou. Jos\u00e9 Ronaldo ainda falou sobre projetos que pretende colocar em pr\u00e1tica para proporcionar melhorias no distrito.<\/p>\n<p>\u201cTemos v\u00e1rios compromissos com o distrito, estamos estudando e, em breve, vamos retornar aqui com os an\u00fancios dos nossos compromissos. Vamos fazer uma bela pra\u00e7a, a \u00e1rea do forr\u00f3 ser\u00e1 remodelada. J\u00e1 fizemos um novo S\u00e3o Jo\u00e3o aqui este ano e tamb\u00e9m estamos trabalhando na quest\u00e3o da policl\u00ednica, al\u00e9m de algumas estradas que ser\u00e3o asfaltadas\u201d, informou.<\/p>\n<figure class=\"wp-block-image size-full\"><img loading=\"lazy\" data-dominant-color=\"85827d\" data-has-transparency=\"false\" style=\"--dominant-color: #85827d;\" decoding=\"async\" width=\"1200\" height=\"675\" sizes=\"(max-width: 1200px) 100vw, 1200px\" src=\"http:\/\/noticiasbahia360.com.br\/wp-content\/uploads\/2025\/07\/Distrito-de-Maria-Quiteria-celebra-2-de-Julho-com-programacao-especial-e-desfile-historico8.jpg\" alt=\"Distrito de Maria Quit\u00e9ria celebra 2 de Julho com programa\u00e7\u00e3o especial e desfile hist\u00f3rico\" class=\"wp-image-570864 not-transparent\" srcset=\"https:\/\/uploads.acordacidade.com.br\/2025\/07\/Distrito-de-Maria-Quiteria-celebra-2-de-Julho-com-programacao-especial-e-desfile-historico8-648x365.jpg 648w, https:\/\/uploads.acordacidade.com.br\/2025\/07\/Distrito-de-Maria-Quiteria-celebra-2-de-Julho-com-programacao-especial-e-desfile-historico8-150x84.jpg 150w, http:\/\/noticiasbahia360.com.br\/wp-content\/uploads\/2025\/07\/Distrito-de-Maria-Quiteria-celebra-2-de-Julho-com-programacao-especial-e-desfile-historico8.jpg 1200w\"><figcaption class=\"wp-element-caption\">Foto: Ed Santos\/Acorda Cidade<\/figcaption><\/figure>\n<figure class=\"wp-block-image size-full\"><img loading=\"lazy\" data-dominant-color=\"807c6d\" data-has-transparency=\"false\" style=\"--dominant-color: #807c6d;\" decoding=\"async\" width=\"1200\" height=\"675\" sizes=\"(max-width: 1200px) 100vw, 1200px\" src=\"http:\/\/noticiasbahia360.com.br\/wp-content\/uploads\/2025\/07\/Distrito-de-Maria-Quiteria-celebra-2-de-Julho-com-programacao-especial-e-desfile-historico6.jpg\" alt=\"Distrito de Maria Quit\u00e9ria celebra 2 de Julho com programa\u00e7\u00e3o especial e desfile hist\u00f3rico\" class=\"wp-image-570866 not-transparent\" srcset=\"https:\/\/uploads.acordacidade.com.br\/2025\/07\/Distrito-de-Maria-Quiteria-celebra-2-de-Julho-com-programacao-especial-e-desfile-historico6-648x365.jpg 648w, https:\/\/uploads.acordacidade.com.br\/2025\/07\/Distrito-de-Maria-Quiteria-celebra-2-de-Julho-com-programacao-especial-e-desfile-historico6-150x84.jpg 150w, http:\/\/noticiasbahia360.com.br\/wp-content\/uploads\/2025\/07\/Distrito-de-Maria-Quiteria-celebra-2-de-Julho-com-programacao-especial-e-desfile-historico6.jpg 1200w\"><figcaption class=\"wp-element-caption\">Foto: Ed Santos\/Acorda Cidade<\/figcaption><\/figure>\n<figure class=\"wp-block-image size-full\"><img loading=\"lazy\" data-dominant-color=\"8a837d\" data-has-transparency=\"false\" style=\"--dominant-color: #8a837d;\" decoding=\"async\" width=\"1200\" height=\"675\" sizes=\"(max-width: 1200px) 100vw, 1200px\" src=\"http:\/\/noticiasbahia360.com.br\/wp-content\/uploads\/2025\/07\/Distrito-de-Maria-Quiteria-celebra-2-de-Julho-com-programacao-especial-e-desfile-historico2.jpg\" alt=\"Distrito de Maria Quit\u00e9ria celebra 2 de Julho com programa\u00e7\u00e3o especial e desfile hist\u00f3rico\" class=\"wp-image-570871 not-transparent\" srcset=\"https:\/\/uploads.acordacidade.com.br\/2025\/07\/Distrito-de-Maria-Quiteria-celebra-2-de-Julho-com-programacao-especial-e-desfile-historico2-648x365.jpg 648w, https:\/\/uploads.acordacidade.com.br\/2025\/07\/Distrito-de-Maria-Quiteria-celebra-2-de-Julho-com-programacao-especial-e-desfile-historico2-150x84.jpg 150w, http:\/\/noticiasbahia360.com.br\/wp-content\/uploads\/2025\/07\/Distrito-de-Maria-Quiteria-celebra-2-de-Julho-com-programacao-especial-e-desfile-historico2.jpg 1200w\"><figcaption class=\"wp-element-caption\">Foto: Ed Santos\/Acorda Cidade<\/figcaption><\/figure>\n<figure class=\"wp-block-image size-full\"><img loading=\"lazy\" data-dominant-color=\"7c7873\" data-has-transparency=\"false\" style=\"--dominant-color: #7c7873;\" decoding=\"async\" width=\"1200\" height=\"675\" sizes=\"(max-width: 1200px) 100vw, 1200px\" src=\"http:\/\/noticiasbahia360.com.br\/wp-content\/uploads\/2025\/07\/Distrito-de-Maria-Quiteria-celebra-2-de-Julho-com-programacao-especial-e-desfile-historico11.jpg\" alt=\"Distrito de Maria Quit\u00e9ria celebra 2 de Julho com programa\u00e7\u00e3o especial e desfile hist\u00f3rico\" class=\"wp-image-570861 not-transparent\" srcset=\"https:\/\/uploads.acordacidade.com.br\/2025\/07\/Distrito-de-Maria-Quiteria-celebra-2-de-Julho-com-programacao-especial-e-desfile-historico11-648x365.jpg 648w, https:\/\/uploads.acordacidade.com.br\/2025\/07\/Distrito-de-Maria-Quiteria-celebra-2-de-Julho-com-programacao-especial-e-desfile-historico11-150x84.jpg 150w, http:\/\/noticiasbahia360.com.br\/wp-content\/uploads\/2025\/07\/Distrito-de-Maria-Quiteria-celebra-2-de-Julho-com-programacao-especial-e-desfile-historico11.jpg 1200w\"><figcaption class=\"wp-element-caption\">Foto: Ed Santos\/Acorda Cidade<\/figcaption><\/figure>\n<figure class=\"wp-block-image size-full\"><img loading=\"lazy\" data-dominant-color=\"817e76\" data-has-transparency=\"false\" style=\"--dominant-color: #817e76;\" decoding=\"async\" width=\"1200\" height=\"675\" sizes=\"(max-width: 1200px) 100vw, 1200px\" src=\"http:\/\/noticiasbahia360.com.br\/wp-content\/uploads\/2025\/07\/Distrito-de-Maria-Quiteria-celebra-2-de-Julho-com-programacao-especial-e-desfile-historico13.jpg\" alt=\"Distrito de Maria Quit\u00e9ria celebra 2 de Julho com programa\u00e7\u00e3o especial e desfile hist\u00f3rico\" class=\"wp-image-570859 not-transparent\" srcset=\"https:\/\/uploads.acordacidade.com.br\/2025\/07\/Distrito-de-Maria-Quiteria-celebra-2-de-Julho-com-programacao-especial-e-desfile-historico13-648x365.jpg 648w, https:\/\/uploads.acordacidade.com.br\/2025\/07\/Distrito-de-Maria-Quiteria-celebra-2-de-Julho-com-programacao-especial-e-desfile-historico13-150x84.jpg 150w, http:\/\/noticiasbahia360.com.br\/wp-content\/uploads\/2025\/07\/Distrito-de-Maria-Quiteria-celebra-2-de-Julho-com-programacao-especial-e-desfile-historico13.jpg 1200w\"><figcaption class=\"wp-element-caption\">Foto: Ed Santos\/Acorda Cidade<\/figcaption><\/figure>\n<figure class=\"wp-block-image size-full\"><img loading=\"lazy\" data-dominant-color=\"898374\" data-has-transparency=\"false\" style=\"--dominant-color: #898374;\" decoding=\"async\" width=\"1200\" height=\"675\" sizes=\"(max-width: 1200px) 100vw, 1200px\" src=\"http:\/\/noticiasbahia360.com.br\/wp-content\/uploads\/2025\/07\/Distrito-de-Maria-Quiteria-celebra-2-de-Julho-com-programacao-especial-e-desfile-historico9.jpg\" alt=\"Distrito de Maria Quit\u00e9ria celebra 2 de Julho com programa\u00e7\u00e3o especial e desfile hist\u00f3rico\" class=\"wp-image-570863 not-transparent\" srcset=\"https:\/\/uploads.acordacidade.com.br\/2025\/07\/Distrito-de-Maria-Quiteria-celebra-2-de-Julho-com-programacao-especial-e-desfile-historico9-648x365.jpg 648w, https:\/\/uploads.acordacidade.com.br\/2025\/07\/Distrito-de-Maria-Quiteria-celebra-2-de-Julho-com-programacao-especial-e-desfile-historico9-150x84.jpg 150w, http:\/\/noticiasbahia360.com.br\/wp-content\/uploads\/2025\/07\/Distrito-de-Maria-Quiteria-celebra-2-de-Julho-com-programacao-especial-e-desfile-historico9.jpg 1200w\"><figcaption class=\"wp-element-caption\">Foto: Ed Santos\/Acorda Cidade<\/figcaption><\/figure>\n<p><em>Siga o Acorda Cidade no<\/em><a href=\"https:\/\/news.google.com\/search?q=acorda%20cidade&amp;hl=pt-BR&amp;gl=BR&amp;ceid=BR%3Apt-419\"><strong><em>\u00a0Google Not\u00edcias<\/em><\/strong><\/a><em>\u00a0e receba os principais destaques do dia. Participe tamb\u00e9m dos nossos canais no\u00a0<\/em><a href=\"https:\/\/www.whatsapp.com\/channel\/0029Va6Rb4v3WHTNnsh8WI3N\"><strong><em>WhatsApp<\/em><\/strong><\/a><em>\u00a0e\u00a0<\/em><a href=\"https:\/\/www.youtube.com\/@acordacidadenoticias\/videos\"><strong>Youtube<\/strong><\/a><em>\u00a0e grupo de\u00a0<\/em><a href=\"https:\/\/t.me\/+sSz0khrgARA0ZmRh\"><strong><em>Telegram<\/em><\/strong><\/a><em>.<\/em><\/p>\n<\/div>\n","protected":false},"excerpt":{"rendered":"<div>\n<div>\n<figure><img decoding=\"async\" src=\"https:\/\/uploads.acordacidade.com.br\/2025\/07\/Distrito-de-Maria-Quiteria-celebra-2-de-Julho-com-programacao-especial-e-desfile-historico5.jpg\" alt=\"Distrito de Maria Quit\u00e9ria celebra 2 de Julho com programa\u00e7\u00e3o especial e desfile hist\u00f3rico\"><figcaption>Foto: Ed Santos\/Acorda Cidade<\/figcaption><\/figure>\n<\/div>\n<p>As comemora\u00e7\u00f5es pelo 2 de Julho no distrito de Maria Quit\u00e9ria s\u00e3o garantidas atrav\u00e9s de uma lei aprovada na C\u00e2mara Municipal de Feira de Santana.<\/p><\/div>\n","protected":false},"author":1,"featured_media":91847,"comment_status":"closed","ping_status":"closed","sticky":false,"template":"","format":"gallery","meta":{"footnotes":""},"categories":[8,9,6,57,56,10],"tags":[],"class_list":["post-91846","post","type-post","status-publish","format-gallery","has-post-thumbnail","hentry","category-bahia","category-brasil","category-feira-de-santana","category-mundo","category-policia","category-politica","post_format-post-format-gallery"],"featured_image_urls":{"full":["https:\/\/noticiasbahia360.com.br\/wp-content\/uploads\/2025\/07\/Distrito-de-Maria-Quiteria-celebra-2-de-Julho-com-programacao-especial-e-desfile-historico5.jpg",1200,675,false],"thumbnail":["https:\/\/noticiasbahia360.com.br\/wp-content\/uploads\/2025\/07\/Distrito-de-Maria-Quiteria-celebra-2-de-Julho-com-programacao-especial-e-desfile-historico5-150x150.jpg",150,150,true],"medium":["https:\/\/noticiasbahia360.com.br\/wp-content\/uploads\/2025\/07\/Distrito-de-Maria-Quiteria-celebra-2-de-Julho-com-programacao-especial-e-desfile-historico5-300x169.jpg",300,169,true],"medium_large":["https:\/\/noticiasbahia360.com.br\/wp-content\/uploads\/2025\/07\/Distrito-de-Maria-Quiteria-celebra-2-de-Julho-com-programacao-especial-e-desfile-historico5-768x432.jpg",640,360,true],"large":["https:\/\/noticiasbahia360.com.br\/wp-content\/uploads\/2025\/07\/Distrito-de-Maria-Quiteria-celebra-2-de-Julho-com-programacao-especial-e-desfile-historico5-1024x576.jpg",640,360,true],"1536x1536":["https:\/\/noticiasbahia360.com.br\/wp-content\/uploads\/2025\/07\/Distrito-de-Maria-Quiteria-celebra-2-de-Julho-com-programacao-especial-e-desfile-historico5.jpg",1200,675,false],"2048x2048":["https:\/\/noticiasbahia360.com.br\/wp-content\/uploads\/2025\/07\/Distrito-de-Maria-Quiteria-celebra-2-de-Julho-com-programacao-especial-e-desfile-historico5.jpg",1200,675,false],"chromenews-featured":["https:\/\/noticiasbahia360.com.br\/wp-content\/uploads\/2025\/07\/Distrito-de-Maria-Quiteria-celebra-2-de-Julho-com-programacao-especial-e-desfile-historico5-1024x576.jpg",1024,576,true],"chromenews-large":["https:\/\/noticiasbahia360.com.br\/wp-content\/uploads\/2025\/07\/Distrito-de-Maria-Quiteria-celebra-2-de-Julho-com-programacao-especial-e-desfile-historico5-825x575.jpg",825,575,true],"chromenews-medium":["https:\/\/noticiasbahia360.com.br\/wp-content\/uploads\/2025\/07\/Distrito-de-Maria-Quiteria-celebra-2-de-Julho-com-programacao-especial-e-desfile-historico5-590x410.jpg",590,410,true]},"author_info":{"display_name":"noticiasbahia360.com.br","author_link":"https:\/\/noticiasbahia360.com.br\/?author=1"},"category_info":"<a href=\"https:\/\/noticiasbahia360.com.br\/?cat=8\" rel=\"category\">Bahia<\/a> <a href=\"https:\/\/noticiasbahia360.com.br\/?cat=9\" rel=\"category\">Brasil<\/a> <a href=\"https:\/\/noticiasbahia360.com.br\/?cat=6\" rel=\"category\">Feira de Santana<\/a> <a href=\"https:\/\/noticiasbahia360.com.br\/?cat=57\" rel=\"category\">Mundo<\/a> <a href=\"https:\/\/noticiasbahia360.com.br\/?cat=56\" rel=\"category\">Pol\u00edcia<\/a> <a href=\"https:\/\/noticiasbahia360.com.br\/?cat=10\" rel=\"category\">Pol\u00edtica<\/a>","tag_info":"Pol\u00edtica","comment_count":"0","_links":{"self":[{"href":"https:\/\/noticiasbahia360.com.br\/index.php?rest_route=\/wp\/v2\/posts\/91846","targetHints":{"allow":["GET"]}}],"collection":[{"href":"https:\/\/noticiasbahia360.com.br\/index.php?rest_route=\/wp\/v2\/posts"}],"about":[{"href":"https:\/\/noticiasbahia360.com.br\/index.php?rest_route=\/wp\/v2\/types\/post"}],"author":[{"embeddable":true,"href":"https:\/\/noticiasbahia360.com.br\/index.php?rest_route=\/wp\/v2\/users\/1"}],"replies":[{"embeddable":true,"href":"https:\/\/noticiasbahia360.com.br\/index.php?rest_route=%2Fwp%2Fv2%2Fcomments&post=91846"}],"version-history":[{"count":0,"href":"https:\/\/noticiasbahia360.com.br\/index.php?rest_route=\/wp\/v2\/posts\/91846\/revisions"}],"wp:featuredmedia":[{"embeddable":true,"href":"https:\/\/noticiasbahia360.com.br\/index.php?rest_route=\/wp\/v2\/media\/91847"}],"wp:attachment":[{"href":"https:\/\/noticiasbahia360.com.br\/index.php?rest_route=%2Fwp%2Fv2%2Fmedia&parent=91846"}],"wp:term":[{"taxonomy":"category","embeddable":true,"href":"https:\/\/noticiasbahia360.com.br\/index.php?rest_route=%2Fwp%2Fv2%2Fcategories&post=91846"},{"taxonomy":"post_tag","embeddable":true,"href":"https:\/\/noticiasbahia360.com.br\/index.php?rest_route=%2Fwp%2Fv2%2Ftags&post=91846"}],"curies":[{"name":"wp","href":"https:\/\/api.w.org\/{rel}","templated":true}]}}