{"id":91865,"date":"2025-07-02T14:00:25","date_gmt":"2025-07-02T17:00:25","guid":{"rendered":"https:\/\/noticiasbahia360.com.br\/?p=91865"},"modified":"2025-07-02T14:00:25","modified_gmt":"2025-07-02T17:00:25","slug":"bye-bye-sao-joao-no-distrito-de-maria-quiteria-sera-realizado-no-dia-13-de-julho","status":"publish","type":"post","link":"https:\/\/noticiasbahia360.com.br\/?p=91865","title":{"rendered":"Bye Bye S\u00e3o Jo\u00e3o no distrito de Maria Quit\u00e9ria ser\u00e1 realizado no dia 13 de julho"},"content":{"rendered":"<div>\n<div>\n<figure><img decoding=\"async\" src=\"http:\/\/noticiasbahia360.com.br\/wp-content\/uploads\/2025\/07\/Bye-Bye-Sao-Joao-no-distrito-de-Maria-Quiteria-sera-realizado-no-dia-13-de-julho.jpg\" alt=\"Bye Bye S\u00e3o Jo\u00e3o no distrito de Maria Quit\u00e9ria ser\u00e1 realizado no dia 13 de julho\"><figcaption>Foto: Divulga\u00e7\u00e3o<\/figcaption><\/figure>\n<\/div>\n<p>Ser\u00e1 realizado no dia 13 de julho, domingo a terceira edi\u00e7\u00e3o do Bye Bye S\u00e3o Jo\u00e3o no <a href=\"https:\/\/www.acordacidade.com.br\/tag\/distrito-de-maria-quiteria\/\">distrito de Maria Quit\u00e9ria<\/a>, em Feira de Santana. O evento re\u00fane milhares de pessoas e possui uma vasta programa\u00e7\u00e3o musical.<\/p>\n<p>Denominado de a ressaca do S\u00e3o Jo\u00e3o, por ser o \u00faltimo evento junino em <a href=\"https:\/\/www.acordacidade.com.br\/feira-de-santana\/\">Feira de Santana<\/a>, \u00e9 uma oportunidade de grande participa\u00e7\u00e3o popular.<\/p>\n<p>O deputado estadual Binho Galinha, incentivador e apoiador do evento, informa que esse ser\u00e1 o maior em participa\u00e7\u00e3o do povo das suas edi\u00e7\u00f5es.<\/p>\n<p>\u201cVejo o Bye Bye S\u00e3o Jo\u00e3o cada dia crescendo mais, e o povo mais presente. Vamos ter um grande dia de festa em S\u00e3o Jos\u00e9\u201d, disse Binho Galinha, que aproveitou para agradecer ao Governo do Estado, a Prefeitura Municipal de Feira de Santana, Policia Militar, Policia Civil e Corpo de Bombeiros pelo apoio \u00e0 festa.<\/p>\n<p><em>Siga o Acorda Cidade no<\/em><a href=\"https:\/\/news.google.com\/search?q=acorda%20cidade&amp;hl=pt-BR&amp;gl=BR&amp;ceid=BR%3Apt-419\"><strong><em>\u00a0Google Not\u00edcias<\/em><\/strong><\/a><em>\u00a0e receba os principais destaques do dia. Participe tamb\u00e9m dos nossos canais no\u00a0<\/em><a href=\"https:\/\/www.whatsapp.com\/channel\/0029Va6Rb4v3WHTNnsh8WI3N\"><strong><em>WhatsApp<\/em><\/strong><\/a><em>\u00a0e\u00a0<\/em><a href=\"https:\/\/www.youtube.com\/@acordacidadenoticias\/videos\"><strong>Youtube<\/strong><\/a><em>\u00a0e grupo de\u00a0<\/em><a href=\"https:\/\/t.me\/+sSz0khrgARA0ZmRh\"><strong><em>Telegram<\/em><\/strong><\/a><em>.<\/em><\/p>\n<\/div>\n","protected":false},"excerpt":{"rendered":"<div>\n<div>\n<figure><img decoding=\"async\" src=\"https:\/\/uploads.acordacidade.com.br\/2025\/07\/Bye-Bye-Sao-Joao-no-distrito-de-Maria-Quiteria-sera-realizado-no-dia-13-de-julho.jpg\" alt=\"Bye Bye S\u00e3o Jo\u00e3o no distrito de Maria Quit\u00e9ria ser\u00e1 realizado no dia 13 de julho\"><figcaption>Foto: Divulga\u00e7\u00e3o<\/figcaption><\/figure>\n<\/div>\n<p>O evento re\u00fane milhares de pessoas e possui uma vasta programa\u00e7\u00e3o musical.<\/p><\/div>\n","protected":false},"author":1,"featured_media":91866,"comment_status":"closed","ping_status":"closed","sticky":false,"template":"","format":"gallery","meta":{"footnotes":""},"categories":[8,9,6,57,56,10],"tags":[],"class_list":["post-91865","post","type-post","status-publish","format-gallery","has-post-thumbnail","hentry","category-bahia","category-brasil","category-feira-de-santana","category-mundo","category-policia","category-politica","post_format-post-format-gallery"],"featured_image_urls":{"full":["https:\/\/noticiasbahia360.com.br\/wp-content\/uploads\/2025\/07\/Bye-Bye-Sao-Joao-no-distrito-de-Maria-Quiteria-sera-realizado-no-dia-13-de-julho.jpg",1200,630,false],"thumbnail":["https:\/\/noticiasbahia360.com.br\/wp-content\/uploads\/2025\/07\/Bye-Bye-Sao-Joao-no-distrito-de-Maria-Quiteria-sera-realizado-no-dia-13-de-julho-150x150.jpg",150,150,true],"medium":["https:\/\/noticiasbahia360.com.br\/wp-content\/uploads\/2025\/07\/Bye-Bye-Sao-Joao-no-distrito-de-Maria-Quiteria-sera-realizado-no-dia-13-de-julho-300x158.jpg",300,158,true],"medium_large":["https:\/\/noticiasbahia360.com.br\/wp-content\/uploads\/2025\/07\/Bye-Bye-Sao-Joao-no-distrito-de-Maria-Quiteria-sera-realizado-no-dia-13-de-julho-768x403.jpg",640,336,true],"large":["https:\/\/noticiasbahia360.com.br\/wp-content\/uploads\/2025\/07\/Bye-Bye-Sao-Joao-no-distrito-de-Maria-Quiteria-sera-realizado-no-dia-13-de-julho-1024x538.jpg",640,336,true],"1536x1536":["https:\/\/noticiasbahia360.com.br\/wp-content\/uploads\/2025\/07\/Bye-Bye-Sao-Joao-no-distrito-de-Maria-Quiteria-sera-realizado-no-dia-13-de-julho.jpg",1200,630,false],"2048x2048":["https:\/\/noticiasbahia360.com.br\/wp-content\/uploads\/2025\/07\/Bye-Bye-Sao-Joao-no-distrito-de-Maria-Quiteria-sera-realizado-no-dia-13-de-julho.jpg",1200,630,false],"chromenews-featured":["https:\/\/noticiasbahia360.com.br\/wp-content\/uploads\/2025\/07\/Bye-Bye-Sao-Joao-no-distrito-de-Maria-Quiteria-sera-realizado-no-dia-13-de-julho-1024x538.jpg",1024,538,true],"chromenews-large":["https:\/\/noticiasbahia360.com.br\/wp-content\/uploads\/2025\/07\/Bye-Bye-Sao-Joao-no-distrito-de-Maria-Quiteria-sera-realizado-no-dia-13-de-julho-825x575.jpg",825,575,true],"chromenews-medium":["https:\/\/noticiasbahia360.com.br\/wp-content\/uploads\/2025\/07\/Bye-Bye-Sao-Joao-no-distrito-de-Maria-Quiteria-sera-realizado-no-dia-13-de-julho-590x410.jpg",590,410,true]},"author_info":{"display_name":"noticiasbahia360.com.br","author_link":"https:\/\/noticiasbahia360.com.br\/?author=1"},"category_info":"<a href=\"https:\/\/noticiasbahia360.com.br\/?cat=8\" rel=\"category\">Bahia<\/a> <a href=\"https:\/\/noticiasbahia360.com.br\/?cat=9\" rel=\"category\">Brasil<\/a> <a href=\"https:\/\/noticiasbahia360.com.br\/?cat=6\" rel=\"category\">Feira de Santana<\/a> <a href=\"https:\/\/noticiasbahia360.com.br\/?cat=57\" rel=\"category\">Mundo<\/a> <a href=\"https:\/\/noticiasbahia360.com.br\/?cat=56\" rel=\"category\">Pol\u00edcia<\/a> <a href=\"https:\/\/noticiasbahia360.com.br\/?cat=10\" rel=\"category\">Pol\u00edtica<\/a>","tag_info":"Pol\u00edtica","comment_count":"0","_links":{"self":[{"href":"https:\/\/noticiasbahia360.com.br\/index.php?rest_route=\/wp\/v2\/posts\/91865","targetHints":{"allow":["GET"]}}],"collection":[{"href":"https:\/\/noticiasbahia360.com.br\/index.php?rest_route=\/wp\/v2\/posts"}],"about":[{"href":"https:\/\/noticiasbahia360.com.br\/index.php?rest_route=\/wp\/v2\/types\/post"}],"author":[{"embeddable":true,"href":"https:\/\/noticiasbahia360.com.br\/index.php?rest_route=\/wp\/v2\/users\/1"}],"replies":[{"embeddable":true,"href":"https:\/\/noticiasbahia360.com.br\/index.php?rest_route=%2Fwp%2Fv2%2Fcomments&post=91865"}],"version-history":[{"count":0,"href":"https:\/\/noticiasbahia360.com.br\/index.php?rest_route=\/wp\/v2\/posts\/91865\/revisions"}],"wp:featuredmedia":[{"embeddable":true,"href":"https:\/\/noticiasbahia360.com.br\/index.php?rest_route=\/wp\/v2\/media\/91866"}],"wp:attachment":[{"href":"https:\/\/noticiasbahia360.com.br\/index.php?rest_route=%2Fwp%2Fv2%2Fmedia&parent=91865"}],"wp:term":[{"taxonomy":"category","embeddable":true,"href":"https:\/\/noticiasbahia360.com.br\/index.php?rest_route=%2Fwp%2Fv2%2Fcategories&post=91865"},{"taxonomy":"post_tag","embeddable":true,"href":"https:\/\/noticiasbahia360.com.br\/index.php?rest_route=%2Fwp%2Fv2%2Ftags&post=91865"}],"curies":[{"name":"wp","href":"https:\/\/api.w.org\/{rel}","templated":true}]}}