{"id":91871,"date":"2025-07-02T14:16:59","date_gmt":"2025-07-02T17:16:59","guid":{"rendered":"https:\/\/noticiasbahia360.com.br\/?p=91871"},"modified":"2025-07-02T14:16:59","modified_gmt":"2025-07-02T17:16:59","slug":"independencia-incompleta-o-deficit-de-defensoras-e-defensores-publicos-na-bahia","status":"publish","type":"post","link":"https:\/\/noticiasbahia360.com.br\/?p=91871","title":{"rendered":"Independ\u00eancia incompleta: o d\u00e9ficit de defensoras e defensores p\u00fablicos na Bahia"},"content":{"rendered":"<div>\n<div>\n<figure><img decoding=\"async\" src=\"http:\/\/noticiasbahia360.com.br\/wp-content\/uploads\/2025\/07\/Bethania-Ferreira-Presidenta-ADEP-BA-artigo-defensores-publicos.jpg\" alt=\"Beth\u00e2nia Ferreira Presidenta ADEP-BA artigo defensores p\u00fablicos\"><figcaption>Foto: S. Kainuma<\/figcaption><\/figure>\n<\/div>\n<p>No m\u00eas do Dois de Julho, em que celebramos a luta hist\u00f3rica do povo baiano por liberdade e soberania, \u00e9 preciso lan\u00e7ar luz sobre uma independ\u00eancia ainda incompleta: o acesso \u00e0 Justi\u00e7a. A Defensoria P\u00fablica, que tem como miss\u00e3o constitucional garantir esse direito \u00e0 popula\u00e7\u00e3o em situa\u00e7\u00e3o de vulnerabilidade, ainda n\u00e3o est\u00e1 presente em todas as comarcas do estado da Bahia.<\/p>\n<p>A Emenda Constitucional n\u00ba 80\/2014, estabeleceu o prazo de at\u00e9 o ano de 2022 para que defensoras e defensores p\u00fablicos estivessem presentes em todas as unidades jurisdicionais do pa\u00eds. O prazo expirou, mas o direito segue longe de ser efetivado. No estado da Bahia, observando os dados do ano de 2024 da pesquisa nacional da Defensoria P\u00fablica, realizada pelo Conselho Nacional das Defensoras e Defensores P\u00fablicos-Gerais (CONDEGE), verifica-se que defensoras e defensores p\u00fablicos baianos s\u00f3 est\u00e3o presentes em 47,3% das comarcas do estado. O Estado tem 203 comarcas e apenas 96 tem a presen\u00e7a de um defensor p\u00fablico.<\/p>\n<p>Essa aus\u00eancia atinge justamente quem mais precisa: pessoas que t\u00eam seus direitos violados diariamente e que, sem o apoio dos defensores, sequer conseguem chegar at\u00e9 o sistema de Justi\u00e7a. Sem or\u00e7amento, a Defensoria n\u00e3o alcan\u00e7a quem precisa. Sem estrutura, os direitos deixam de ser garantidos. E quando isso acontece, a Justi\u00e7a falha e falha sempre contra os mais vulner\u00e1veis.<\/p>\n<p>\u00c9 preciso reafirmar: or\u00e7amento justo \u00e9 compromisso com o povo. Sem recursos suficientes, n\u00e3o \u00e9 poss\u00edvel nomear novos defensores, expandir a presen\u00e7a institucional para o interior do estado, manter equipes de apoio ou oferecer estrutura m\u00ednima para o atendimento da popula\u00e7\u00e3o.<\/p>\n<p>Enquanto outros estados avan\u00e7am, a Bahia segue em compasso de espera. S\u00e3o Paulo, aprovou em 2023 a Lei Complementar 1.392\/23, abrindo caminho para expans\u00e3o estrutural da Defensoria paulista. Mais do que cumprir uma emenda constitucional, trata-se de cumprir com o princ\u00edpio da dignidade humana. Os defensores atuam com os grupos que a Justi\u00e7a costuma esquecer. Fortalecer a pr\u00e1tica desses profissionais \u00e9 um ato de repara\u00e7\u00e3o social e compromisso com a democracia.<\/p>\n<p>O Dois de Julho nos lembra que a luta pela liberdade n\u00e3o terminou em 1823. Ela continua hoje, nas ruas, nas comunidades, nos interiores e periferias onde os defensores ainda n\u00e3o chegaram. A independ\u00eancia s\u00f3 ser\u00e1 completa quando cada baiano e baiana tiver acesso \u00e0 Justi\u00e7a. E por isso seguimos lutando, porque garantir or\u00e7amento, estrutura e expans\u00e3o da Defensoria P\u00fablica \u00e9 garantir um futuro mais justo, digno e verdadeiramente livre para todos.<\/p>\n<p><strong>Artigo escrito por Beth\u00e2nia Ferreira, Presidenta ADEP-BA<\/strong><\/p>\n<p><em>Siga o Acorda Cidade no<\/em><a href=\"https:\/\/news.google.com\/search?q=acorda%20cidade&amp;hl=pt-BR&amp;gl=BR&amp;ceid=BR%3Apt-419\"><strong><em>\u00a0Google Not\u00edcias<\/em><\/strong><\/a><em>\u00a0e receba os principais destaques do dia. Participe tamb\u00e9m dos nossos canais no\u00a0<\/em><a href=\"https:\/\/www.whatsapp.com\/channel\/0029Va6Rb4v3WHTNnsh8WI3N\"><strong><em>WhatsApp<\/em><\/strong><\/a><em>\u00a0e\u00a0<\/em><a href=\"https:\/\/www.youtube.com\/@acordacidadenoticias\/videos\"><strong>Youtube<\/strong><\/a><em>\u00a0e grupo de\u00a0<\/em><a href=\"https:\/\/t.me\/+sSz0khrgARA0ZmRh\"><strong><em>Telegram<\/em><\/strong><\/a><em>.<\/em><\/p>\n<\/div>\n","protected":false},"excerpt":{"rendered":"<div>\n<div>\n<figure><img decoding=\"async\" src=\"https:\/\/uploads.acordacidade.com.br\/2025\/07\/Bethania-Ferreira-Presidenta-ADEP-BA-artigo-defensores-publicos.jpg\" alt=\"Beth\u00e2nia Ferreira Presidenta ADEP-BA artigo defensores p\u00fablicos\"><figcaption>Foto: S. Kainuma<\/figcaption><\/figure>\n<\/div>\n<p>O Estado tem 203 comarcas e apenas 96 tem a presen\u00e7a de um defensor p\u00fablico.<\/p><\/div>\n","protected":false},"author":1,"featured_media":91872,"comment_status":"closed","ping_status":"closed","sticky":false,"template":"","format":"gallery","meta":{"footnotes":""},"categories":[8,9,6,57,56,10],"tags":[],"class_list":["post-91871","post","type-post","status-publish","format-gallery","has-post-thumbnail","hentry","category-bahia","category-brasil","category-feira-de-santana","category-mundo","category-policia","category-politica","post_format-post-format-gallery"],"featured_image_urls":{"full":["https:\/\/noticiasbahia360.com.br\/wp-content\/uploads\/2025\/07\/Bethania-Ferreira-Presidenta-ADEP-BA-artigo-defensores-publicos.jpg",1200,929,false],"thumbnail":["https:\/\/noticiasbahia360.com.br\/wp-content\/uploads\/2025\/07\/Bethania-Ferreira-Presidenta-ADEP-BA-artigo-defensores-publicos-150x150.jpg",150,150,true],"medium":["https:\/\/noticiasbahia360.com.br\/wp-content\/uploads\/2025\/07\/Bethania-Ferreira-Presidenta-ADEP-BA-artigo-defensores-publicos-300x232.jpg",300,232,true],"medium_large":["https:\/\/noticiasbahia360.com.br\/wp-content\/uploads\/2025\/07\/Bethania-Ferreira-Presidenta-ADEP-BA-artigo-defensores-publicos-768x595.jpg",640,496,true],"large":["https:\/\/noticiasbahia360.com.br\/wp-content\/uploads\/2025\/07\/Bethania-Ferreira-Presidenta-ADEP-BA-artigo-defensores-publicos-1024x793.jpg",640,496,true],"1536x1536":["https:\/\/noticiasbahia360.com.br\/wp-content\/uploads\/2025\/07\/Bethania-Ferreira-Presidenta-ADEP-BA-artigo-defensores-publicos.jpg",1200,929,false],"2048x2048":["https:\/\/noticiasbahia360.com.br\/wp-content\/uploads\/2025\/07\/Bethania-Ferreira-Presidenta-ADEP-BA-artigo-defensores-publicos.jpg",1200,929,false],"chromenews-featured":["https:\/\/noticiasbahia360.com.br\/wp-content\/uploads\/2025\/07\/Bethania-Ferreira-Presidenta-ADEP-BA-artigo-defensores-publicos-1024x793.jpg",1024,793,true],"chromenews-large":["https:\/\/noticiasbahia360.com.br\/wp-content\/uploads\/2025\/07\/Bethania-Ferreira-Presidenta-ADEP-BA-artigo-defensores-publicos-825x575.jpg",825,575,true],"chromenews-medium":["https:\/\/noticiasbahia360.com.br\/wp-content\/uploads\/2025\/07\/Bethania-Ferreira-Presidenta-ADEP-BA-artigo-defensores-publicos-590x410.jpg",590,410,true]},"author_info":{"display_name":"noticiasbahia360.com.br","author_link":"https:\/\/noticiasbahia360.com.br\/?author=1"},"category_info":"<a href=\"https:\/\/noticiasbahia360.com.br\/?cat=8\" rel=\"category\">Bahia<\/a> <a href=\"https:\/\/noticiasbahia360.com.br\/?cat=9\" rel=\"category\">Brasil<\/a> <a href=\"https:\/\/noticiasbahia360.com.br\/?cat=6\" rel=\"category\">Feira de Santana<\/a> <a href=\"https:\/\/noticiasbahia360.com.br\/?cat=57\" rel=\"category\">Mundo<\/a> <a href=\"https:\/\/noticiasbahia360.com.br\/?cat=56\" rel=\"category\">Pol\u00edcia<\/a> <a href=\"https:\/\/noticiasbahia360.com.br\/?cat=10\" rel=\"category\">Pol\u00edtica<\/a>","tag_info":"Pol\u00edtica","comment_count":"0","_links":{"self":[{"href":"https:\/\/noticiasbahia360.com.br\/index.php?rest_route=\/wp\/v2\/posts\/91871","targetHints":{"allow":["GET"]}}],"collection":[{"href":"https:\/\/noticiasbahia360.com.br\/index.php?rest_route=\/wp\/v2\/posts"}],"about":[{"href":"https:\/\/noticiasbahia360.com.br\/index.php?rest_route=\/wp\/v2\/types\/post"}],"author":[{"embeddable":true,"href":"https:\/\/noticiasbahia360.com.br\/index.php?rest_route=\/wp\/v2\/users\/1"}],"replies":[{"embeddable":true,"href":"https:\/\/noticiasbahia360.com.br\/index.php?rest_route=%2Fwp%2Fv2%2Fcomments&post=91871"}],"version-history":[{"count":0,"href":"https:\/\/noticiasbahia360.com.br\/index.php?rest_route=\/wp\/v2\/posts\/91871\/revisions"}],"wp:featuredmedia":[{"embeddable":true,"href":"https:\/\/noticiasbahia360.com.br\/index.php?rest_route=\/wp\/v2\/media\/91872"}],"wp:attachment":[{"href":"https:\/\/noticiasbahia360.com.br\/index.php?rest_route=%2Fwp%2Fv2%2Fmedia&parent=91871"}],"wp:term":[{"taxonomy":"category","embeddable":true,"href":"https:\/\/noticiasbahia360.com.br\/index.php?rest_route=%2Fwp%2Fv2%2Fcategories&post=91871"},{"taxonomy":"post_tag","embeddable":true,"href":"https:\/\/noticiasbahia360.com.br\/index.php?rest_route=%2Fwp%2Fv2%2Ftags&post=91871"}],"curies":[{"name":"wp","href":"https:\/\/api.w.org\/{rel}","templated":true}]}}