{"id":91873,"date":"2025-07-02T14:20:15","date_gmt":"2025-07-02T17:20:15","guid":{"rendered":"https:\/\/noticiasbahia360.com.br\/?p=91873"},"modified":"2025-07-02T14:20:15","modified_gmt":"2025-07-02T17:20:15","slug":"comunidade-santo-antonio-inaugura-nova-capela-no-distrito-da-matinha-no-proximo-domingo-6","status":"publish","type":"post","link":"https:\/\/noticiasbahia360.com.br\/?p=91873","title":{"rendered":"Comunidade Santo Ant\u00f4nio inaugura nova capela no distrito da Matinha no pr\u00f3ximo domingo (6)"},"content":{"rendered":"<div>\n<div>\n<figure><img decoding=\"async\" src=\"http:\/\/noticiasbahia360.com.br\/wp-content\/uploads\/2025\/07\/Igreja-de-Santo-Antonio-no-distrito-de-Matinha-.webp\" alt=\"Igreja de Santo Ant\u00f4nio no distrito de Matinha\"><figcaption>Foto: Divulga\u00e7\u00e3o\/Pascom<\/figcaption><\/figure>\n<\/div>\n<p>No pr\u00f3ximo domingo, 6 de julho, a Comunidade Santo Ant\u00f4nio, localizada no Alecrim Mi\u00fado, <a href=\"https:\/\/www.acordacidade.com.br\/tag\/distrito-da-matinha\/\">distrito da Matinha<\/a>, em Feira de Santana, celebrar\u00e1 a inaugura\u00e7\u00e3o da sua nova capela, a Igreja Cat\u00f3lica Santo Ant\u00f4nio de P\u00e1dua.<\/p>\n<p>A celebra\u00e7\u00e3o est\u00e1 marcada para \u00e0s 16h e ser\u00e1 presidida por Dom Zanoni Demettino Castro, Arcebispo Metropolitano de Feira de Santana. O momento promete reunir fi\u00e9is em uma tarde de f\u00e9, emo\u00e7\u00e3o e gratid\u00e3o, selando uma conquista constru\u00edda com esfor\u00e7o e devo\u00e7\u00e3o pela pr\u00f3pria comunidade.<\/p>\n<p>A nova igreja \u00e9 fruto da uni\u00e3o dos moradores, que se dedicaram com perseveran\u00e7a para transformar em realidade um sonho antigo. Mais do que uma constru\u00e7\u00e3o f\u00edsica, a capela representa um s\u00edmbolo de f\u00e9 e pertencimento para todos que fazem parte da Comunidade Santo Ant\u00f4nio.<\/p>\n<p>A organiza\u00e7\u00e3o convida toda a comunidade local e fi\u00e9is da regi\u00e3o para participarem deste momento especial de celebra\u00e7\u00e3o e agradecimento.<\/p>\n<p><em>Siga o Acorda Cidade no<\/em><a href=\"https:\/\/news.google.com\/search?q=acorda%20cidade&amp;hl=pt-BR&amp;gl=BR&amp;ceid=BR%3Apt-419\"><strong><em>\u00a0Google Not\u00edcias<\/em><\/strong><\/a><em>\u00a0e receba os principais destaques do dia. Participe tamb\u00e9m dos nossos canais no\u00a0<\/em><a href=\"https:\/\/www.whatsapp.com\/channel\/0029Va6Rb4v3WHTNnsh8WI3N\"><strong><em>WhatsApp<\/em><\/strong><\/a><em>\u00a0e\u00a0<\/em><a href=\"https:\/\/www.youtube.com\/@acordacidadenoticias\/videos\"><strong>YouTube<\/strong><\/a><em>\u00a0e grupo de\u00a0<\/em><a href=\"https:\/\/t.me\/+sSz0khrgARA0ZmRh\"><strong><em>Telegram<\/em><\/strong><\/a><em>.<\/em><\/p>\n<\/div>\n","protected":false},"excerpt":{"rendered":"<div>\n<div>\n<figure><img decoding=\"async\" src=\"https:\/\/uploads.acordacidade.com.br\/2025\/07\/Igreja-de-Santo-Antonio-no-distrito-de-Matinha-.webp\" alt=\"Igreja de Santo Ant\u00f4nio no distrito de Matinha\"><figcaption>Foto: Divulga\u00e7\u00e3o\/Pascom<\/figcaption><\/figure>\n<\/div>\n<p>Mais do que uma constru\u00e7\u00e3o f\u00edsica, a capela representa um s\u00edmbolo de f\u00e9 e pertencimento para todos que fazem parte da Comunidade Santo Ant\u00f4nio.<\/p><\/div>\n","protected":false},"author":1,"featured_media":91874,"comment_status":"closed","ping_status":"closed","sticky":false,"template":"","format":"gallery","meta":{"footnotes":""},"categories":[8,9,6,57,56,10],"tags":[],"class_list":["post-91873","post","type-post","status-publish","format-gallery","has-post-thumbnail","hentry","category-bahia","category-brasil","category-feira-de-santana","category-mundo","category-policia","category-politica","post_format-post-format-gallery"],"featured_image_urls":{"full":["https:\/\/noticiasbahia360.com.br\/wp-content\/uploads\/2025\/07\/Igreja-de-Santo-Antonio-no-distrito-de-Matinha-.webp",1200,842,false],"thumbnail":["https:\/\/noticiasbahia360.com.br\/wp-content\/uploads\/2025\/07\/Igreja-de-Santo-Antonio-no-distrito-de-Matinha--150x150.webp",150,150,true],"medium":["https:\/\/noticiasbahia360.com.br\/wp-content\/uploads\/2025\/07\/Igreja-de-Santo-Antonio-no-distrito-de-Matinha--300x211.webp",300,211,true],"medium_large":["https:\/\/noticiasbahia360.com.br\/wp-content\/uploads\/2025\/07\/Igreja-de-Santo-Antonio-no-distrito-de-Matinha--768x539.webp",640,449,true],"large":["https:\/\/noticiasbahia360.com.br\/wp-content\/uploads\/2025\/07\/Igreja-de-Santo-Antonio-no-distrito-de-Matinha--1024x719.webp",640,449,true],"1536x1536":["https:\/\/noticiasbahia360.com.br\/wp-content\/uploads\/2025\/07\/Igreja-de-Santo-Antonio-no-distrito-de-Matinha-.webp",1200,842,false],"2048x2048":["https:\/\/noticiasbahia360.com.br\/wp-content\/uploads\/2025\/07\/Igreja-de-Santo-Antonio-no-distrito-de-Matinha-.webp",1200,842,false],"chromenews-featured":["https:\/\/noticiasbahia360.com.br\/wp-content\/uploads\/2025\/07\/Igreja-de-Santo-Antonio-no-distrito-de-Matinha--1024x719.webp",1024,719,true],"chromenews-large":["https:\/\/noticiasbahia360.com.br\/wp-content\/uploads\/2025\/07\/Igreja-de-Santo-Antonio-no-distrito-de-Matinha--825x575.webp",825,575,true],"chromenews-medium":["https:\/\/noticiasbahia360.com.br\/wp-content\/uploads\/2025\/07\/Igreja-de-Santo-Antonio-no-distrito-de-Matinha--590x410.webp",590,410,true]},"author_info":{"display_name":"noticiasbahia360.com.br","author_link":"https:\/\/noticiasbahia360.com.br\/?author=1"},"category_info":"<a href=\"https:\/\/noticiasbahia360.com.br\/?cat=8\" rel=\"category\">Bahia<\/a> <a href=\"https:\/\/noticiasbahia360.com.br\/?cat=9\" rel=\"category\">Brasil<\/a> <a href=\"https:\/\/noticiasbahia360.com.br\/?cat=6\" rel=\"category\">Feira de Santana<\/a> <a href=\"https:\/\/noticiasbahia360.com.br\/?cat=57\" rel=\"category\">Mundo<\/a> <a href=\"https:\/\/noticiasbahia360.com.br\/?cat=56\" rel=\"category\">Pol\u00edcia<\/a> <a href=\"https:\/\/noticiasbahia360.com.br\/?cat=10\" rel=\"category\">Pol\u00edtica<\/a>","tag_info":"Pol\u00edtica","comment_count":"0","_links":{"self":[{"href":"https:\/\/noticiasbahia360.com.br\/index.php?rest_route=\/wp\/v2\/posts\/91873","targetHints":{"allow":["GET"]}}],"collection":[{"href":"https:\/\/noticiasbahia360.com.br\/index.php?rest_route=\/wp\/v2\/posts"}],"about":[{"href":"https:\/\/noticiasbahia360.com.br\/index.php?rest_route=\/wp\/v2\/types\/post"}],"author":[{"embeddable":true,"href":"https:\/\/noticiasbahia360.com.br\/index.php?rest_route=\/wp\/v2\/users\/1"}],"replies":[{"embeddable":true,"href":"https:\/\/noticiasbahia360.com.br\/index.php?rest_route=%2Fwp%2Fv2%2Fcomments&post=91873"}],"version-history":[{"count":0,"href":"https:\/\/noticiasbahia360.com.br\/index.php?rest_route=\/wp\/v2\/posts\/91873\/revisions"}],"wp:featuredmedia":[{"embeddable":true,"href":"https:\/\/noticiasbahia360.com.br\/index.php?rest_route=\/wp\/v2\/media\/91874"}],"wp:attachment":[{"href":"https:\/\/noticiasbahia360.com.br\/index.php?rest_route=%2Fwp%2Fv2%2Fmedia&parent=91873"}],"wp:term":[{"taxonomy":"category","embeddable":true,"href":"https:\/\/noticiasbahia360.com.br\/index.php?rest_route=%2Fwp%2Fv2%2Fcategories&post=91873"},{"taxonomy":"post_tag","embeddable":true,"href":"https:\/\/noticiasbahia360.com.br\/index.php?rest_route=%2Fwp%2Fv2%2Ftags&post=91873"}],"curies":[{"name":"wp","href":"https:\/\/api.w.org\/{rel}","templated":true}]}}