{"id":91875,"date":"2025-07-02T14:55:34","date_gmt":"2025-07-02T17:55:34","guid":{"rendered":"https:\/\/noticiasbahia360.com.br\/?p=91875"},"modified":"2025-07-02T14:55:34","modified_gmt":"2025-07-02T17:55:34","slug":"madrugada-de-terror-em-maragogipe-ataque-armado-de-faccao-deixa-rastro-de-destruicao-em-sao-roque-do-paraguacu","status":"publish","type":"post","link":"https:\/\/noticiasbahia360.com.br\/?p=91875","title":{"rendered":"Madrugada de terror em Maragogipe: ataque armado de fac\u00e7\u00e3o deixa rastro de destrui\u00e7\u00e3o em S\u00e3o Roque do Paragua\u00e7u"},"content":{"rendered":"<div>\n<div>\n<figure><img decoding=\"async\" src=\"http:\/\/noticiasbahia360.com.br\/wp-content\/uploads\/2025\/07\/Ataque-de-faccao-em-Sao-Roque-do-Paraguacu-.webp\" alt=\"Ataque de fac\u00e7\u00e3o em S\u00e3o Roque do Paragua\u00e7u-1234\"><figcaption>Foto: Divulga\u00e7\u00e3o\/Blog do Valente <\/figcaption><\/figure>\n<\/div>\n<p>Horas de tens\u00e3o e medo marcaram a madrugada desta quarta-feira (2) no distrito de S\u00e3o Roque do Paragua\u00e7u, em Maragogipe, no Rec\u00f4ncavo Baiano. A comunidade foi invadida por um grupo de mais de 20 homens fortemente armados, que chegaram de barco e abriram fogo contra resid\u00eancias, ve\u00edculos e estabelecimentos comerciais, deixando um rastro de destrui\u00e7\u00e3o ap\u00f3s o ataque. At\u00e9 o momento, n\u00e3o h\u00e1 informa\u00e7\u00f5es sobre feridos. <\/p>\n<figure class=\"wp-block-image size-large\"><img fetchpriority=\"high\" data-dominant-color=\"959795\" data-has-transparency=\"false\" style=\"--dominant-color: #959795;\" fetchpriority=\"high\" decoding=\"async\" width=\"1064\" height=\"768\" sizes=\"(max-width: 1064px) 100vw, 1064px\" src=\"http:\/\/noticiasbahia360.com.br\/wp-content\/uploads\/2025\/07\/Ataque-de-faccao-em-Sao-Roque-do-Paraguacu-1064x768-1.webp\" alt=\"Ataque de fac\u00e7\u00e3o em S\u00e3o Roque do Paragua\u00e7u-1234\" class=\"wp-image-570908 not-transparent\" srcset=\"https:\/\/uploads.acordacidade.com.br\/2025\/07\/Ataque-de-faccao-em-Sao-Roque-do-Paraguacu-506x365.webp 506w, http:\/\/noticiasbahia360.com.br\/wp-content\/uploads\/2025\/07\/Ataque-de-faccao-em-Sao-Roque-do-Paraguacu-1064x768-1.webp 1064w, https:\/\/uploads.acordacidade.com.br\/2025\/07\/Ataque-de-faccao-em-Sao-Roque-do-Paraguacu-766x553.webp 766w, https:\/\/uploads.acordacidade.com.br\/2025\/07\/Ataque-de-faccao-em-Sao-Roque-do-Paraguacu-150x108.webp 150w, https:\/\/uploads.acordacidade.com.br\/2025\/07\/Ataque-de-faccao-em-Sao-Roque-do-Paraguacu.webp 1200w\"><figcaption class=\"wp-element-caption\">Foto: Divulga\u00e7\u00e3o\/Blog do Valente <\/figcaption><\/figure>\n<p>Segundo relatos de moradores, os criminosos dispararam rajadas de metralhadora por cerca de tr\u00eas horas, entre 2h e 5h da manh\u00e3. Eles gritavam palavras de ordem como \u201cTropa do Cris\u201d e seriam, conforme suspeitas, integrantes de uma fac\u00e7\u00e3o. A a\u00e7\u00e3o gerou p\u00e2nico generalizado e levou fam\u00edlias a se esconderem dentro de casa, temendo pela pr\u00f3pria vida.<\/p>\n<figure class=\"wp-block-image size-large\"><img data-dominant-color=\"adafb0\" data-has-transparency=\"false\" style=\"--dominant-color: #adafb0;\" decoding=\"async\" width=\"1065\" height=\"768\" sizes=\"(max-width: 1065px) 100vw, 1065px\" src=\"http:\/\/noticiasbahia360.com.br\/wp-content\/uploads\/2025\/07\/Ataque-de-faccao-em-Sao-Roque-do-Paraguacu-1-1065x768-1.webp\" alt=\"Ataque de fac\u00e7\u00e3o em S\u00e3o Roque do Paragua\u00e7u-1234\" class=\"wp-image-570906 not-transparent\" srcset=\"https:\/\/uploads.acordacidade.com.br\/2025\/07\/Ataque-de-faccao-em-Sao-Roque-do-Paraguacu-1-506x365.webp 506w, http:\/\/noticiasbahia360.com.br\/wp-content\/uploads\/2025\/07\/Ataque-de-faccao-em-Sao-Roque-do-Paraguacu-1-1065x768-1.webp 1065w, https:\/\/uploads.acordacidade.com.br\/2025\/07\/Ataque-de-faccao-em-Sao-Roque-do-Paraguacu-1-767x553.webp 767w, https:\/\/uploads.acordacidade.com.br\/2025\/07\/Ataque-de-faccao-em-Sao-Roque-do-Paraguacu-1-150x108.webp 150w, https:\/\/uploads.acordacidade.com.br\/2025\/07\/Ataque-de-faccao-em-Sao-Roque-do-Paraguacu-1.webp 1200w\"><figcaption class=\"wp-element-caption\">Foto: Divulga\u00e7\u00e3o\/Blog do Valente <\/figcaption><\/figure>\n<p>Imagens obtidas pelo Blog do Valente, parceiro do Acorda Cidade, mostram c\u00e1psulas de muni\u00e7\u00e3o recolhidas por moradores e vidros estilha\u00e7ados de casas e carros. \u201cFoi um pesadelo. Nunca vi nada parecido\u201d, disse um morador ao site. Muitos relatam que os criminosos s\u00f3 deixaram o local ao amanhecer.<\/p>\n<figure class=\"wp-block-image size-large\"><img data-dominant-color=\"8c8984\" data-has-transparency=\"false\" style=\"--dominant-color: #8c8984;\" decoding=\"async\" width=\"1143\" height=\"768\" sizes=\"(max-width: 1143px) 100vw, 1143px\" src=\"http:\/\/noticiasbahia360.com.br\/wp-content\/uploads\/2025\/07\/Ataque-de-faccao-em-Sao-Roque-do-Paraguacu-1234-1143x768-1.webp\" alt=\"Ataque de fac\u00e7\u00e3o em S\u00e3o Roque do Paragua\u00e7u-1234\" class=\"wp-image-570903 not-transparent\" srcset=\"https:\/\/uploads.acordacidade.com.br\/2025\/07\/Ataque-de-faccao-em-Sao-Roque-do-Paraguacu-1234-543x365.webp 543w, http:\/\/noticiasbahia360.com.br\/wp-content\/uploads\/2025\/07\/Ataque-de-faccao-em-Sao-Roque-do-Paraguacu-1234-1143x768-1.webp 1143w, https:\/\/uploads.acordacidade.com.br\/2025\/07\/Ataque-de-faccao-em-Sao-Roque-do-Paraguacu-1234-823x553.webp 823w, https:\/\/uploads.acordacidade.com.br\/2025\/07\/Ataque-de-faccao-em-Sao-Roque-do-Paraguacu-1234-150x101.webp 150w, https:\/\/uploads.acordacidade.com.br\/2025\/07\/Ataque-de-faccao-em-Sao-Roque-do-Paraguacu-1234.webp 1200w\"><figcaption class=\"wp-element-caption\">Foto: Divulga\u00e7\u00e3o\/Blog do Valente <\/figcaption><\/figure>\n<p>O impacto do ataque tamb\u00e9m atingiu trabalhadores que atuam na retomada das obras do estaleiro naval local \u2014 um empreendimento que havia reacendido a esperan\u00e7a de desenvolvimento e gera\u00e7\u00e3o de empregos na regi\u00e3o. Um funcion\u00e1rio, que pediu anonimato, contou que solicitou \u00e0 empresa para ser transferido para uma cidade vizinha. <\/p>\n<p>\u201cPedi para ir para Salinas por quest\u00e3o de seguran\u00e7a. Muitos colegas est\u00e3o fazendo o mesmo\u201d, afirmou em entrevista ao Blog do Valente. Ele tamb\u00e9m confirmou que as empresas est\u00e3o cientes da situa\u00e7\u00e3o.<\/p>\n<figure class=\"wp-block-image size-full\"><img data-dominant-color=\"798177\" data-has-transparency=\"false\" style=\"--dominant-color: #798177;\" decoding=\"async\" width=\"1200\" height=\"672\" sizes=\"(max-width: 1200px) 100vw, 1200px\" src=\"http:\/\/noticiasbahia360.com.br\/wp-content\/uploads\/2025\/07\/Ataque-de-faccao-em-Sao-Roque-do-Paraguacu-12.webp\" alt=\"Ataque de fac\u00e7\u00e3o em S\u00e3o Roque do Paragua\u00e7u-1234\" class=\"wp-image-570905 not-transparent\" srcset=\"https:\/\/uploads.acordacidade.com.br\/2025\/07\/Ataque-de-faccao-em-Sao-Roque-do-Paraguacu-12-648x363.webp 648w, https:\/\/uploads.acordacidade.com.br\/2025\/07\/Ataque-de-faccao-em-Sao-Roque-do-Paraguacu-12-984x551.webp 984w, https:\/\/uploads.acordacidade.com.br\/2025\/07\/Ataque-de-faccao-em-Sao-Roque-do-Paraguacu-12-150x84.webp 150w, http:\/\/noticiasbahia360.com.br\/wp-content\/uploads\/2025\/07\/Ataque-de-faccao-em-Sao-Roque-do-Paraguacu-12.webp 1200w\"><figcaption class=\"wp-element-caption\">Foto: Divulga\u00e7\u00e3o\/Blog do Valente <\/figcaption><\/figure>\n<p>A escalada da viol\u00eancia acende um sinal de alerta para a seguran\u00e7a p\u00fablica na regi\u00e3o, especialmente diante da reativa\u00e7\u00e3o das atividades industriais. Enquanto o estaleiro simboliza a promessa de progresso, a presen\u00e7a de fac\u00e7\u00f5es criminosas amea\u00e7a a tranquilidade e o futuro da comunidade.<\/p>\n<figure class=\"wp-block-image size-full\"><img loading=\"lazy\" data-dominant-color=\"607068\" data-has-transparency=\"false\" style=\"--dominant-color: #607068;\" decoding=\"async\" width=\"1200\" height=\"672\" sizes=\"(max-width: 1200px) 100vw, 1200px\" src=\"http:\/\/noticiasbahia360.com.br\/wp-content\/uploads\/2025\/07\/Ataque-de-faccao-em-Sao-Roque-do-Paraguacu-123.webp\" alt=\"Ataque de fac\u00e7\u00e3o em S\u00e3o Roque do Paragua\u00e7u-1234\" class=\"wp-image-570904 not-transparent\" srcset=\"https:\/\/uploads.acordacidade.com.br\/2025\/07\/Ataque-de-faccao-em-Sao-Roque-do-Paraguacu-123-648x363.webp 648w, https:\/\/uploads.acordacidade.com.br\/2025\/07\/Ataque-de-faccao-em-Sao-Roque-do-Paraguacu-123-984x551.webp 984w, https:\/\/uploads.acordacidade.com.br\/2025\/07\/Ataque-de-faccao-em-Sao-Roque-do-Paraguacu-123-150x84.webp 150w, http:\/\/noticiasbahia360.com.br\/wp-content\/uploads\/2025\/07\/Ataque-de-faccao-em-Sao-Roque-do-Paraguacu-123.webp 1200w\"><figcaption class=\"wp-element-caption\">Foto: Divulga\u00e7\u00e3o\/Blog do Valente <\/figcaption><\/figure>\n<p><em>Siga o Acorda Cidade no<\/em><a href=\"https:\/\/news.google.com\/search?q=acorda%20cidade&amp;hl=pt-BR&amp;gl=BR&amp;ceid=BR%3Apt-419\"><strong><em>\u00a0Google Not\u00edcias<\/em><\/strong><\/a><em>\u00a0e receba os principais destaques do dia. Participe tamb\u00e9m dos nossos canais no\u00a0<\/em><a href=\"https:\/\/www.whatsapp.com\/channel\/0029Va6Rb4v3WHTNnsh8WI3N\"><strong><em>WhatsApp<\/em><\/strong><\/a><em>\u00a0e\u00a0<\/em><a href=\"https:\/\/www.youtube.com\/@acordacidadenoticias\/videos\"><strong>YouTube<\/strong><\/a><em>\u00a0e grupo de\u00a0<\/em><a href=\"https:\/\/t.me\/+sSz0khrgARA0ZmRh\"><strong><em>Telegram<\/em><\/strong><\/a><em>.<\/em><\/p>\n<\/div>\n","protected":false},"excerpt":{"rendered":"<div>\n<div>\n<figure><img decoding=\"async\" src=\"https:\/\/uploads.acordacidade.com.br\/2025\/07\/Ataque-de-faccao-em-Sao-Roque-do-Paraguacu-.webp\" alt=\"Ataque de fac\u00e7\u00e3o em S\u00e3o Roque do Paragua\u00e7u-1234\"><figcaption>Foto: Divulga\u00e7\u00e3o\/Blog do Valente <\/figcaption><\/figure>\n<\/div>\n<p>Moradores vivem madrugada de p\u00e2nico com ataque armado em distrito de Maragogipe; clima de medo amea\u00e7a retomada econ\u00f4mica.<\/p><\/div>\n","protected":false},"author":1,"featured_media":91876,"comment_status":"closed","ping_status":"closed","sticky":false,"template":"","format":"gallery","meta":{"footnotes":""},"categories":[8,9,6,57,56,10],"tags":[],"class_list":["post-91875","post","type-post","status-publish","format-gallery","has-post-thumbnail","hentry","category-bahia","category-brasil","category-feira-de-santana","category-mundo","category-policia","category-politica","post_format-post-format-gallery"],"featured_image_urls":{"full":["https:\/\/noticiasbahia360.com.br\/wp-content\/uploads\/2025\/07\/Ataque-de-faccao-em-Sao-Roque-do-Paraguacu-.webp",1200,770,false],"thumbnail":["https:\/\/noticiasbahia360.com.br\/wp-content\/uploads\/2025\/07\/Ataque-de-faccao-em-Sao-Roque-do-Paraguacu--150x150.webp",150,150,true],"medium":["https:\/\/noticiasbahia360.com.br\/wp-content\/uploads\/2025\/07\/Ataque-de-faccao-em-Sao-Roque-do-Paraguacu--300x193.webp",300,193,true],"medium_large":["https:\/\/noticiasbahia360.com.br\/wp-content\/uploads\/2025\/07\/Ataque-de-faccao-em-Sao-Roque-do-Paraguacu--768x493.webp",640,411,true],"large":["https:\/\/noticiasbahia360.com.br\/wp-content\/uploads\/2025\/07\/Ataque-de-faccao-em-Sao-Roque-do-Paraguacu--1024x657.webp",640,411,true],"1536x1536":["https:\/\/noticiasbahia360.com.br\/wp-content\/uploads\/2025\/07\/Ataque-de-faccao-em-Sao-Roque-do-Paraguacu-.webp",1200,770,false],"2048x2048":["https:\/\/noticiasbahia360.com.br\/wp-content\/uploads\/2025\/07\/Ataque-de-faccao-em-Sao-Roque-do-Paraguacu-.webp",1200,770,false],"chromenews-featured":["https:\/\/noticiasbahia360.com.br\/wp-content\/uploads\/2025\/07\/Ataque-de-faccao-em-Sao-Roque-do-Paraguacu--1024x657.webp",1024,657,true],"chromenews-large":["https:\/\/noticiasbahia360.com.br\/wp-content\/uploads\/2025\/07\/Ataque-de-faccao-em-Sao-Roque-do-Paraguacu--825x575.webp",825,575,true],"chromenews-medium":["https:\/\/noticiasbahia360.com.br\/wp-content\/uploads\/2025\/07\/Ataque-de-faccao-em-Sao-Roque-do-Paraguacu--590x410.webp",590,410,true]},"author_info":{"display_name":"noticiasbahia360.com.br","author_link":"https:\/\/noticiasbahia360.com.br\/?author=1"},"category_info":"<a href=\"https:\/\/noticiasbahia360.com.br\/?cat=8\" rel=\"category\">Bahia<\/a> <a href=\"https:\/\/noticiasbahia360.com.br\/?cat=9\" rel=\"category\">Brasil<\/a> <a href=\"https:\/\/noticiasbahia360.com.br\/?cat=6\" rel=\"category\">Feira de Santana<\/a> <a href=\"https:\/\/noticiasbahia360.com.br\/?cat=57\" rel=\"category\">Mundo<\/a> <a href=\"https:\/\/noticiasbahia360.com.br\/?cat=56\" rel=\"category\">Pol\u00edcia<\/a> <a href=\"https:\/\/noticiasbahia360.com.br\/?cat=10\" rel=\"category\">Pol\u00edtica<\/a>","tag_info":"Pol\u00edtica","comment_count":"0","_links":{"self":[{"href":"https:\/\/noticiasbahia360.com.br\/index.php?rest_route=\/wp\/v2\/posts\/91875","targetHints":{"allow":["GET"]}}],"collection":[{"href":"https:\/\/noticiasbahia360.com.br\/index.php?rest_route=\/wp\/v2\/posts"}],"about":[{"href":"https:\/\/noticiasbahia360.com.br\/index.php?rest_route=\/wp\/v2\/types\/post"}],"author":[{"embeddable":true,"href":"https:\/\/noticiasbahia360.com.br\/index.php?rest_route=\/wp\/v2\/users\/1"}],"replies":[{"embeddable":true,"href":"https:\/\/noticiasbahia360.com.br\/index.php?rest_route=%2Fwp%2Fv2%2Fcomments&post=91875"}],"version-history":[{"count":0,"href":"https:\/\/noticiasbahia360.com.br\/index.php?rest_route=\/wp\/v2\/posts\/91875\/revisions"}],"wp:featuredmedia":[{"embeddable":true,"href":"https:\/\/noticiasbahia360.com.br\/index.php?rest_route=\/wp\/v2\/media\/91876"}],"wp:attachment":[{"href":"https:\/\/noticiasbahia360.com.br\/index.php?rest_route=%2Fwp%2Fv2%2Fmedia&parent=91875"}],"wp:term":[{"taxonomy":"category","embeddable":true,"href":"https:\/\/noticiasbahia360.com.br\/index.php?rest_route=%2Fwp%2Fv2%2Fcategories&post=91875"},{"taxonomy":"post_tag","embeddable":true,"href":"https:\/\/noticiasbahia360.com.br\/index.php?rest_route=%2Fwp%2Fv2%2Ftags&post=91875"}],"curies":[{"name":"wp","href":"https:\/\/api.w.org\/{rel}","templated":true}]}}