{"id":91882,"date":"2025-07-02T15:12:40","date_gmt":"2025-07-02T18:12:40","guid":{"rendered":"https:\/\/noticiasbahia360.com.br\/?p=91882"},"modified":"2025-07-02T15:12:40","modified_gmt":"2025-07-02T18:12:40","slug":"acidente-grave-entre-caminhoes-deixa-dois-feridos-na-br-101-em-feira-de-santana","status":"publish","type":"post","link":"https:\/\/noticiasbahia360.com.br\/?p=91882","title":{"rendered":"Acidente grave entre caminh\u00f5es deixa dois feridos na BR-101, em Feira de Santana"},"content":{"rendered":"<div>\n<div>\n<figure><img decoding=\"async\" src=\"http:\/\/noticiasbahia360.com.br\/wp-content\/uploads\/2025\/07\/Acidente-na-101.webp\" alt=\"Acidente na 101\"><figcaption>Foto: Reprodu\u00e7\u00e3o\/Redes Sociais <\/figcaption><\/figure>\n<\/div>\n<p>Dois homens ficaram feridos ap\u00f3s um grave <a href=\"https:\/\/www.acordacidade.com.br\/tag\/acidente\/\">acidente<\/a> envolvendo um caminh\u00e3o com placa da cidade de S\u00e3o Felipe e um caminh\u00e3o-tanque, no in\u00edcio da noite de ter\u00e7a-feira (1\u00ba), na <a href=\"https:\/\/www.acordacidade.com.br\/tag\/br-101\/\">BR-101<\/a>. A colis\u00e3o ocorreu nas proximidades do Posto Coqueiro, no distrito de Humildes, em Feira de Santana.<\/p>\n<p>Segundo o Blog do Valente, parceiro do Acorda Cidade, o impacto da batida deixou os dois ocupantes do caminh\u00e3o presos \u00e0s ferragens, exigindo uma opera\u00e7\u00e3o delicada de resgate.<\/p>\n<p>O motorista, identificado como Lelo, foi retirado do ve\u00edculo consciente e recebeu atendimento imediato no local. J\u00e1 o passageiro, conhecido como Marcelo, ficou preso de forma mais cr\u00edtica e precisou ser retirado com apoio do Corpo de Bombeiros e da equipe do Servi\u00e7o de Atendimento M\u00f3vel de Urg\u00eancia (Samu).<\/p>\n<figure class=\"wp-block-image size-full\"><img fetchpriority=\"high\" data-dominant-color=\"ad9e99\" data-has-transparency=\"false\" style=\"--dominant-color: #ad9e99;\" fetchpriority=\"high\" decoding=\"async\" width=\"1200\" height=\"735\" sizes=\"(max-width: 1200px) 100vw, 1200px\" src=\"http:\/\/noticiasbahia360.com.br\/wp-content\/uploads\/2025\/07\/Acidente-na-101-.webp\" alt=\"Acidente na 101\" class=\"wp-image-570911 not-transparent\" srcset=\"https:\/\/uploads.acordacidade.com.br\/2025\/07\/Acidente-na-101--596x365.webp 596w, https:\/\/uploads.acordacidade.com.br\/2025\/07\/Acidente-na-101--903x553.webp 903w, https:\/\/uploads.acordacidade.com.br\/2025\/07\/Acidente-na-101--150x92.webp 150w, http:\/\/noticiasbahia360.com.br\/wp-content\/uploads\/2025\/07\/Acidente-na-101-.webp 1200w\"><figcaption class=\"wp-element-caption\">Foto: Reprodu\u00e7\u00e3o\/Redes Sociais <\/figcaption><\/figure>\n<p>A ocorr\u00eancia mobilizou diversas equipes de emerg\u00eancia e causou a interdi\u00e7\u00e3o parcial do tr\u00e1fego na rodovia, gerando lentid\u00e3o no trecho enquanto os procedimentos de resgate e per\u00edcia eram realizados.<\/p>\n<p>As causas do acidente ainda ser\u00e3o apuradas pelas autoridades competentes. At\u00e9 o momento, n\u00e3o h\u00e1 informa\u00e7\u00f5es atualizadas sobre o estado de sa\u00fade das v\u00edtimas. O caso segue em investiga\u00e7\u00e3o.<\/p>\n<p><em>Siga o Acorda Cidade no<\/em><a href=\"https:\/\/news.google.com\/search?q=acorda%20cidade&amp;hl=pt-BR&amp;gl=BR&amp;ceid=BR%3Apt-419\"><strong><em>\u00a0Google Not\u00edcias<\/em><\/strong><\/a><em>\u00a0e receba os principais destaques do dia. Participe tamb\u00e9m dos nossos canais no\u00a0<\/em><a href=\"https:\/\/www.whatsapp.com\/channel\/0029Va6Rb4v3WHTNnsh8WI3N\"><strong><em>WhatsApp<\/em><\/strong><\/a><em>\u00a0e\u00a0<\/em><a href=\"https:\/\/www.youtube.com\/@acordacidadenoticias\/videos\"><strong>YouTube<\/strong><\/a><em>\u00a0e grupo de\u00a0<\/em><a href=\"https:\/\/t.me\/+sSz0khrgARA0ZmRh\"><strong><em>Telegram<\/em><\/strong><\/a><em>.<\/em><\/p>\n<\/div>\n","protected":false},"excerpt":{"rendered":"<div>\n<div>\n<figure><img decoding=\"async\" src=\"https:\/\/uploads.acordacidade.com.br\/2025\/07\/Acidente-na-101.webp\" alt=\"Acidente na 101\"><figcaption>Foto: Reprodu\u00e7\u00e3o\/Redes Sociais <\/figcaption><\/figure>\n<\/div>\n<p>O impacto da batida deixou os dois ocupantes do caminh\u00e3o presos \u00e0s ferragens, exigindo uma opera\u00e7\u00e3o delicada de resgate.<\/p><\/div>\n","protected":false},"author":1,"featured_media":91883,"comment_status":"closed","ping_status":"closed","sticky":false,"template":"","format":"gallery","meta":{"footnotes":""},"categories":[8,9,6,57,56,10],"tags":[],"class_list":["post-91882","post","type-post","status-publish","format-gallery","has-post-thumbnail","hentry","category-bahia","category-brasil","category-feira-de-santana","category-mundo","category-policia","category-politica","post_format-post-format-gallery"],"featured_image_urls":{"full":["https:\/\/noticiasbahia360.com.br\/wp-content\/uploads\/2025\/07\/Acidente-na-101.webp",1200,820,false],"thumbnail":["https:\/\/noticiasbahia360.com.br\/wp-content\/uploads\/2025\/07\/Acidente-na-101-150x150.webp",150,150,true],"medium":["https:\/\/noticiasbahia360.com.br\/wp-content\/uploads\/2025\/07\/Acidente-na-101-300x205.webp",300,205,true],"medium_large":["https:\/\/noticiasbahia360.com.br\/wp-content\/uploads\/2025\/07\/Acidente-na-101-768x525.webp",640,438,true],"large":["https:\/\/noticiasbahia360.com.br\/wp-content\/uploads\/2025\/07\/Acidente-na-101-1024x700.webp",640,438,true],"1536x1536":["https:\/\/noticiasbahia360.com.br\/wp-content\/uploads\/2025\/07\/Acidente-na-101.webp",1200,820,false],"2048x2048":["https:\/\/noticiasbahia360.com.br\/wp-content\/uploads\/2025\/07\/Acidente-na-101.webp",1200,820,false],"chromenews-featured":["https:\/\/noticiasbahia360.com.br\/wp-content\/uploads\/2025\/07\/Acidente-na-101-1024x700.webp",1024,700,true],"chromenews-large":["https:\/\/noticiasbahia360.com.br\/wp-content\/uploads\/2025\/07\/Acidente-na-101-825x575.webp",825,575,true],"chromenews-medium":["https:\/\/noticiasbahia360.com.br\/wp-content\/uploads\/2025\/07\/Acidente-na-101-590x410.webp",590,410,true]},"author_info":{"display_name":"noticiasbahia360.com.br","author_link":"https:\/\/noticiasbahia360.com.br\/?author=1"},"category_info":"<a href=\"https:\/\/noticiasbahia360.com.br\/?cat=8\" rel=\"category\">Bahia<\/a> <a href=\"https:\/\/noticiasbahia360.com.br\/?cat=9\" rel=\"category\">Brasil<\/a> <a href=\"https:\/\/noticiasbahia360.com.br\/?cat=6\" rel=\"category\">Feira de Santana<\/a> <a href=\"https:\/\/noticiasbahia360.com.br\/?cat=57\" rel=\"category\">Mundo<\/a> <a href=\"https:\/\/noticiasbahia360.com.br\/?cat=56\" rel=\"category\">Pol\u00edcia<\/a> <a href=\"https:\/\/noticiasbahia360.com.br\/?cat=10\" rel=\"category\">Pol\u00edtica<\/a>","tag_info":"Pol\u00edtica","comment_count":"0","_links":{"self":[{"href":"https:\/\/noticiasbahia360.com.br\/index.php?rest_route=\/wp\/v2\/posts\/91882","targetHints":{"allow":["GET"]}}],"collection":[{"href":"https:\/\/noticiasbahia360.com.br\/index.php?rest_route=\/wp\/v2\/posts"}],"about":[{"href":"https:\/\/noticiasbahia360.com.br\/index.php?rest_route=\/wp\/v2\/types\/post"}],"author":[{"embeddable":true,"href":"https:\/\/noticiasbahia360.com.br\/index.php?rest_route=\/wp\/v2\/users\/1"}],"replies":[{"embeddable":true,"href":"https:\/\/noticiasbahia360.com.br\/index.php?rest_route=%2Fwp%2Fv2%2Fcomments&post=91882"}],"version-history":[{"count":0,"href":"https:\/\/noticiasbahia360.com.br\/index.php?rest_route=\/wp\/v2\/posts\/91882\/revisions"}],"wp:featuredmedia":[{"embeddable":true,"href":"https:\/\/noticiasbahia360.com.br\/index.php?rest_route=\/wp\/v2\/media\/91883"}],"wp:attachment":[{"href":"https:\/\/noticiasbahia360.com.br\/index.php?rest_route=%2Fwp%2Fv2%2Fmedia&parent=91882"}],"wp:term":[{"taxonomy":"category","embeddable":true,"href":"https:\/\/noticiasbahia360.com.br\/index.php?rest_route=%2Fwp%2Fv2%2Fcategories&post=91882"},{"taxonomy":"post_tag","embeddable":true,"href":"https:\/\/noticiasbahia360.com.br\/index.php?rest_route=%2Fwp%2Fv2%2Ftags&post=91882"}],"curies":[{"name":"wp","href":"https:\/\/api.w.org\/{rel}","templated":true}]}}