{"id":91885,"date":"2025-07-02T16:16:50","date_gmt":"2025-07-02T19:16:50","guid":{"rendered":"https:\/\/noticiasbahia360.com.br\/?p=91885"},"modified":"2025-07-02T16:16:50","modified_gmt":"2025-07-02T19:16:50","slug":"conecta-lideres-promove-capacitacao-para-gestao-do-hospital-da-mulher-evento-acontece-4-e-5-de-julho","status":"publish","type":"post","link":"https:\/\/noticiasbahia360.com.br\/?p=91885","title":{"rendered":"Conecta L\u00edderes promove capacita\u00e7\u00e3o para gest\u00e3o do Hospital da Mulher; evento acontece 4 e 5 de julho"},"content":{"rendered":"<div>\n<div>\n<figure><img decoding=\"async\" src=\"http:\/\/noticiasbahia360.com.br\/wp-content\/uploads\/2025\/07\/aniversario-hospital-da-mulher-6.jpeg\" alt=\"anivers\u00e1rio hospital da mulher (3)\"><figcaption>Foto: Ney Silva\/Acorda Cidade<\/figcaption><\/figure>\n<\/div>\n<p>Nos dias 4 e 5 de julho, a Funda\u00e7\u00e3o Hospitalar de Feira de Santana realiza o Conecta L\u00edderes, um evento voltado exclusivamente para o desenvolvimento de compet\u00eancias das lideran\u00e7as do Hospital In\u00e1cia Pinto dos Santos, o Hospital da Mulher. A programa\u00e7\u00e3o ser\u00e1 realizada no NH Hotel, das 8h \u00e0s 18h na sexta-feira e das 8h \u00e0s 13h no s\u00e1bado. <\/p>\n<p>Mais do que uma capacita\u00e7\u00e3o tradicional, o evento prop\u00f5e uma viv\u00eancia imersiva com foco em comunica\u00e7\u00e3o eficaz, assertividade, intelig\u00eancia emocional e vis\u00e3o estrat\u00e9gica. O objetivo \u00e9 aprimorar a atua\u00e7\u00e3o dos gestores e preparar o corpo t\u00e9cnico para novos desafios dentro e fora da estrutura hospitalar.<\/p>\n<p>\u201cA gente sentiu essa vontade e a import\u00e2ncia de levar a equipe t\u00e9cnica para um momento fora da estrutura do hospital, para falar sobre planejamento, metas, estrat\u00e9gias de capacita\u00e7\u00e3o e sobre o papel das coordena\u00e7\u00f5es na gest\u00e3o como um todo\u201d, destacou a diretora-presidente da Funda\u00e7\u00e3o Hospitalar, Gilberte Lucas, em entrevista ao Programa Acorda Cidade.<\/p>\n<p>Durante a entrevista, Gilberte ressaltou que o Conecta L\u00edderes nasceu da necessidade de ampliar a integra\u00e7\u00e3o entre setores e transformar ideias em projetos concretos voltados \u00e0 melhoria do atendimento. Segundo ela, a capacita\u00e7\u00e3o gratuita deve servir como ponto de partida para novos projetos, inclusive fora do hospital.<\/p>\n<figure class=\"wp-block-image size-full\"><img fetchpriority=\"high\" data-dominant-color=\"74625a\" data-has-transparency=\"false\" style=\"--dominant-color: #74625a;\" fetchpriority=\"high\" decoding=\"async\" width=\"1200\" height=\"747\" sizes=\"(max-width: 1200px) 100vw, 1200px\" src=\"http:\/\/noticiasbahia360.com.br\/wp-content\/uploads\/2025\/07\/Gilberte-Lucas.webp\" alt=\"Gilberte Lucas\" class=\"wp-image-570915 not-transparent\" srcset=\"https:\/\/uploads.acordacidade.com.br\/2025\/07\/Gilberte-Lucas-586x365.webp 586w, https:\/\/uploads.acordacidade.com.br\/2025\/07\/Gilberte-Lucas-888x553.webp 888w, https:\/\/uploads.acordacidade.com.br\/2025\/07\/Gilberte-Lucas-150x93.webp 150w, http:\/\/noticiasbahia360.com.br\/wp-content\/uploads\/2025\/07\/Gilberte-Lucas.webp 1200w\"><figcaption class=\"wp-element-caption\">Gilberte Lucas | Foto: Iasmim Santos\/Acorda Cidade<\/figcaption><\/figure>\n<p>\u201cA gente j\u00e1 tem um projeto importante e que a gente quer j\u00e1 colocar ainda agora em 2025 \u2014 a Funda\u00e7\u00e3o vai at\u00e9 os bairros. Por exemplo, aqueles bairros onde a gente sente aquela necessidade de especialidades como ginecologia, pediatria, que n\u00e3o conseguem ir para aqueles mutir\u00f5es que a gente faz na estrutura do hospital. Como que a Funda\u00e7\u00e3o pode ir nesse bairro e levar para a comunidade? Isso \u00e9 importante porque a gente trabalha mais perto da assist\u00eancia, planeja melhor e a gente consegue programar\u201d, explicou.<\/p>\n<p>Ela tamb\u00e9m destacou que o evento permitir\u00e1 que as equipes compreendam mais profundamente os aspectos administrativos e or\u00e7ament\u00e1rios da Funda\u00e7\u00e3o para planejar metas e a\u00e7\u00f5es.<br \/>Participar\u00e3o desta primeira edi\u00e7\u00e3o 50 funcion\u00e1rios que ocupam cargos de coordena\u00e7\u00e3o e lideran\u00e7a na Funda\u00e7\u00e3o, incluindo equipes do Hospital da Mulher, CMDI, CMPC, Casa de Parto, ambulat\u00f3rios e laborat\u00f3rio, al\u00e9m da sede administrativa.<\/p>\n<p>\u201cSomos n\u00f3s, t\u00e9cnicos, que vamos estar trazendo todo esse trabalho de capacita\u00e7\u00e3o estrat\u00e9gica para as coordena\u00e7\u00f5es. N\u00e3o s\u00f3 do Hospital da Mulher, como a gente coloca, a Funda\u00e7\u00e3o toda. [\u2026] Algumas pessoas perguntaram: est\u00e1 aberto ao p\u00fablico externo? Nesse momento, n\u00e3o. Esse primeiro momento \u00e9 s\u00f3 uma capacita\u00e7\u00e3o para as coordena\u00e7\u00f5es t\u00e9cnicas e lideran\u00e7as da Funda\u00e7\u00e3o Hospitalar.\u201d, esclareceu Gilberte.<\/p>\n<p>A programa\u00e7\u00e3o ser\u00e1 conduzida por uma equipe t\u00e9cnica de S\u00e3o Paulo, com profissionais especializados em facilita\u00e7\u00e3o estrat\u00e9gica, que trar\u00e1 metodologias pr\u00e1ticas para dinamizar o aprendizado. Os participantes receber\u00e3o kit com materiais personalizados e certificado de participa\u00e7\u00e3o.<\/p>\n<p>Al\u00e9m de fortalecer a gest\u00e3o interna, a diretora afirma que um dos objetivos da Funda\u00e7\u00e3o \u00e9 personalizar as capacita\u00e7\u00f5es para cada setor, inclusive realizando treinamentos nos pr\u00f3prios espa\u00e7os de trabalho. \u201cIsso d\u00e1 um resultado melhor do que voc\u00ea estar levando isso para dentro de um espa\u00e7o fechado, onde as pessoas escutam, escutam, escutam\u2026 e muitas vezes n\u00e3o colocam em pr\u00e1tica aquela pr\u00e1tica t\u00e9cnica.\u201d<\/p>\n<p>Segundo a diretora, investir na forma\u00e7\u00e3o humana e profissional das lideran\u00e7as \u00e9 fundamental para garantir a qualidade dos servi\u00e7os prestados e para fortalecer o compromisso com a humaniza\u00e7\u00e3o do atendimento.<\/p>\n<p>\u201cA gente n\u00e3o pode s\u00f3 pensar na parte estrutural e de equipamentos. A gente precisa pensar tamb\u00e9m em nossa equipe, no desenvolvimento, trabalhar cada vez mais com capacita\u00e7\u00f5es, treinamento, como lidar dia a dia com aqueles profissionais, a parte de sa\u00fade mental tamb\u00e9m, emocional, \u00e9 muito importante, de humaniza\u00e7\u00e3o. Que eles possam se aperfei\u00e7oar cada vez mais e se sentir motivados. A gente n\u00e3o trabalha bem se a gente n\u00e3o estiver motivado\u201d, concluiu.<\/p>\n<p>O Conecta L\u00edderes marca o in\u00edcio de um ciclo de capacita\u00e7\u00f5es estrat\u00e9gicas que dever\u00e3o ser ampliadas ao longo de 2025 e 2026, sempre alinhadas \u00e0s reais necessidades do complexo materno-infantil e da comunidade atendida pela Funda\u00e7\u00e3o Hospitalar.<\/p>\n<p><em>O NH Hotel (Edif\u00edcio Charmant, 1\u00ba andar) est\u00e1 localizado na Avenida Gov. Jo\u00e3o Durval Carneiro, n\u00ba 3803.<\/em><\/p>\n<p><em>Siga o Acorda Cidade no<\/em><a href=\"https:\/\/news.google.com\/search?q=acorda%20cidade&amp;hl=pt-BR&amp;gl=BR&amp;ceid=BR%3Apt-419\"><strong><em>\u00a0Google Not\u00edcias<\/em><\/strong><\/a><em>\u00a0e receba os principais destaques do dia. Participe tamb\u00e9m dos nossos canais no\u00a0<\/em><a href=\"https:\/\/www.whatsapp.com\/channel\/0029Va6Rb4v3WHTNnsh8WI3N\"><strong><em>WhatsApp<\/em><\/strong><\/a><em>\u00a0e\u00a0<\/em><a href=\"https:\/\/www.youtube.com\/@acordacidadenoticias\/videos\"><strong>YouTube<\/strong><\/a><em>\u00a0e grupo de\u00a0<\/em><a href=\"https:\/\/t.me\/+sSz0khrgARA0ZmRh\"><strong><em>Telegram<\/em><\/strong><\/a><em>.<\/em><\/p>\n<\/div>\n","protected":false},"excerpt":{"rendered":"<div>\n<div>\n<figure><img decoding=\"async\" src=\"https:\/\/uploads.acordacidade.com.br\/2025\/01\/aniversario-hospital-da-mulher-6.jpeg\" alt=\"anivers\u00e1rio hospital da mulher (3)\"><figcaption>Foto: Ney Silva\/Acorda Cidade<\/figcaption><\/figure>\n<\/div>\n<p>Evento promovido pela Funda\u00e7\u00e3o Hospitalar ser\u00e1 realizado nos dias 4 e 5 de julho, com programa\u00e7\u00e3o imersiva voltada a lideran\u00e7as da \u00e1rea da sa\u00fade.<\/p><\/div>\n","protected":false},"author":1,"featured_media":91886,"comment_status":"closed","ping_status":"closed","sticky":false,"template":"","format":"gallery","meta":{"footnotes":""},"categories":[8,9,6,57,56,10],"tags":[],"class_list":["post-91885","post","type-post","status-publish","format-gallery","has-post-thumbnail","hentry","category-bahia","category-brasil","category-feira-de-santana","category-mundo","category-policia","category-politica","post_format-post-format-gallery"],"featured_image_urls":{"full":["https:\/\/noticiasbahia360.com.br\/wp-content\/uploads\/2025\/07\/aniversario-hospital-da-mulher-6.jpeg",640,480,false],"thumbnail":["https:\/\/noticiasbahia360.com.br\/wp-content\/uploads\/2025\/07\/aniversario-hospital-da-mulher-6-150x150.jpeg",150,150,true],"medium":["https:\/\/noticiasbahia360.com.br\/wp-content\/uploads\/2025\/07\/aniversario-hospital-da-mulher-6-300x225.jpeg",300,225,true],"medium_large":["https:\/\/noticiasbahia360.com.br\/wp-content\/uploads\/2025\/07\/aniversario-hospital-da-mulher-6.jpeg",640,480,false],"large":["https:\/\/noticiasbahia360.com.br\/wp-content\/uploads\/2025\/07\/aniversario-hospital-da-mulher-6.jpeg",640,480,false],"1536x1536":["https:\/\/noticiasbahia360.com.br\/wp-content\/uploads\/2025\/07\/aniversario-hospital-da-mulher-6.jpeg",640,480,false],"2048x2048":["https:\/\/noticiasbahia360.com.br\/wp-content\/uploads\/2025\/07\/aniversario-hospital-da-mulher-6.jpeg",640,480,false],"chromenews-featured":["https:\/\/noticiasbahia360.com.br\/wp-content\/uploads\/2025\/07\/aniversario-hospital-da-mulher-6.jpeg",640,480,false],"chromenews-large":["https:\/\/noticiasbahia360.com.br\/wp-content\/uploads\/2025\/07\/aniversario-hospital-da-mulher-6.jpeg",640,480,false],"chromenews-medium":["https:\/\/noticiasbahia360.com.br\/wp-content\/uploads\/2025\/07\/aniversario-hospital-da-mulher-6-590x410.jpeg",590,410,true]},"author_info":{"display_name":"noticiasbahia360.com.br","author_link":"https:\/\/noticiasbahia360.com.br\/?author=1"},"category_info":"<a href=\"https:\/\/noticiasbahia360.com.br\/?cat=8\" rel=\"category\">Bahia<\/a> <a href=\"https:\/\/noticiasbahia360.com.br\/?cat=9\" rel=\"category\">Brasil<\/a> <a href=\"https:\/\/noticiasbahia360.com.br\/?cat=6\" rel=\"category\">Feira de Santana<\/a> <a href=\"https:\/\/noticiasbahia360.com.br\/?cat=57\" rel=\"category\">Mundo<\/a> <a href=\"https:\/\/noticiasbahia360.com.br\/?cat=56\" rel=\"category\">Pol\u00edcia<\/a> <a href=\"https:\/\/noticiasbahia360.com.br\/?cat=10\" rel=\"category\">Pol\u00edtica<\/a>","tag_info":"Pol\u00edtica","comment_count":"0","_links":{"self":[{"href":"https:\/\/noticiasbahia360.com.br\/index.php?rest_route=\/wp\/v2\/posts\/91885","targetHints":{"allow":["GET"]}}],"collection":[{"href":"https:\/\/noticiasbahia360.com.br\/index.php?rest_route=\/wp\/v2\/posts"}],"about":[{"href":"https:\/\/noticiasbahia360.com.br\/index.php?rest_route=\/wp\/v2\/types\/post"}],"author":[{"embeddable":true,"href":"https:\/\/noticiasbahia360.com.br\/index.php?rest_route=\/wp\/v2\/users\/1"}],"replies":[{"embeddable":true,"href":"https:\/\/noticiasbahia360.com.br\/index.php?rest_route=%2Fwp%2Fv2%2Fcomments&post=91885"}],"version-history":[{"count":0,"href":"https:\/\/noticiasbahia360.com.br\/index.php?rest_route=\/wp\/v2\/posts\/91885\/revisions"}],"wp:featuredmedia":[{"embeddable":true,"href":"https:\/\/noticiasbahia360.com.br\/index.php?rest_route=\/wp\/v2\/media\/91886"}],"wp:attachment":[{"href":"https:\/\/noticiasbahia360.com.br\/index.php?rest_route=%2Fwp%2Fv2%2Fmedia&parent=91885"}],"wp:term":[{"taxonomy":"category","embeddable":true,"href":"https:\/\/noticiasbahia360.com.br\/index.php?rest_route=%2Fwp%2Fv2%2Fcategories&post=91885"},{"taxonomy":"post_tag","embeddable":true,"href":"https:\/\/noticiasbahia360.com.br\/index.php?rest_route=%2Fwp%2Fv2%2Ftags&post=91885"}],"curies":[{"name":"wp","href":"https:\/\/api.w.org\/{rel}","templated":true}]}} 