{"id":91888,"date":"2025-07-02T17:07:04","date_gmt":"2025-07-02T20:07:04","guid":{"rendered":"https:\/\/noticiasbahia360.com.br\/?p=91888"},"modified":"2025-07-02T17:07:04","modified_gmt":"2025-07-02T20:07:04","slug":"em-salvador-lula-ergue-cartaz-com-critica-a-gestao-de-bruno-reis-prefeito-pague-o-piso","status":"publish","type":"post","link":"https:\/\/noticiasbahia360.com.br\/?p=91888","title":{"rendered":"Em Salvador, Lula ergue cartaz com cr\u00edtica \u00e0 gest\u00e3o de Bruno Reis: \u201cPrefeito, pague o piso\u201d"},"content":{"rendered":"<div>\n<div>\n<figure><img decoding=\"async\" src=\"http:\/\/noticiasbahia360.com.br\/wp-content\/uploads\/2025\/07\/Lula-em-Salvador.webp\" alt=\"Lula em Salvador\"><figcaption>Foto: Reprodu\u00e7\u00e3o \/ Bahia Not\u00edcias<\/figcaption><\/figure>\n<\/div>\n<p>Ainda no tradicional cortejo do <a href=\"https:\/\/www.acordacidade.com.br\/tag\/2-de-julho\/\">Dois de Julho<\/a>, em Salvador, o presidente <a href=\"https:\/\/www.acordacidade.com.br\/tag\/lula\/\">Luiz In\u00e1cio Lula da Silva (PT)<\/a> protagonizou um gesto pol\u00edtico que repercutiu no cen\u00e1rio local nesta quarta-feira (02), o presidente\u00a0levantou uma placa em refer\u00eancia aos professores da rede municipal em greve com os dizeres: \u201cPrefeito, nos devolva o plano e pague o piso\u201d.<\/p>\n<p>Em clima de pr\u00e9-campanha para 2026, o presidente voltou a sinalizar apoio \u00e0 oposi\u00e7\u00e3o em Salvador, acirrando a disputa pol\u00edtica no maior col\u00e9gio eleitoral da Bahia.<\/p>\n<p>O gesto foi visto como uma cr\u00edtica direta \u00e0 gest\u00e3o do prefeito Bruno Reis (Uni\u00e3o Brasil). Lula demonstra\u00a0apoio \u00e0s reivindica\u00e7\u00f5es dos educadores, que h\u00e1 mais de dois meses pressionam a prefeitura pelo\u00a0cumprimento do piso salarial nacional da categoria\u00a0e pela devolu\u00e7\u00e3o do antigo plano de carreira, alterado pela atual administra\u00e7\u00e3o.<\/p>\n<p>A tens\u00e3o entre os professores e a prefeitura de Salvador \u00e9 recente, ap\u00f3s\u00a0a invas\u00e3o do plen\u00e1rio da C\u00e2mara Municipal de Salvador\u00a0por um grupo de servidores da educa\u00e7\u00e3o durante uma sess\u00e3o. Na ocasi\u00e3o,\u00a0houve agress\u00f5es contra os vereadores\u00a0da base governista, e o l\u00edder sindical Bruno Carianha\u00a0foi detido e acusado\u00a0de les\u00e3o corporal dolosa, incita\u00e7\u00e3o ao crime e dano qualificado ao patrim\u00f4nio p\u00fablico.<\/p>\n<p>O protesto resultou na suspens\u00e3o dos trabalhos legislativos e se tornou mais um cap\u00edtulo do impasse entre o Executivo municipal e os professores.\u00a0O gesto tamb\u00e9m ganha peso por ocorrer justamente no Dois de Julho, a data c\u00edvica hist\u00f3rica baiana, que celebra a independ\u00eancia. Tradicionalmente a data\u00a0serve de palanque pol\u00edtico para lideran\u00e7as locais e nacionais.\u00a0<\/p>\n<p><em>Fonte: <a href=\"https:\/\/www.bahianoticias.com.br\/noticia\/306173-no-dois-de-julho-lula-ergue-cartaz-com-critica-a-gestao-de-bruno-reis-em-salvador-prefeito-pague-o-piso\" target=\"_blank\" rel=\"noreferrer noopener\">Bahia Not\u00edcias<\/a> <\/em><\/p>\n<p><em>Siga o Acorda Cidade no<\/em><a href=\"https:\/\/news.google.com\/search?q=acorda%20cidade&amp;hl=pt-BR&amp;gl=BR&amp;ceid=BR%3Apt-419\"><strong><em> Google Not\u00edcias<\/em><\/strong><\/a><em> e receba os principais destaques do dia. Participe tamb\u00e9m dos nossos canais no <\/em><a href=\"https:\/\/whatsapp.com\/channel\/0029Va6Rb4v3WHTNnsh8WI3N\"><strong><em>WhatsApp<\/em><\/strong><\/a><em> e <\/em><a href=\"https:\/\/www.youtube.com\/@acordacidadenoticias\/videos\"><strong>Youtube<\/strong><\/a><em> e grupo de <\/em><a href=\"https:\/\/t.me\/+sSz0khrgARA0ZmRh\"><strong><em>Telegram<\/em><\/strong><\/a><em>.<\/em><\/p>\n<\/div>\n","protected":false},"excerpt":{"rendered":"<div>\n<div>\n<figure><img decoding=\"async\" src=\"https:\/\/uploads.acordacidade.com.br\/2025\/07\/Lula-em-Salvador.webp\" alt=\"Lula em Salvador\"><figcaption>Foto: Reprodu\u00e7\u00e3o \/ Bahia Not\u00edcias<\/figcaption><\/figure>\n<\/div>\n<p>Lula demonstra\u00a0apoio \u00e0s reivindica\u00e7\u00f5es dos educadores, que h\u00e1 mais de dois meses pressionam a prefeitura.<\/p><\/div>\n","protected":false},"author":1,"featured_media":91889,"comment_status":"closed","ping_status":"closed","sticky":false,"template":"","format":"gallery","meta":{"footnotes":""},"categories":[8,9,6,57,56,10],"tags":[],"class_list":["post-91888","post","type-post","status-publish","format-gallery","has-post-thumbnail","hentry","category-bahia","category-brasil","category-feira-de-santana","category-mundo","category-policia","category-politica","post_format-post-format-gallery"],"featured_image_urls":{"full":["https:\/\/noticiasbahia360.com.br\/wp-content\/uploads\/2025\/07\/Lula-em-Salvador.webp",1200,630,false],"thumbnail":["https:\/\/noticiasbahia360.com.br\/wp-content\/uploads\/2025\/07\/Lula-em-Salvador-150x150.webp",150,150,true],"medium":["https:\/\/noticiasbahia360.com.br\/wp-content\/uploads\/2025\/07\/Lula-em-Salvador-300x158.webp",300,158,true],"medium_large":["https:\/\/noticiasbahia360.com.br\/wp-content\/uploads\/2025\/07\/Lula-em-Salvador-768x403.webp",640,336,true],"large":["https:\/\/noticiasbahia360.com.br\/wp-content\/uploads\/2025\/07\/Lula-em-Salvador-1024x538.webp",640,336,true],"1536x1536":["https:\/\/noticiasbahia360.com.br\/wp-content\/uploads\/2025\/07\/Lula-em-Salvador.webp",1200,630,false],"2048x2048":["https:\/\/noticiasbahia360.com.br\/wp-content\/uploads\/2025\/07\/Lula-em-Salvador.webp",1200,630,false],"chromenews-featured":["https:\/\/noticiasbahia360.com.br\/wp-content\/uploads\/2025\/07\/Lula-em-Salvador-1024x538.webp",1024,538,true],"chromenews-large":["https:\/\/noticiasbahia360.com.br\/wp-content\/uploads\/2025\/07\/Lula-em-Salvador-825x575.webp",825,575,true],"chromenews-medium":["https:\/\/noticiasbahia360.com.br\/wp-content\/uploads\/2025\/07\/Lula-em-Salvador-590x410.webp",590,410,true]},"author_info":{"display_name":"noticiasbahia360.com.br","author_link":"https:\/\/noticiasbahia360.com.br\/?author=1"},"category_info":"<a href=\"https:\/\/noticiasbahia360.com.br\/?cat=8\" rel=\"category\">Bahia<\/a> <a href=\"https:\/\/noticiasbahia360.com.br\/?cat=9\" rel=\"category\">Brasil<\/a> <a href=\"https:\/\/noticiasbahia360.com.br\/?cat=6\" rel=\"category\">Feira de Santana<\/a> <a href=\"https:\/\/noticiasbahia360.com.br\/?cat=57\" rel=\"category\">Mundo<\/a> <a href=\"https:\/\/noticiasbahia360.com.br\/?cat=56\" rel=\"category\">Pol\u00edcia<\/a> <a href=\"https:\/\/noticiasbahia360.com.br\/?cat=10\" rel=\"category\">Pol\u00edtica<\/a>","tag_info":"Pol\u00edtica","comment_count":"0","_links":{"self":[{"href":"https:\/\/noticiasbahia360.com.br\/index.php?rest_route=\/wp\/v2\/posts\/91888","targetHints":{"allow":["GET"]}}],"collection":[{"href":"https:\/\/noticiasbahia360.com.br\/index.php?rest_route=\/wp\/v2\/posts"}],"about":[{"href":"https:\/\/noticiasbahia360.com.br\/index.php?rest_route=\/wp\/v2\/types\/post"}],"author":[{"embeddable":true,"href":"https:\/\/noticiasbahia360.com.br\/index.php?rest_route=\/wp\/v2\/users\/1"}],"replies":[{"embeddable":true,"href":"https:\/\/noticiasbahia360.com.br\/index.php?rest_route=%2Fwp%2Fv2%2Fcomments&post=91888"}],"version-history":[{"count":0,"href":"https:\/\/noticiasbahia360.com.br\/index.php?rest_route=\/wp\/v2\/posts\/91888\/revisions"}],"wp:featuredmedia":[{"embeddable":true,"href":"https:\/\/noticiasbahia360.com.br\/index.php?rest_route=\/wp\/v2\/media\/91889"}],"wp:attachment":[{"href":"https:\/\/noticiasbahia360.com.br\/index.php?rest_route=%2Fwp%2Fv2%2Fmedia&parent=91888"}],"wp:term":[{"taxonomy":"category","embeddable":true,"href":"https:\/\/noticiasbahia360.com.br\/index.php?rest_route=%2Fwp%2Fv2%2Fcategories&post=91888"},{"taxonomy":"post_tag","embeddable":true,"href":"https:\/\/noticiasbahia360.com.br\/index.php?rest_route=%2Fwp%2Fv2%2Ftags&post=91888"}],"curies":[{"name":"wp","href":"https:\/\/api.w.org\/{rel}","templated":true}]}} 