{"id":91890,"date":"2025-07-02T17:25:25","date_gmt":"2025-07-02T20:25:25","guid":{"rendered":"https:\/\/noticiasbahia360.com.br\/?p=91890"},"modified":"2025-07-02T17:25:25","modified_gmt":"2025-07-02T20:25:25","slug":"baianao-fbf-divulga-datas-e-horarios-das-semifinais-da-serie-b","status":"publish","type":"post","link":"https:\/\/noticiasbahia360.com.br\/?p=91890","title":{"rendered":"Baian\u00e3o: FBF divulga datas e hor\u00e1rios das semifinais da S\u00e9rie B"},"content":{"rendered":"<div>\n<div>\n<figure><img decoding=\"async\" src=\"http:\/\/noticiasbahia360.com.br\/wp-content\/uploads\/2025\/07\/campeonato-baiano-fbf.jpg\" alt=\"campeonato baiano f\"><figcaption>Foto: Reprodu\u00e7\u00e3o\/Redes Sociais<\/figcaption><\/figure>\n<\/div>\n<p>Foi definida nesta segunda-feira (30) a programa\u00e7\u00e3o da semifinal do Baian\u00e3o S\u00e9rie B 2025. Itabuna, Bahia de Feira, <a href=\"https:\/\/www.acordacidade.com.br\/tag\/fluminense-de-feira\/\">Fluminense <\/a>e Gal\u00edcia seguem na disputa pelo acesso \u00e0 S\u00e9rie A de 2026.<\/p>\n<p>Os jogos de ida da pr\u00f3xima fase acontecer\u00e3o nos pr\u00f3ximos s\u00e1bado (5) e domingo (6). No s\u00e1bado, \u00e0s 15h, o Fluminense recebe o Bahia de Feira no Joia da Princesa. No domingo, tamb\u00e9m \u00e0s 15h, ser\u00e1 a vez do Gal\u00edcia receber o Itabuna na Arena Cajueiro.<\/p>\n<p>J\u00e1 no dia 12 de julho, s\u00e1bado, Bahia de Feira e Fluminense fazem o jogo de volta \u00e0s 15h, na Arena Cajueiro. No dia 13, domingo, Itabuna e Gal\u00edcia medem for\u00e7as pela segunda vaga, \u00e0s 15h, no Joia da Princesa.<\/p>\n<p>Todas as quatro partidas ser\u00e3o transmitidas ao vivo pela TVE e pelo canal TV do Z\u00e9.<\/p>\n<p><strong>Confira a tabela abaixo:<\/strong><\/p>\n<figure class=\"wp-block-image size-full\"><img fetchpriority=\"high\" data-dominant-color=\"c0bac5\" data-has-transparency=\"true\" style=\"--dominant-color: #c0bac5;\" fetchpriority=\"high\" decoding=\"async\" width=\"1200\" height=\"364\" sizes=\"(max-width: 1200px) 100vw, 1200px\" src=\"http:\/\/noticiasbahia360.com.br\/wp-content\/uploads\/2025\/07\/tabela-serie-b-campeonato-baiano-2025.png\" alt=\"Baian\u00e3o: FBF divulga datas e hor\u00e1rios das semifinais da S\u00e9rie B\" class=\"wp-image-570668 has-transparency\" srcset=\"https:\/\/uploads.acordacidade.com.br\/2025\/07\/tabela-serie-b-campeonato-baiano-2025-648x197.png 648w, https:\/\/uploads.acordacidade.com.br\/2025\/07\/tabela-serie-b-campeonato-baiano-2025-984x298.png 984w, https:\/\/uploads.acordacidade.com.br\/2025\/07\/tabela-serie-b-campeonato-baiano-2025-150x46.png 150w, http:\/\/noticiasbahia360.com.br\/wp-content\/uploads\/2025\/07\/tabela-serie-b-campeonato-baiano-2025.png 1200w\"><figcaption class=\"wp-element-caption\">Fonte: FBF <\/figcaption><\/figure>\n<p><em>Siga o Acorda Cidade no<\/em><a href=\"https:\/\/news.google.com\/search?q=acorda%20cidade&amp;hl=pt-BR&amp;gl=BR&amp;ceid=BR%3Apt-419\"><strong><em> Google Not\u00edcias<\/em><\/strong><\/a><em> e receba os principais destaques do dia. Participe tamb\u00e9m dos nossos canais no <\/em><a href=\"https:\/\/www.whatsapp.com\/channel\/0029Va6Rb4v3WHTNnsh8WI3N\"><strong><em>WhatsApp<\/em><\/strong><\/a><em> e <\/em><a href=\"https:\/\/www.youtube.com\/@acordacidadenoticias\/videos\"><strong>YouTube<\/strong><\/a><em> e grupo de <\/em><a href=\"https:\/\/t.me\/+sSz0khrgARA0ZmRh\"><strong><em>Telegram<\/em><\/strong><\/a><em>.<\/em><\/p>\n<\/div>\n","protected":false},"excerpt":{"rendered":"<div>\n<div>\n<figure><img decoding=\"async\" src=\"https:\/\/uploads.acordacidade.com.br\/2025\/07\/campeonato-baiano-fbf.jpg\" alt=\"campeonato baiano f\"><figcaption>Foto: Reprodu\u00e7\u00e3o\/Redes Sociais<\/figcaption><\/figure>\n<\/div>\n<p>Os jogos de ida do Campeonato Baiano da pr\u00f3xima fase acontecer\u00e3o nos pr\u00f3ximos s\u00e1bado (5) e domingo (6). Veja a tabela<\/p><\/div>\n","protected":false},"author":1,"featured_media":91891,"comment_status":"closed","ping_status":"closed","sticky":false,"template":"","format":"gallery","meta":{"footnotes":""},"categories":[8,9,6,57,56,10],"tags":[],"class_list":["post-91890","post","type-post","status-publish","format-gallery","has-post-thumbnail","hentry","category-bahia","category-brasil","category-feira-de-santana","category-mundo","category-policia","category-politica","post_format-post-format-gallery"],"featured_image_urls":{"full":["https:\/\/noticiasbahia360.com.br\/wp-content\/uploads\/2025\/07\/campeonato-baiano-fbf.jpg",1200,752,false],"thumbnail":["https:\/\/noticiasbahia360.com.br\/wp-content\/uploads\/2025\/07\/campeonato-baiano-fbf-150x150.jpg",150,150,true],"medium":["https:\/\/noticiasbahia360.com.br\/wp-content\/uploads\/2025\/07\/campeonato-baiano-fbf-300x188.jpg",300,188,true],"medium_large":["https:\/\/noticiasbahia360.com.br\/wp-content\/uploads\/2025\/07\/campeonato-baiano-fbf-768x481.jpg",640,401,true],"large":["https:\/\/noticiasbahia360.com.br\/wp-content\/uploads\/2025\/07\/campeonato-baiano-fbf-1024x642.jpg",640,401,true],"1536x1536":["https:\/\/noticiasbahia360.com.br\/wp-content\/uploads\/2025\/07\/campeonato-baiano-fbf.jpg",1200,752,false],"2048x2048":["https:\/\/noticiasbahia360.com.br\/wp-content\/uploads\/2025\/07\/campeonato-baiano-fbf.jpg",1200,752,false],"chromenews-featured":["https:\/\/noticiasbahia360.com.br\/wp-content\/uploads\/2025\/07\/campeonato-baiano-fbf-1024x642.jpg",1024,642,true],"chromenews-large":["https:\/\/noticiasbahia360.com.br\/wp-content\/uploads\/2025\/07\/campeonato-baiano-fbf-825x575.jpg",825,575,true],"chromenews-medium":["https:\/\/noticiasbahia360.com.br\/wp-content\/uploads\/2025\/07\/campeonato-baiano-fbf-590x410.jpg",590,410,true]},"author_info":{"display_name":"noticiasbahia360.com.br","author_link":"https:\/\/noticiasbahia360.com.br\/?author=1"},"category_info":"<a href=\"https:\/\/noticiasbahia360.com.br\/?cat=8\" rel=\"category\">Bahia<\/a> <a href=\"https:\/\/noticiasbahia360.com.br\/?cat=9\" rel=\"category\">Brasil<\/a> <a href=\"https:\/\/noticiasbahia360.com.br\/?cat=6\" rel=\"category\">Feira de Santana<\/a> <a href=\"https:\/\/noticiasbahia360.com.br\/?cat=57\" rel=\"category\">Mundo<\/a> <a href=\"https:\/\/noticiasbahia360.com.br\/?cat=56\" rel=\"category\">Pol\u00edcia<\/a> <a href=\"https:\/\/noticiasbahia360.com.br\/?cat=10\" rel=\"category\">Pol\u00edtica<\/a>","tag_info":"Pol\u00edtica","comment_count":"0","_links":{"self":[{"href":"https:\/\/noticiasbahia360.com.br\/index.php?rest_route=\/wp\/v2\/posts\/91890","targetHints":{"allow":["GET"]}}],"collection":[{"href":"https:\/\/noticiasbahia360.com.br\/index.php?rest_route=\/wp\/v2\/posts"}],"about":[{"href":"https:\/\/noticiasbahia360.com.br\/index.php?rest_route=\/wp\/v2\/types\/post"}],"author":[{"embeddable":true,"href":"https:\/\/noticiasbahia360.com.br\/index.php?rest_route=\/wp\/v2\/users\/1"}],"replies":[{"embeddable":true,"href":"https:\/\/noticiasbahia360.com.br\/index.php?rest_route=%2Fwp%2Fv2%2Fcomments&post=91890"}],"version-history":[{"count":0,"href":"https:\/\/noticiasbahia360.com.br\/index.php?rest_route=\/wp\/v2\/posts\/91890\/revisions"}],"wp:featuredmedia":[{"embeddable":true,"href":"https:\/\/noticiasbahia360.com.br\/index.php?rest_route=\/wp\/v2\/media\/91891"}],"wp:attachment":[{"href":"https:\/\/noticiasbahia360.com.br\/index.php?rest_route=%2Fwp%2Fv2%2Fmedia&parent=91890"}],"wp:term":[{"taxonomy":"category","embeddable":true,"href":"https:\/\/noticiasbahia360.com.br\/index.php?rest_route=%2Fwp%2Fv2%2Fcategories&post=91890"},{"taxonomy":"post_tag","embeddable":true,"href":"https:\/\/noticiasbahia360.com.br\/index.php?rest_route=%2Fwp%2Fv2%2Ftags&post=91890"}],"curies":[{"name":"wp","href":"https:\/\/api.w.org\/{rel}","templated":true}]}}