{"id":91893,"date":"2025-07-02T17:35:31","date_gmt":"2025-07-02T20:35:31","guid":{"rendered":"https:\/\/noticiasbahia360.com.br\/?p=91893"},"modified":"2025-07-02T17:35:31","modified_gmt":"2025-07-02T20:35:31","slug":"homem-e-morto-com-golpe-de-faca-apos-tentar-ajudar-amiga-vitima-de-violencia","status":"publish","type":"post","link":"https:\/\/noticiasbahia360.com.br\/?p=91893","title":{"rendered":"Homem \u00e9 morto com golpe de faca ap\u00f3s tentar ajudar amiga v\u00edtima de viol\u00eancia"},"content":{"rendered":"<div>\n<div>\n<figure><img decoding=\"async\" src=\"http:\/\/noticiasbahia360.com.br\/wp-content\/uploads\/2025\/07\/2030-achei-sudoeste-caetite-paulo-hebert-cardoso-fernandes.webp\" alt=\"Homem v\u00edtima de golpe de faca em caetit\u00e9\"><figcaption>Foto: WhatsApp\/Achei Sudoeste<\/figcaption><\/figure>\n<\/div>\n<p>Um homem foi morto a facadas na manh\u00e3 desta quarta-feira (2), no munic\u00edpio de <a href=\"https:\/\/www.acordacidade.com.br\/tag\/caetite\/\">Caetit\u00e9<\/a>, no sudoeste baiano, ap\u00f3s tentar ajudar uma amiga que tentava fugir de um companheiro. A v\u00edtima foi identificada como Paulo Hebert Cardoso Fernandes.<\/p>\n<p>De acordo com informa\u00e7\u00f5es da Pol\u00edcia Militar ao site Achei Sudoeste, parceiro do Acorda Cidade, o crime ocorreu por volta das 5h da manh\u00e3, na zona rural da cidade, na Fazenda T\u00e1bua. Paulo foi acionado por uma mulher com quem mantinha rela\u00e7\u00e3o de confian\u00e7a. Ela contou que estava sendo amea\u00e7ada por um homem com quem havia passado a madrugada em um festejo local. Em surto, o agressor chegou a amea\u00e7ar tirar a pr\u00f3pria vida com uma faca, o que a levou a se trancar no quarto e pedir ajuda.<\/p>\n<p>Ao tentar intervir e acalmar o agressor, Paulo acabou surpreendido com um golpe de faca no abd\u00f4men. O homem escondia a arma branca na cintura. Mesmo ferido gravemente, a v\u00edtima foi colocada pelo pr\u00f3prio autor do crime em um carro modelo HB20 preto e levada at\u00e9 a Unidade de Pronto Atendimento (UPA) de Caetit\u00e9.<\/p>\n<p>Segundo o m\u00e9dico plantonista da unidade, Paulo chegou em estado de choque, com m\u00faltiplas paradas card\u00edacas, e n\u00e3o resistiu aos ferimentos. O agressor fugiu logo ap\u00f3s deix\u00e1-lo no local. Populares relataram \u00e0 pol\u00edcia que viram uma arma de fogo dentro do ve\u00edculo utilizado na fuga.<\/p>\n<p>A testemunha procurou inicialmente a Delegacia Territorial de Caetit\u00e9, que estava fechada no momento, e acabou prestando depoimento no quartel da Pol\u00edcia Militar. Ela foi, em seguida, encaminhada \u00e0 Delegacia de Guanambi para registro da ocorr\u00eancia.<\/p>\n<p>O Departamento de Pol\u00edcia T\u00e9cnica (DPT) foi acionado para a realiza\u00e7\u00e3o do levantamento cadav\u00e9rico. O corpo de Paulo Fernandes foi encaminhado ao Instituto M\u00e9dico Legal (IML) de Guanambi, onde ser\u00e1 necropsiado.<\/p>\n<p>A Pol\u00edcia Civil j\u00e1 iniciou as investiga\u00e7\u00f5es e segue com dilig\u00eancias para localizar o autor do crime.<\/p>\n<p><em>Siga o Acorda Cidade no<\/em><a href=\"https:\/\/news.google.com\/search?q=acorda%20cidade&amp;hl=pt-BR&amp;gl=BR&amp;ceid=BR%3Apt-419\"><strong><em> Google Not\u00edcias<\/em><\/strong><\/a><em> e receba os principais destaques do dia. Participe tamb\u00e9m dos nossos canais no <\/em><a href=\"https:\/\/whatsapp.com\/channel\/0029Va6Rb4v3WHTNnsh8WI3N\"><strong><em>WhatsApp<\/em><\/strong><\/a><em> e <\/em><a href=\"https:\/\/www.youtube.com\/@acordacidadenoticias\/videos\"><strong>Youtube<\/strong><\/a><em> e grupo de <\/em><a href=\"https:\/\/t.me\/+sSz0khrgARA0ZmRh\"><strong><em>Telegram<\/em><\/strong><\/a><em>.<\/em><\/p>\n<\/div>\n","protected":false},"excerpt":{"rendered":"<div>\n<div>\n<figure><img decoding=\"async\" src=\"https:\/\/uploads.acordacidade.com.br\/2025\/07\/2030-achei-sudoeste-caetite-paulo-hebert-cardoso-fernandes.webp\" alt=\"Homem v\u00edtima de golpe de faca em caetit\u00e9\"><figcaption>Foto: WhatsApp\/Achei Sudoeste<\/figcaption><\/figure>\n<\/div>\n<p>Segundo o m\u00e9dico plantonista da unidade, Paulo chegou em estado de choque, com m\u00faltiplas paradas card\u00edacas, e n\u00e3o resistiu aos ferimentos.<\/p><\/div>\n","protected":false},"author":1,"featured_media":91894,"comment_status":"closed","ping_status":"closed","sticky":false,"template":"","format":"gallery","meta":{"footnotes":""},"categories":[8,9,6,57,56,10],"tags":[],"class_list":["post-91893","post","type-post","status-publish","format-gallery","has-post-thumbnail","hentry","category-bahia","category-brasil","category-feira-de-santana","category-mundo","category-policia","category-politica","post_format-post-format-gallery"],"featured_image_urls":{"full":["https:\/\/noticiasbahia360.com.br\/wp-content\/uploads\/2025\/07\/2030-achei-sudoeste-caetite-paulo-hebert-cardoso-fernandes.webp",1200,800,false],"thumbnail":["https:\/\/noticiasbahia360.com.br\/wp-content\/uploads\/2025\/07\/2030-achei-sudoeste-caetite-paulo-hebert-cardoso-fernandes-150x150.webp",150,150,true],"medium":["https:\/\/noticiasbahia360.com.br\/wp-content\/uploads\/2025\/07\/2030-achei-sudoeste-caetite-paulo-hebert-cardoso-fernandes-300x200.webp",300,200,true],"medium_large":["https:\/\/noticiasbahia360.com.br\/wp-content\/uploads\/2025\/07\/2030-achei-sudoeste-caetite-paulo-hebert-cardoso-fernandes-768x512.webp",640,427,true],"large":["https:\/\/noticiasbahia360.com.br\/wp-content\/uploads\/2025\/07\/2030-achei-sudoeste-caetite-paulo-hebert-cardoso-fernandes-1024x683.webp",640,427,true],"1536x1536":["https:\/\/noticiasbahia360.com.br\/wp-content\/uploads\/2025\/07\/2030-achei-sudoeste-caetite-paulo-hebert-cardoso-fernandes.webp",1200,800,false],"2048x2048":["https:\/\/noticiasbahia360.com.br\/wp-content\/uploads\/2025\/07\/2030-achei-sudoeste-caetite-paulo-hebert-cardoso-fernandes.webp",1200,800,false],"chromenews-featured":["https:\/\/noticiasbahia360.com.br\/wp-content\/uploads\/2025\/07\/2030-achei-sudoeste-caetite-paulo-hebert-cardoso-fernandes-1024x683.webp",1024,683,true],"chromenews-large":["https:\/\/noticiasbahia360.com.br\/wp-content\/uploads\/2025\/07\/2030-achei-sudoeste-caetite-paulo-hebert-cardoso-fernandes-825x575.webp",825,575,true],"chromenews-medium":["https:\/\/noticiasbahia360.com.br\/wp-content\/uploads\/2025\/07\/2030-achei-sudoeste-caetite-paulo-hebert-cardoso-fernandes-590x410.webp",590,410,true]},"author_info":{"display_name":"noticiasbahia360.com.br","author_link":"https:\/\/noticiasbahia360.com.br\/?author=1"},"category_info":"<a href=\"https:\/\/noticiasbahia360.com.br\/?cat=8\" rel=\"category\">Bahia<\/a> <a href=\"https:\/\/noticiasbahia360.com.br\/?cat=9\" rel=\"category\">Brasil<\/a> <a href=\"https:\/\/noticiasbahia360.com.br\/?cat=6\" rel=\"category\">Feira de Santana<\/a> <a href=\"https:\/\/noticiasbahia360.com.br\/?cat=57\" rel=\"category\">Mundo<\/a> <a href=\"https:\/\/noticiasbahia360.com.br\/?cat=56\" rel=\"category\">Pol\u00edcia<\/a> <a href=\"https:\/\/noticiasbahia360.com.br\/?cat=10\" rel=\"category\">Pol\u00edtica<\/a>","tag_info":"Pol\u00edtica","comment_count":"0","_links":{"self":[{"href":"https:\/\/noticiasbahia360.com.br\/index.php?rest_route=\/wp\/v2\/posts\/91893","targetHints":{"allow":["GET"]}}],"collection":[{"href":"https:\/\/noticiasbahia360.com.br\/index.php?rest_route=\/wp\/v2\/posts"}],"about":[{"href":"https:\/\/noticiasbahia360.com.br\/index.php?rest_route=\/wp\/v2\/types\/post"}],"author":[{"embeddable":true,"href":"https:\/\/noticiasbahia360.com.br\/index.php?rest_route=\/wp\/v2\/users\/1"}],"replies":[{"embeddable":true,"href":"https:\/\/noticiasbahia360.com.br\/index.php?rest_route=%2Fwp%2Fv2%2Fcomments&post=91893"}],"version-history":[{"count":0,"href":"https:\/\/noticiasbahia360.com.br\/index.php?rest_route=\/wp\/v2\/posts\/91893\/revisions"}],"wp:featuredmedia":[{"embeddable":true,"href":"https:\/\/noticiasbahia360.com.br\/index.php?rest_route=\/wp\/v2\/media\/91894"}],"wp:attachment":[{"href":"https:\/\/noticiasbahia360.com.br\/index.php?rest_route=%2Fwp%2Fv2%2Fmedia&parent=91893"}],"wp:term":[{"taxonomy":"category","embeddable":true,"href":"https:\/\/noticiasbahia360.com.br\/index.php?rest_route=%2Fwp%2Fv2%2Fcategories&post=91893"},{"taxonomy":"post_tag","embeddable":true,"href":"https:\/\/noticiasbahia360.com.br\/index.php?rest_route=%2Fwp%2Fv2%2Ftags&post=91893"}],"curies":[{"name":"wp","href":"https:\/\/api.w.org\/{rel}","templated":true}]}} 