{"id":91895,"date":"2025-07-02T17:40:28","date_gmt":"2025-07-02T20:40:28","guid":{"rendered":"https:\/\/noticiasbahia360.com.br\/?p=91895"},"modified":"2025-07-02T17:40:28","modified_gmt":"2025-07-02T20:40:28","slug":"espetaculo-de-ilusionismo-com-o-magico-junior-dark-acontece-no-miss-brown-cafe-para-adultos-e-criancas","status":"publish","type":"post","link":"https:\/\/noticiasbahia360.com.br\/?p=91895","title":{"rendered":"Espet\u00e1culo de ilusionismo com o m\u00e1gico J\u00fanior Dark acontece no Miss Brown Caf\u00e9 para adultos e crian\u00e7as"},"content":{"rendered":"<div>\n<div>\n<figure><img decoding=\"async\" src=\"http:\/\/noticiasbahia360.com.br\/wp-content\/uploads\/2025\/07\/Junior-Dark-.webp\" alt=\"J\u00fanior Dark\"><figcaption>Foto: Divulga\u00e7\u00e3o<\/figcaption><\/figure>\n<\/div>\n<p>A Miss Brown Caf\u00e9 recebe nesta sexta-feira (4), e s\u00e1bado (5), o <a href=\"https:\/\/www.acordacidade.com.br\/tag\/espetaculo\/\">espet\u00e1culo<\/a> Noite de Magia com o ilusionista J\u00fanior Dark que tem mais de 25 anos de carreira. Ser\u00e3o duas apresenta\u00e7\u00f5es voltadas para p\u00fablicos diferentes, mas com uma promessa em comum: encantar do in\u00edcio ao fim com truques que envolvem p\u00e1ssaros, jornais, c\u00e1lculos matem\u00e1ticos e at\u00e9 a mente do p\u00fablico.<\/p>\n<p>Na sexta-feira, \u00e0s 20h, acontece a sess\u00e3o voltada para o p\u00fablico adulto, com classifica\u00e7\u00e3o de 16 anos e ingressos a R$ 15. J\u00e1 no s\u00e1bado, 5, \u00e0s 19h, o show ganha um tom l\u00fadico e se transforma em uma experi\u00eancia m\u00e1gica para as crian\u00e7as a partir de 5 anos. Neste dia, a entrada custa R$ 20 para adultos e \u00e9 gratuita para crian\u00e7as.<\/p>\n<p>O ilusionista J\u00fanior Dark promete um espet\u00e1culo din\u00e2mico e surpreendente, que se reinventa a cada nova plateia. \u201cO show vai ter muito entretenimento, mist\u00e9rio, divers\u00e3o e muita intera\u00e7\u00e3o tamb\u00e9m. O show conta com n\u00fameros que envolvem p\u00e1ssaros, jornais, c\u00e1lculos matem\u00e1ticos e at\u00e9 a mente do p\u00fablico. Cada artista tem um estilo. Eu gosto de interagir. De acordo com a plateia, o espet\u00e1culo vai mudando. \u00c9 muita troca de energia que deixa tudo mais gostoso\u201d, explica.<\/p>\n<p>A Miss Brown Caf\u00e9 \u00e9 um espa\u00e7o cultural e gastron\u00f4mico que realiza semanalmente diversas ativadas culturais e fica localizada na rua Bar\u00e3o do Rio Branco , 100, Serraria Brasil.<\/p>\n<p><em>Siga o Acorda Cidade no<\/em><a href=\"https:\/\/news.google.com\/search?q=acorda%20cidade&amp;hl=pt-BR&amp;gl=BR&amp;ceid=BR%3Apt-419\"><strong><em> Google Not\u00edcias<\/em><\/strong><\/a><em> e receba os principais destaques do dia. Participe tamb\u00e9m dos nossos canais no <\/em><a href=\"https:\/\/whatsapp.com\/channel\/0029Va6Rb4v3WHTNnsh8WI3N\"><strong><em>WhatsApp<\/em><\/strong><\/a><em> e <\/em><a href=\"https:\/\/www.youtube.com\/@acordacidadenoticias\/videos\"><strong>Youtube<\/strong><\/a><em> e grupo de <\/em><a href=\"https:\/\/t.me\/+sSz0khrgARA0ZmRh\"><strong><em>Telegram<\/em><\/strong><\/a><em>.<\/em><\/p>\n<\/div>\n","protected":false},"excerpt":{"rendered":"<div>\n<div>\n<figure><img decoding=\"async\" src=\"https:\/\/uploads.acordacidade.com.br\/2025\/07\/Junior-Dark-.webp\" alt=\"J\u00fanior Dark\"><figcaption>Foto: Divulga\u00e7\u00e3o<\/figcaption><\/figure>\n<\/div>\n<p>O ilusionista J\u00fanior Dark promete um espet\u00e1culo din\u00e2mico e surpreendente, que se reinventa a cada nova plateia.<\/p><\/div>\n","protected":false},"author":1,"featured_media":91896,"comment_status":"closed","ping_status":"closed","sticky":false,"template":"","format":"gallery","meta":{"footnotes":""},"categories":[8,9,6,57,56,10],"tags":[],"class_list":["post-91895","post","type-post","status-publish","format-gallery","has-post-thumbnail","hentry","category-bahia","category-brasil","category-feira-de-santana","category-mundo","category-policia","category-politica","post_format-post-format-gallery"],"featured_image_urls":{"full":["https:\/\/noticiasbahia360.com.br\/wp-content\/uploads\/2025\/07\/Junior-Dark-.webp",1200,852,false],"thumbnail":["https:\/\/noticiasbahia360.com.br\/wp-content\/uploads\/2025\/07\/Junior-Dark--150x150.webp",150,150,true],"medium":["https:\/\/noticiasbahia360.com.br\/wp-content\/uploads\/2025\/07\/Junior-Dark--300x213.webp",300,213,true],"medium_large":["https:\/\/noticiasbahia360.com.br\/wp-content\/uploads\/2025\/07\/Junior-Dark--768x545.webp",640,454,true],"large":["https:\/\/noticiasbahia360.com.br\/wp-content\/uploads\/2025\/07\/Junior-Dark--1024x727.webp",640,454,true],"1536x1536":["https:\/\/noticiasbahia360.com.br\/wp-content\/uploads\/2025\/07\/Junior-Dark-.webp",1200,852,false],"2048x2048":["https:\/\/noticiasbahia360.com.br\/wp-content\/uploads\/2025\/07\/Junior-Dark-.webp",1200,852,false],"chromenews-featured":["https:\/\/noticiasbahia360.com.br\/wp-content\/uploads\/2025\/07\/Junior-Dark--1024x727.webp",1024,727,true],"chromenews-large":["https:\/\/noticiasbahia360.com.br\/wp-content\/uploads\/2025\/07\/Junior-Dark--825x575.webp",825,575,true],"chromenews-medium":["https:\/\/noticiasbahia360.com.br\/wp-content\/uploads\/2025\/07\/Junior-Dark--590x410.webp",590,410,true]},"author_info":{"display_name":"noticiasbahia360.com.br","author_link":"https:\/\/noticiasbahia360.com.br\/?author=1"},"category_info":"<a href=\"https:\/\/noticiasbahia360.com.br\/?cat=8\" rel=\"category\">Bahia<\/a> <a href=\"https:\/\/noticiasbahia360.com.br\/?cat=9\" rel=\"category\">Brasil<\/a> <a href=\"https:\/\/noticiasbahia360.com.br\/?cat=6\" rel=\"category\">Feira de Santana<\/a> <a href=\"https:\/\/noticiasbahia360.com.br\/?cat=57\" rel=\"category\">Mundo<\/a> <a href=\"https:\/\/noticiasbahia360.com.br\/?cat=56\" rel=\"category\">Pol\u00edcia<\/a> <a href=\"https:\/\/noticiasbahia360.com.br\/?cat=10\" rel=\"category\">Pol\u00edtica<\/a>","tag_info":"Pol\u00edtica","comment_count":"0","_links":{"self":[{"href":"https:\/\/noticiasbahia360.com.br\/index.php?rest_route=\/wp\/v2\/posts\/91895","targetHints":{"allow":["GET"]}}],"collection":[{"href":"https:\/\/noticiasbahia360.com.br\/index.php?rest_route=\/wp\/v2\/posts"}],"about":[{"href":"https:\/\/noticiasbahia360.com.br\/index.php?rest_route=\/wp\/v2\/types\/post"}],"author":[{"embeddable":true,"href":"https:\/\/noticiasbahia360.com.br\/index.php?rest_route=\/wp\/v2\/users\/1"}],"replies":[{"embeddable":true,"href":"https:\/\/noticiasbahia360.com.br\/index.php?rest_route=%2Fwp%2Fv2%2Fcomments&post=91895"}],"version-history":[{"count":0,"href":"https:\/\/noticiasbahia360.com.br\/index.php?rest_route=\/wp\/v2\/posts\/91895\/revisions"}],"wp:featuredmedia":[{"embeddable":true,"href":"https:\/\/noticiasbahia360.com.br\/index.php?rest_route=\/wp\/v2\/media\/91896"}],"wp:attachment":[{"href":"https:\/\/noticiasbahia360.com.br\/index.php?rest_route=%2Fwp%2Fv2%2Fmedia&parent=91895"}],"wp:term":[{"taxonomy":"category","embeddable":true,"href":"https:\/\/noticiasbahia360.com.br\/index.php?rest_route=%2Fwp%2Fv2%2Fcategories&post=91895"},{"taxonomy":"post_tag","embeddable":true,"href":"https:\/\/noticiasbahia360.com.br\/index.php?rest_route=%2Fwp%2Fv2%2Ftags&post=91895"}],"curies":[{"name":"wp","href":"https:\/\/api.w.org\/{rel}","templated":true}]}}