{"id":91897,"date":"2025-07-02T17:51:12","date_gmt":"2025-07-02T20:51:12","guid":{"rendered":"https:\/\/noticiasbahia360.com.br\/?p=91897"},"modified":"2025-07-02T17:51:12","modified_gmt":"2025-07-02T20:51:12","slug":"feira-de-santana-aprova-mudancas-no-processo-de-escolha-de-diretores-escolares","status":"publish","type":"post","link":"https:\/\/noticiasbahia360.com.br\/?p=91897","title":{"rendered":"Feira de Santana aprova mudan\u00e7as no processo de escolha de diretores escolares"},"content":{"rendered":"<div>\n<div>\n<figure><img decoding=\"async\" src=\"http:\/\/noticiasbahia360.com.br\/wp-content\/uploads\/2025\/07\/paco-municipal-foto-acorda-cidade-ed-santos.jpg\" alt=\"Pa\u00e7o Municipal - Prefeitura de Feira de Santana - micareta - diretores\"><figcaption>Foto: Ed Santos\/Acorda Cidade<\/figcaption><\/figure>\n<\/div>\n<p>Nesta\u00a0quinta-feira, 3 de julho, \u00e0s 9h, no <a href=\"https:\/\/www.acordacidade.com.br\/tag\/prefeitura-de-feira\/\">Pa\u00e7o Municipal Maria Quit\u00e9ria<\/a>, ser\u00e1 realizada a solenidade de san\u00e7\u00e3o de duas importantes leis que representam avan\u00e7os significativos para a educa\u00e7\u00e3o p\u00fablica de Feira de Santana. O ato contar\u00e1 com a presen\u00e7a do prefeito Jos\u00e9 Ronaldo, do vice-prefeito e secret\u00e1rio de Educa\u00e7\u00e3o, Pablo Roberto, al\u00e9m de demais autoridades e representantes da rede municipal de ensino.<\/p>\n<p>As medidas aprovadas tratam da reformula\u00e7\u00e3o do processo de escolha dos diretores e vice-diretores escolares, bem como da concess\u00e3o de gratifica\u00e7\u00f5es para o exerc\u00edcio de fun\u00e7\u00f5es de dire\u00e7\u00e3o, coordena\u00e7\u00e3o e atua\u00e7\u00e3o em projetos especiais da Secretaria Municipal de Educa\u00e7\u00e3o.<\/p>\n<p>O Projeto de Lei n\u00ba 007\/2025 revoga a Lei n\u00ba 3.392\/2013 e estabelece nova reda\u00e7\u00e3o para a elei\u00e7\u00e3o de diretores e vice-diretores nas unidades escolares municipais. Entre as principais mudan\u00e7as est\u00e3o:<\/p>\n<ul class=\"wp-block-list\">\n<li>A exig\u00eancia de crit\u00e9rios mais claros para a candidatura aos cargos de gest\u00e3o escolar;<\/li>\n<li>A cria\u00e7\u00e3o de uma comiss\u00e3o eleitoral para coordenar todo o processo;<\/li>\n<li>A realiza\u00e7\u00e3o de consulta direta \u00e0 comunidade escolar (professores, funcion\u00e1rios e pais);<\/li>\n<li>O fortalecimento da transpar\u00eancia e da participa\u00e7\u00e3o democr\u00e1tica na escolha dos gestores escolares.<\/li>\n<\/ul>\n<p>J\u00e1 o Projeto de Lei Complementar n\u00ba 004\/2025 regulamenta a concess\u00e3o de gratifica\u00e7\u00f5es para os cargos de diretor, vice-diretor, coordenador pedag\u00f3gico e professores que atuam em projetos especiais desenvolvidos pela Secretaria Municipal de Educa\u00e7\u00e3o. O texto define percentuais espec\u00edficos de gratifica\u00e7\u00e3o e estabelece crit\u00e9rios para a concess\u00e3o, como exerc\u00edcio efetivo da fun\u00e7\u00e3o e atua\u00e7\u00e3o em unidades escolares em tempo integral.<\/p>\n<p>A nova legisla\u00e7\u00e3o visa modernizar e valorizar a gest\u00e3o educacional, garantindo mais efici\u00eancia, reconhecimento e incentivo aos profissionais da rede. \u201cEssas leis s\u00e3o frutos de di\u00e1logo com a comunidade escolar e refletem o nosso compromisso com a melhoria da educa\u00e7\u00e3o p\u00fablica. Estamos investindo em uma gest\u00e3o mais democr\u00e1tica e no reconhecimento do trabalho de quem se dedica diariamente \u00e0s nossas escolas\u201d, afirma o prefeito Jos\u00e9 Ronaldo.<\/p>\n<p>Para o secret\u00e1rio Pablo Roberto, as mudan\u00e7as representam um avan\u00e7o necess\u00e1rio. \u201cEstamos fortalecendo a estrutura da rede e valorizando nossos profissionais. S\u00e3o a\u00e7\u00f5es que impactam diretamente na qualidade do ensino oferecido aos nossos estudantes e na motiva\u00e7\u00e3o de toda a equipe que faz a educa\u00e7\u00e3o acontecer\u201d, destaca.<\/p>\n<p>A cerim\u00f4nia \u00e9 aberta ao p\u00fablico e marca um passo importante rumo a uma educa\u00e7\u00e3o municipal mais forte, participativa e comprometida com o futuro.<\/p>\n<p><em>Com informa\u00e7\u00f5es da Secretaria Municipal de Comunica\u00e7\u00e3o Social (Secom)<\/em><\/p>\n<p><em>Siga o Acorda Cidade no<\/em><a href=\"https:\/\/news.google.com\/search?q=acorda%20cidade&amp;hl=pt-BR&amp;gl=BR&amp;ceid=BR%3Apt-419\"><strong><em> Google Not\u00edcias<\/em><\/strong><\/a><em> e receba os principais destaques do dia. Participe tamb\u00e9m dos nossos canais no <\/em><a href=\"https:\/\/whatsapp.com\/channel\/0029Va6Rb4v3WHTNnsh8WI3N\"><strong><em>WhatsApp<\/em><\/strong><\/a><em> e <\/em><a href=\"https:\/\/www.youtube.com\/@acordacidadenoticias\/videos\"><strong>Youtube<\/strong><\/a><em> e grupo de <\/em><a href=\"https:\/\/t.me\/+sSz0khrgARA0ZmRh\"><strong><em>Telegram<\/em><\/strong><\/a><em>.<\/em><\/p>\n<\/div>\n","protected":false},"excerpt":{"rendered":"<div>\n<div>\n<figure><img decoding=\"async\" src=\"https:\/\/uploads.acordacidade.com.br\/wp-content\/uploads\/2022\/07\/28070453\/paco-municipal-foto-acorda-cidade-ed-santos.jpg\" alt=\"Pa\u00e7o Municipal - Prefeitura de Feira de Santana - micareta - diretores\"><figcaption>Foto: Ed Santos\/Acorda Cidade<\/figcaption><\/figure>\n<\/div>\n<p>As medidas aprovadas tratam da reformula\u00e7\u00e3o do processo de escolha dos diretores e vice-diretores escolares.<\/p><\/div>\n","protected":false},"author":1,"featured_media":91898,"comment_status":"closed","ping_status":"closed","sticky":false,"template":"","format":"gallery","meta":{"footnotes":""},"categories":[8,9,6,57,56,10],"tags":[],"class_list":["post-91897","post","type-post","status-publish","format-gallery","has-post-thumbnail","hentry","category-bahia","category-brasil","category-feira-de-santana","category-mundo","category-policia","category-politica","post_format-post-format-gallery"],"featured_image_urls":{"full":["https:\/\/noticiasbahia360.com.br\/wp-content\/uploads\/2025\/07\/paco-municipal-foto-acorda-cidade-ed-santos.jpg",640,427,false],"thumbnail":["https:\/\/noticiasbahia360.com.br\/wp-content\/uploads\/2025\/07\/paco-municipal-foto-acorda-cidade-ed-santos-150x150.jpg",150,150,true],"medium":["https:\/\/noticiasbahia360.com.br\/wp-content\/uploads\/2025\/07\/paco-municipal-foto-acorda-cidade-ed-santos-300x200.jpg",300,200,true],"medium_large":["https:\/\/noticiasbahia360.com.br\/wp-content\/uploads\/2025\/07\/paco-municipal-foto-acorda-cidade-ed-santos.jpg",640,427,false],"large":["https:\/\/noticiasbahia360.com.br\/wp-content\/uploads\/2025\/07\/paco-municipal-foto-acorda-cidade-ed-santos.jpg",640,427,false],"1536x1536":["https:\/\/noticiasbahia360.com.br\/wp-content\/uploads\/2025\/07\/paco-municipal-foto-acorda-cidade-ed-santos.jpg",640,427,false],"2048x2048":["https:\/\/noticiasbahia360.com.br\/wp-content\/uploads\/2025\/07\/paco-municipal-foto-acorda-cidade-ed-santos.jpg",640,427,false],"chromenews-featured":["https:\/\/noticiasbahia360.com.br\/wp-content\/uploads\/2025\/07\/paco-municipal-foto-acorda-cidade-ed-santos.jpg",640,427,false],"chromenews-large":["https:\/\/noticiasbahia360.com.br\/wp-content\/uploads\/2025\/07\/paco-municipal-foto-acorda-cidade-ed-santos.jpg",640,427,false],"chromenews-medium":["https:\/\/noticiasbahia360.com.br\/wp-content\/uploads\/2025\/07\/paco-municipal-foto-acorda-cidade-ed-santos-590x410.jpg",590,410,true]},"author_info":{"display_name":"noticiasbahia360.com.br","author_link":"https:\/\/noticiasbahia360.com.br\/?author=1"},"category_info":"<a href=\"https:\/\/noticiasbahia360.com.br\/?cat=8\" rel=\"category\">Bahia<\/a> <a href=\"https:\/\/noticiasbahia360.com.br\/?cat=9\" rel=\"category\">Brasil<\/a> <a href=\"https:\/\/noticiasbahia360.com.br\/?cat=6\" rel=\"category\">Feira de Santana<\/a> <a href=\"https:\/\/noticiasbahia360.com.br\/?cat=57\" rel=\"category\">Mundo<\/a> <a href=\"https:\/\/noticiasbahia360.com.br\/?cat=56\" rel=\"category\">Pol\u00edcia<\/a> <a href=\"https:\/\/noticiasbahia360.com.br\/?cat=10\" rel=\"category\">Pol\u00edtica<\/a>","tag_info":"Pol\u00edtica","comment_count":"0","_links":{"self":[{"href":"https:\/\/noticiasbahia360.com.br\/index.php?rest_route=\/wp\/v2\/posts\/91897","targetHints":{"allow":["GET"]}}],"collection":[{"href":"https:\/\/noticiasbahia360.com.br\/index.php?rest_route=\/wp\/v2\/posts"}],"about":[{"href":"https:\/\/noticiasbahia360.com.br\/index.php?rest_route=\/wp\/v2\/types\/post"}],"author":[{"embeddable":true,"href":"https:\/\/noticiasbahia360.com.br\/index.php?rest_route=\/wp\/v2\/users\/1"}],"replies":[{"embeddable":true,"href":"https:\/\/noticiasbahia360.com.br\/index.php?rest_route=%2Fwp%2Fv2%2Fcomments&post=91897"}],"version-history":[{"count":0,"href":"https:\/\/noticiasbahia360.com.br\/index.php?rest_route=\/wp\/v2\/posts\/91897\/revisions"}],"wp:featuredmedia":[{"embeddable":true,"href":"https:\/\/noticiasbahia360.com.br\/index.php?rest_route=\/wp\/v2\/media\/91898"}],"wp:attachment":[{"href":"https:\/\/noticiasbahia360.com.br\/index.php?rest_route=%2Fwp%2Fv2%2Fmedia&parent=91897"}],"wp:term":[{"taxonomy":"category","embeddable":true,"href":"https:\/\/noticiasbahia360.com.br\/index.php?rest_route=%2Fwp%2Fv2%2Fcategories&post=91897"},{"taxonomy":"post_tag","embeddable":true,"href":"https:\/\/noticiasbahia360.com.br\/index.php?rest_route=%2Fwp%2Fv2%2Ftags&post=91897"}],"curies":[{"name":"wp","href":"https:\/\/api.w.org\/{rel}","templated":true}]}}