{"id":91899,"date":"2025-07-02T18:25:52","date_gmt":"2025-07-02T21:25:52","guid":{"rendered":"https:\/\/noticiasbahia360.com.br\/?p=91899"},"modified":"2025-07-02T18:25:52","modified_gmt":"2025-07-02T21:25:52","slug":"bahia-e-lider-em-homicidios-ha-dez-anos-isso-nao-e-coincidencia-diz-acm-neto-sobre-tema-das-eleicoes-2026","status":"publish","type":"post","link":"https:\/\/noticiasbahia360.com.br\/?p=91899","title":{"rendered":"\u201cBahia \u00e9 l\u00edder em homic\u00eddios h\u00e1 dez anos. Isso n\u00e3o \u00e9 coincid\u00eancia\u201d, diz ACM Neto sobre tema das elei\u00e7\u00f5es 2026"},"content":{"rendered":"<div>\n<div>\n<figure><img decoding=\"async\" src=\"http:\/\/noticiasbahia360.com.br\/wp-content\/uploads\/2025\/07\/ACM-Neto.webp\" alt=\"ACM Neto\"><figcaption>Foto: Waltemy Brand\u00e3o \/ Bahia Not\u00edcias<\/figcaption><\/figure>\n<\/div>\n<p>O ex-prefeito da cidade de Salvador, <a href=\"https:\/\/www.acordacidade.com.br\/tag\/acm-neto\/\">ACM Neto<\/a> (Uni\u00e3o Brasil), declarou que a seguran\u00e7a p\u00fablica vai ser o tema central dos debates nas elei\u00e7\u00f5es de 2026, independente dos candidatos que estiverem na corrida pelo governo da Bahia. A declara\u00e7\u00e3o dele foi feita nesta quarta-feira (2), em meio a festejos da Independ\u00eancia da Bahia.\u00a0<\/p>\n<p>\u201c\u00c9 inevit\u00e1vel que o tema seguran\u00e7a p\u00fablica seja o principal no debate pol\u00edtico do pr\u00f3ximo ano. N\u00e3o interessa quem ser\u00e1 candidato. Todos os pol\u00edticos da Bahia v\u00e3o ser obrigados a discutir seguran\u00e7a p\u00fablica. Hoje \u00e9 o maior problema enfrentado pela popula\u00e7\u00e3o. A Bahia \u00e9 l\u00edder em homic\u00eddios h\u00e1 dez anos, e o PT governa o estado h\u00e1 20 [anos]. Isso n\u00e3o \u00e9 coincid\u00eancia\u201d, declarou.<\/p>\n<p>O pol\u00edtico, que j\u00e1 se articula como principal nome de oposi\u00e7\u00e3o, tamb\u00e9m voltou a\u00a0criticar a possibilidade de o PT lan\u00e7ar uma chapa \u201cpuro-sangue\u201d\u00a0para o governo, o Senado e a presid\u00eancia da Rep\u00fablica, repetindo nomes como Jer\u00f4nimo Rodrigues, Rui Costa e Jaques Wagner.<\/p>\n<p>\u201cUm trio do PT mostra soberba. Mostra o quanto eles se acham donos do estado. A panelinha gira, gira e termina no mesmo lugar. N\u00e3o \u00e9 poss\u00edvel que s\u00f3 existam eles. Isso mostra o desgaste de 20 anos e a responsabilidade conjunta por tudo que acontece hoje na Bahia\u201d, afirmou.<\/p>\n<p>O opositor afirmou ainda que n\u00e3o escolhe advers\u00e1rio, mas deixou claro que considera esse cen\u00e1rio favor\u00e1vel politicamente. \u201cSe eu pudesse torcer, torceria por isso\u201d, concluiu.<\/p>\n<p><em>Fonte: <a href=\"https:\/\/www.bahianoticias.com.br\/noticia\/306170-seguranca-publica-sera-tema-central-em-2026-diz-acm-neto-sobre-as-eleicoes\" target=\"_blank\" rel=\"noreferrer noopener\">Bahia Not\u00edcias<\/a><\/em><\/p>\n<p><em>Siga o Acorda Cidade no<\/em><a href=\"https:\/\/news.google.com\/search?q=acorda%20cidade&amp;hl=pt-BR&amp;gl=BR&amp;ceid=BR%3Apt-419\"><strong><em> Google Not\u00edcias<\/em><\/strong><\/a><em> e receba os principais destaques do dia. Participe tamb\u00e9m dos nossos canais no <\/em><a href=\"https:\/\/whatsapp.com\/channel\/0029Va6Rb4v3WHTNnsh8WI3N\"><strong><em>WhatsApp<\/em><\/strong><\/a><em> e <\/em><a href=\"https:\/\/www.youtube.com\/@acordacidadenoticias\/videos\"><strong>Youtube<\/strong><\/a><em> e grupo de <\/em><a href=\"https:\/\/t.me\/+sSz0khrgARA0ZmRh\"><strong><em>Telegram<\/em><\/strong><\/a><em>.<\/em><\/p>\n<\/div>\n","protected":false},"excerpt":{"rendered":"<div>\n<div>\n<figure><img decoding=\"async\" src=\"https:\/\/uploads.acordacidade.com.br\/2025\/07\/ACM-Neto.webp\" alt=\"ACM Neto\"><figcaption>Foto: Waltemy Brand\u00e3o \/ Bahia Not\u00edcias<\/figcaption><\/figure>\n<\/div>\n<p>A declara\u00e7\u00e3o de ACM Neto, ex prefeito de Salvador, foi feita nesta quarta-feira (2), em meio a festejos da Independ\u00eancia da Bahia.\u00a0<\/p><\/div>\n","protected":false},"author":1,"featured_media":91900,"comment_status":"closed","ping_status":"closed","sticky":false,"template":"","format":"gallery","meta":{"footnotes":""},"categories":[8,9,6,57,56,10],"tags":[],"class_list":["post-91899","post","type-post","status-publish","format-gallery","has-post-thumbnail","hentry","category-bahia","category-brasil","category-feira-de-santana","category-mundo","category-policia","category-politica","post_format-post-format-gallery"],"featured_image_urls":{"full":["https:\/\/noticiasbahia360.com.br\/wp-content\/uploads\/2025\/07\/ACM-Neto.webp",1200,630,false],"thumbnail":["https:\/\/noticiasbahia360.com.br\/wp-content\/uploads\/2025\/07\/ACM-Neto-150x150.webp",150,150,true],"medium":["https:\/\/noticiasbahia360.com.br\/wp-content\/uploads\/2025\/07\/ACM-Neto-300x158.webp",300,158,true],"medium_large":["https:\/\/noticiasbahia360.com.br\/wp-content\/uploads\/2025\/07\/ACM-Neto-768x403.webp",640,336,true],"large":["https:\/\/noticiasbahia360.com.br\/wp-content\/uploads\/2025\/07\/ACM-Neto-1024x538.webp",640,336,true],"1536x1536":["https:\/\/noticiasbahia360.com.br\/wp-content\/uploads\/2025\/07\/ACM-Neto.webp",1200,630,false],"2048x2048":["https:\/\/noticiasbahia360.com.br\/wp-content\/uploads\/2025\/07\/ACM-Neto.webp",1200,630,false],"chromenews-featured":["https:\/\/noticiasbahia360.com.br\/wp-content\/uploads\/2025\/07\/ACM-Neto-1024x538.webp",1024,538,true],"chromenews-large":["https:\/\/noticiasbahia360.com.br\/wp-content\/uploads\/2025\/07\/ACM-Neto-825x575.webp",825,575,true],"chromenews-medium":["https:\/\/noticiasbahia360.com.br\/wp-content\/uploads\/2025\/07\/ACM-Neto-590x410.webp",590,410,true]},"author_info":{"display_name":"noticiasbahia360.com.br","author_link":"https:\/\/noticiasbahia360.com.br\/?author=1"},"category_info":"<a href=\"https:\/\/noticiasbahia360.com.br\/?cat=8\" rel=\"category\">Bahia<\/a> <a href=\"https:\/\/noticiasbahia360.com.br\/?cat=9\" rel=\"category\">Brasil<\/a> <a href=\"https:\/\/noticiasbahia360.com.br\/?cat=6\" rel=\"category\">Feira de Santana<\/a> <a href=\"https:\/\/noticiasbahia360.com.br\/?cat=57\" rel=\"category\">Mundo<\/a> <a href=\"https:\/\/noticiasbahia360.com.br\/?cat=56\" rel=\"category\">Pol\u00edcia<\/a> <a href=\"https:\/\/noticiasbahia360.com.br\/?cat=10\" rel=\"category\">Pol\u00edtica<\/a>","tag_info":"Pol\u00edtica","comment_count":"0","_links":{"self":[{"href":"https:\/\/noticiasbahia360.com.br\/index.php?rest_route=\/wp\/v2\/posts\/91899","targetHints":{"allow":["GET"]}}],"collection":[{"href":"https:\/\/noticiasbahia360.com.br\/index.php?rest_route=\/wp\/v2\/posts"}],"about":[{"href":"https:\/\/noticiasbahia360.com.br\/index.php?rest_route=\/wp\/v2\/types\/post"}],"author":[{"embeddable":true,"href":"https:\/\/noticiasbahia360.com.br\/index.php?rest_route=\/wp\/v2\/users\/1"}],"replies":[{"embeddable":true,"href":"https:\/\/noticiasbahia360.com.br\/index.php?rest_route=%2Fwp%2Fv2%2Fcomments&post=91899"}],"version-history":[{"count":0,"href":"https:\/\/noticiasbahia360.com.br\/index.php?rest_route=\/wp\/v2\/posts\/91899\/revisions"}],"wp:featuredmedia":[{"embeddable":true,"href":"https:\/\/noticiasbahia360.com.br\/index.php?rest_route=\/wp\/v2\/media\/91900"}],"wp:attachment":[{"href":"https:\/\/noticiasbahia360.com.br\/index.php?rest_route=%2Fwp%2Fv2%2Fmedia&parent=91899"}],"wp:term":[{"taxonomy":"category","embeddable":true,"href":"https:\/\/noticiasbahia360.com.br\/index.php?rest_route=%2Fwp%2Fv2%2Fcategories&post=91899"},{"taxonomy":"post_tag","embeddable":true,"href":"https:\/\/noticiasbahia360.com.br\/index.php?rest_route=%2Fwp%2Fv2%2Ftags&post=91899"}],"curies":[{"name":"wp","href":"https:\/\/api.w.org\/{rel}","templated":true}]}}