{"id":91901,"date":"2025-07-02T19:31:35","date_gmt":"2025-07-02T22:31:35","guid":{"rendered":"https:\/\/noticiasbahia360.com.br\/?p=91901"},"modified":"2025-07-02T19:31:35","modified_gmt":"2025-07-02T22:31:35","slug":"tomba-celebra-2-de-julho-com-shows-e-desfile-cultural-do-bloco-flor-de-ijexa-ja-e-tradicao","status":"publish","type":"post","link":"https:\/\/noticiasbahia360.com.br\/?p=91901","title":{"rendered":"Tomba celebra 2 de Julho com shows e desfile cultural do bloco Flor de Ijex\u00e1: \u201cJ\u00e1 \u00e9 tradi\u00e7\u00e3o\u201d"},"content":{"rendered":"<div>\n<div>\n<figure><img decoding=\"async\" src=\"http:\/\/noticiasbahia360.com.br\/wp-content\/uploads\/2025\/07\/2-de-Julho-no-Tomba-ft-paulo-jose-acorda-cidade.webp\" alt=\"2 de Julho no Tomba\"><figcaption>Foto: Paulo Jos\u00e9\/Acorda Cidade <\/figcaption><\/figure>\n<\/div>\n<p>Com muita m\u00fasica, ancestralidade e alegria popular, o bairro Tomba, em Feira de Santana, celebrou nesta quarta-feira (2) a <a href=\"https:\/\/www.acordacidade.com.br\/tag\/independencia-da-bahia\/\">Independ\u00eancia do Brasil na Bahia<\/a>. O tradicional desfile cultural, que h\u00e1 d\u00e9cadas acontece na comunidade, arrastou moradores, visitantes e representantes culturais pelas ruas.<\/p>\n<p>H\u00e1 quatro d\u00e9cadas, o locutor Geo Lima se dedica \u00e0 organiza\u00e7\u00e3o do evento. Ao Acorda Cidade, ele relembrou com carinho a origem dessa manifesta\u00e7\u00e3o popular.<\/p>\n<figure class=\"wp-block-image size-full\"><img fetchpriority=\"high\" data-dominant-color=\"7a868d\" data-has-transparency=\"false\" style=\"--dominant-color: #7a868d;\" fetchpriority=\"high\" decoding=\"async\" width=\"1200\" height=\"554\" sizes=\"(max-width: 1200px) 100vw, 1200px\" src=\"http:\/\/noticiasbahia360.com.br\/wp-content\/uploads\/2025\/07\/2-de-Julho-no-Tomba-ft-paulo-jose-acorda-cidade-8.webp\" alt=\"2 de Julho no Tomba\" class=\"wp-image-570951 not-transparent\" srcset=\"https:\/\/uploads.acordacidade.com.br\/2025\/07\/2-de-Julho-no-Tomba-ft-paulo-jose-acorda-cidade-8-648x299.webp 648w, https:\/\/uploads.acordacidade.com.br\/2025\/07\/2-de-Julho-no-Tomba-ft-paulo-jose-acorda-cidade-8-984x454.webp 984w, https:\/\/uploads.acordacidade.com.br\/2025\/07\/2-de-Julho-no-Tomba-ft-paulo-jose-acorda-cidade-8-150x69.webp 150w, http:\/\/noticiasbahia360.com.br\/wp-content\/uploads\/2025\/07\/2-de-Julho-no-Tomba-ft-paulo-jose-acorda-cidade-8.webp 1200w\"><figcaption class=\"wp-element-caption\">Foto: Paulo Jos\u00e9\/Acorda Cidade <\/figcaption><\/figure>\n<p>\u201cFoi criada por Dona Benta Machado, l\u00edder religiosa conhecida como Dona Lol\u00f3, e os vaqueiros Thiago e Ant\u00f4nio Bodeiro. Inclusive o Ant\u00f4nio esteve aqui, foi um momento emocionante. Mas \u00e9 a festa do bairro, que agrega todo mundo: baianas, vaqueiros, os populares. Enfim, \u00e9 uma festa tradicional que apresenta os caboclos, com grandes atra\u00e7\u00f5es como acontece todo ano. \u00c9 uma festa maravilhosa, como acontece todos os anos, de paz e harmonia, que \u00e9 o que o Tomba \u00e9\u201d, contou em entrevista.<\/p>\n<figure class=\"wp-block-image size-full\"><img data-dominant-color=\"817e82\" data-has-transparency=\"false\" style=\"--dominant-color: #817e82;\" decoding=\"async\" width=\"1200\" height=\"554\" sizes=\"(max-width: 1200px) 100vw, 1200px\" src=\"http:\/\/noticiasbahia360.com.br\/wp-content\/uploads\/2025\/07\/2-de-Julho-no-Tomba-ft-paulo-jose-acorda-cidade-9.webp\" alt=\"2 de Julho no Tomba\" class=\"wp-image-570950 not-transparent\" srcset=\"https:\/\/uploads.acordacidade.com.br\/2025\/07\/2-de-Julho-no-Tomba-ft-paulo-jose-acorda-cidade-9-648x299.webp 648w, https:\/\/uploads.acordacidade.com.br\/2025\/07\/2-de-Julho-no-Tomba-ft-paulo-jose-acorda-cidade-9-984x454.webp 984w, https:\/\/uploads.acordacidade.com.br\/2025\/07\/2-de-Julho-no-Tomba-ft-paulo-jose-acorda-cidade-9-150x69.webp 150w, http:\/\/noticiasbahia360.com.br\/wp-content\/uploads\/2025\/07\/2-de-Julho-no-Tomba-ft-paulo-jose-acorda-cidade-9.webp 1200w\"><figcaption class=\"wp-element-caption\">Foto: Paulo Jos\u00e9\/Acorda Cidade <\/figcaption><\/figure>\n<p>Manter viva essa tradi\u00e7\u00e3o n\u00e3o \u00e9 tarefa simples. Geolima explica que a continuidade da celebra\u00e7\u00e3o depende do apoio de amigos e da comunidade, al\u00e9m da colabora\u00e7\u00e3o da Prefeitura.<\/p>\n<figure class=\"wp-block-image size-full\"><img data-dominant-color=\"807b7d\" data-has-transparency=\"false\" style=\"--dominant-color: #807b7d;\" decoding=\"async\" width=\"1200\" height=\"554\" sizes=\"(max-width: 1200px) 100vw, 1200px\" src=\"http:\/\/noticiasbahia360.com.br\/wp-content\/uploads\/2025\/07\/2-de-Julho-no-Tomba-ft-paulo-jose-acorda-cidade-6.webp\" alt=\"2 de Julho no Tomba\" class=\"wp-image-570942 not-transparent\" srcset=\"https:\/\/uploads.acordacidade.com.br\/2025\/07\/2-de-Julho-no-Tomba-ft-paulo-jose-acorda-cidade-6-648x299.webp 648w, https:\/\/uploads.acordacidade.com.br\/2025\/07\/2-de-Julho-no-Tomba-ft-paulo-jose-acorda-cidade-6-984x454.webp 984w, https:\/\/uploads.acordacidade.com.br\/2025\/07\/2-de-Julho-no-Tomba-ft-paulo-jose-acorda-cidade-6-150x69.webp 150w, http:\/\/noticiasbahia360.com.br\/wp-content\/uploads\/2025\/07\/2-de-Julho-no-Tomba-ft-paulo-jose-acorda-cidade-6.webp 1200w\"><figcaption class=\"wp-element-caption\">Foto: Paulo Jos\u00e9\/Acorda Cidade <\/figcaption><\/figure>\n<p>\u201cDesde quando Dona Benta Machado morreu, eu venho segurando a onda. Corro atr\u00e1s de amigos, que me ajuda, e hoje a Prefeitura tamb\u00e9m d\u00e1 um apoio muito importante, s\u00f3 vem agregar. A festa tem crescido bastante. \u00c9 um sucesso. O com\u00e9rcio h\u00e9 aberto e o povo est\u00e1 aqui uma hora dessa para participar da festa\u201d, acrescentou.<\/p>\n<figure class=\"wp-block-image size-full\"><img data-dominant-color=\"766b60\" data-has-transparency=\"false\" style=\"--dominant-color: #766b60;\" decoding=\"async\" width=\"1200\" height=\"554\" sizes=\"(max-width: 1200px) 100vw, 1200px\" src=\"http:\/\/noticiasbahia360.com.br\/wp-content\/uploads\/2025\/07\/2-de-Julho-no-Tomba-ft-paulo-jose-acorda-cidade-7.webp\" alt=\"2 de Julho no Tomba\" class=\"wp-image-570941 not-transparent\" srcset=\"https:\/\/uploads.acordacidade.com.br\/2025\/07\/2-de-Julho-no-Tomba-ft-paulo-jose-acorda-cidade-7-648x299.webp 648w, https:\/\/uploads.acordacidade.com.br\/2025\/07\/2-de-Julho-no-Tomba-ft-paulo-jose-acorda-cidade-7-984x454.webp 984w, https:\/\/uploads.acordacidade.com.br\/2025\/07\/2-de-Julho-no-Tomba-ft-paulo-jose-acorda-cidade-7-150x69.webp 150w, http:\/\/noticiasbahia360.com.br\/wp-content\/uploads\/2025\/07\/2-de-Julho-no-Tomba-ft-paulo-jose-acorda-cidade-7.webp 1200w\"><figcaption class=\"wp-element-caption\">Foto: Paulo Jos\u00e9\/Acorda Cidade <\/figcaption><\/figure>\n<h2 class=\"wp-block-heading\" id=\"h-flor-de-ijexa-mais-de-40-decadas-de-resistencia-e-ancestralidade\">Flor de Ijex\u00e1: mais de 40 d\u00e9cadas de resist\u00eancia e ancestralidade<\/h2>\n<p>Entre os destaques da programa\u00e7\u00e3o, o bloco afro Flor de Ijex\u00e1, com mais de 40 anos de exist\u00eancia, mais uma vez levou sua for\u00e7a e identidade para as ruas com o tamb\u00e9m tradicional Arrast\u00e3o.<\/p>\n<figure class=\"wp-block-image size-full\"><img loading=\"lazy\" data-dominant-color=\"626868\" data-has-transparency=\"false\" style=\"--dominant-color: #626868;\" decoding=\"async\" width=\"1200\" height=\"686\" sizes=\"(max-width: 1200px) 100vw, 1200px\" src=\"http:\/\/noticiasbahia360.com.br\/wp-content\/uploads\/2025\/07\/2-de-Julho-no-Tomba-ft-paulo-jose-acorda-cidade-3.webp\" alt=\"2 de Julho no Tomba\" class=\"wp-image-570945 not-transparent\" srcset=\"https:\/\/uploads.acordacidade.com.br\/2025\/07\/2-de-Julho-no-Tomba-ft-paulo-jose-acorda-cidade-3-638x365.webp 638w, https:\/\/uploads.acordacidade.com.br\/2025\/07\/2-de-Julho-no-Tomba-ft-paulo-jose-acorda-cidade-3-967x553.webp 967w, https:\/\/uploads.acordacidade.com.br\/2025\/07\/2-de-Julho-no-Tomba-ft-paulo-jose-acorda-cidade-3-150x86.webp 150w, http:\/\/noticiasbahia360.com.br\/wp-content\/uploads\/2025\/07\/2-de-Julho-no-Tomba-ft-paulo-jose-acorda-cidade-3.webp 1200w\"><figcaption class=\"wp-element-caption\">Foto: Paulo Jos\u00e9\/Acorda Cidade <\/figcaption><\/figure>\n<p>Valmir da Silva Rocha, fundador do bloco, destacou o envolvimento direto da comunidade na manuten\u00e7\u00e3o da tradi\u00e7\u00e3o.<\/p>\n<p>\u201cTem 45 anos de exist\u00eancia na avenida e 2 de Julho participando 100% com a ajuda da comunidade. Hoje a comunidade n\u00e3o vive mais sem essa tradi\u00e7\u00e3o. Todo mundo chega junto, ajuda, patrocina.\u201d<\/p>\n<figure class=\"wp-block-image size-full\"><img loading=\"lazy\" data-dominant-color=\"756961\" data-has-transparency=\"false\" style=\"--dominant-color: #756961;\" decoding=\"async\" width=\"1200\" height=\"581\" sizes=\"(max-width: 1200px) 100vw, 1200px\" src=\"http:\/\/noticiasbahia360.com.br\/wp-content\/uploads\/2025\/07\/2-de-Julho-no-Tomba-ft-paulo-jose-acorda-cidade-4.webp\" alt=\"2 de Julho no Tomba\" class=\"wp-image-570944 not-transparent\" srcset=\"https:\/\/uploads.acordacidade.com.br\/2025\/07\/2-de-Julho-no-Tomba-ft-paulo-jose-acorda-cidade-4-648x314.webp 648w, https:\/\/uploads.acordacidade.com.br\/2025\/07\/2-de-Julho-no-Tomba-ft-paulo-jose-acorda-cidade-4-984x476.webp 984w, https:\/\/uploads.acordacidade.com.br\/2025\/07\/2-de-Julho-no-Tomba-ft-paulo-jose-acorda-cidade-4-150x73.webp 150w, http:\/\/noticiasbahia360.com.br\/wp-content\/uploads\/2025\/07\/2-de-Julho-no-Tomba-ft-paulo-jose-acorda-cidade-4.webp 1200w\"><figcaption class=\"wp-element-caption\">Foto: Paulo Jos\u00e9\/Acorda Cidade <\/figcaption><\/figure>\n<p>Ele explicou que o grupo \u00e9 formado por cerca de 200 integrantes, mesmo com uma pequena pausa no passado. \u201cEu tenho 45 anos de Flor de Ijex\u00e1. Todo mundo nesse clima de alegria.\u201d<\/p>\n<p>Outra integrante, h\u00e1 42 anos no Flor de Ijex\u00e1, tamb\u00e9m celebrou a continuidade da manifesta\u00e7\u00e3o cultural. \u201c\u00c9 um momento muito feliz. Estamos agradecidos por ainda existir o bloco que quer reavivar nossa mem\u00f3ria. Al\u00e9m de ser uma data muito importante, vamos valorizar. S\u00f3 n\u00e3o participei por motivos de sa\u00fade e durante a pandemia, dei uma paradinha, mas voltei com for\u00e7a total\u201d, disse ao Acorda Cidade.<\/p>\n<figure class=\"wp-block-image size-full\"><img loading=\"lazy\" data-dominant-color=\"925548\" data-has-transparency=\"false\" style=\"--dominant-color: #925548;\" decoding=\"async\" width=\"1200\" height=\"554\" sizes=\"(max-width: 1200px) 100vw, 1200px\" src=\"http:\/\/noticiasbahia360.com.br\/wp-content\/uploads\/2025\/07\/2-de-Julho-no-Tomba-ft-paulo-jose-acorda-cidade-.webp\" alt=\"2 de Julho no Tomba\" class=\"wp-image-570948 not-transparent\" srcset=\"https:\/\/uploads.acordacidade.com.br\/2025\/07\/2-de-Julho-no-Tomba-ft-paulo-jose-acorda-cidade--648x299.webp 648w, https:\/\/uploads.acordacidade.com.br\/2025\/07\/2-de-Julho-no-Tomba-ft-paulo-jose-acorda-cidade--984x454.webp 984w, https:\/\/uploads.acordacidade.com.br\/2025\/07\/2-de-Julho-no-Tomba-ft-paulo-jose-acorda-cidade--150x69.webp 150w, http:\/\/noticiasbahia360.com.br\/wp-content\/uploads\/2025\/07\/2-de-Julho-no-Tomba-ft-paulo-jose-acorda-cidade-.webp 1200w\"><figcaption class=\"wp-element-caption\">Foto: Paulo Jos\u00e9\/Acorda Cidade <\/figcaption><\/figure>\n<h2 class=\"wp-block-heading\" id=\"h-alegria-nas-ruas-movimenta-a-economia\">Alegria nas ruas movimenta a economia <\/h2>\n<p>Com muita cultura e tradi\u00e7\u00e3o, a festa tamb\u00e9m movimentou a economia local. Com mais de 55 mil moradores, o Tomba \u00e9 o bairro mais populoso da cidade. Localizado na zona sul, destaca-se pelo com\u00e9rcio, ind\u00fastrias e movimento intenso que n\u00e3o para.<\/p>\n<figure class=\"wp-block-image size-full\"><img loading=\"lazy\" data-dominant-color=\"564c45\" data-has-transparency=\"false\" style=\"--dominant-color: #564c45;\" decoding=\"async\" width=\"1200\" height=\"686\" sizes=\"(max-width: 1200px) 100vw, 1200px\" src=\"http:\/\/noticiasbahia360.com.br\/wp-content\/uploads\/2025\/07\/2-de-Julho-no-Tomba-ft-paulo-jose-acorda-cidade-2.webp\" alt=\"2 de Julho no Tomba\" class=\"wp-image-570946 not-transparent\" srcset=\"https:\/\/uploads.acordacidade.com.br\/2025\/07\/2-de-Julho-no-Tomba-ft-paulo-jose-acorda-cidade-2-638x365.webp 638w, https:\/\/uploads.acordacidade.com.br\/2025\/07\/2-de-Julho-no-Tomba-ft-paulo-jose-acorda-cidade-2-967x553.webp 967w, https:\/\/uploads.acordacidade.com.br\/2025\/07\/2-de-Julho-no-Tomba-ft-paulo-jose-acorda-cidade-2-150x86.webp 150w, http:\/\/noticiasbahia360.com.br\/wp-content\/uploads\/2025\/07\/2-de-Julho-no-Tomba-ft-paulo-jose-acorda-cidade-2.webp 1200w\"><figcaption class=\"wp-element-caption\">Foto: Paulo Jos\u00e9\/Acorda Cidade <\/figcaption><\/figure>\n<p>Indiana de Souza, moradora do bairro e vendedora ambulante, aproveitou a data para trabalhar e festejar com a fam\u00edlia.<\/p>\n<p>\u201cSempre participo. No 2 de Julho eu estou colada. O ambiente, o policiamento. Todo mundo respeitando o espa\u00e7o e est\u00e1 ok. As bandas est\u00e3o maravilhosas. A melhor atra\u00e7\u00e3o pra mim \u00e9 F\u00e1bio Aquino at\u00e9 agora, teve banda de forr\u00f3 mais cedo e sossegado.\u201d<\/p>\n<figure class=\"wp-block-image size-full\"><img loading=\"lazy\" data-dominant-color=\"805d58\" data-has-transparency=\"false\" style=\"--dominant-color: #805d58;\" decoding=\"async\" width=\"1200\" height=\"554\" sizes=\"(max-width: 1200px) 100vw, 1200px\" src=\"http:\/\/noticiasbahia360.com.br\/wp-content\/uploads\/2025\/07\/2-de-Julho-no-Tomba-ft-paulo-jose-acorda-cidade-1.webp\" alt=\"2 de Julho no Tomba\" class=\"wp-image-570947 not-transparent\" srcset=\"https:\/\/uploads.acordacidade.com.br\/2025\/07\/2-de-Julho-no-Tomba-ft-paulo-jose-acorda-cidade-1-648x299.webp 648w, https:\/\/uploads.acordacidade.com.br\/2025\/07\/2-de-Julho-no-Tomba-ft-paulo-jose-acorda-cidade-1-984x454.webp 984w, https:\/\/uploads.acordacidade.com.br\/2025\/07\/2-de-Julho-no-Tomba-ft-paulo-jose-acorda-cidade-1-150x69.webp 150w, http:\/\/noticiasbahia360.com.br\/wp-content\/uploads\/2025\/07\/2-de-Julho-no-Tomba-ft-paulo-jose-acorda-cidade-1.webp 1200w\"><figcaption class=\"wp-element-caption\">Foto: Paulo Jos\u00e9\/Acorda Cidade <\/figcaption><\/figure>\n<p>Vendendo cerveja, espetinho e milho, ela tamb\u00e9m falou do impacto positivo da festa para os trabalhadores informais do bairro que carregam a alegria e a perseveran\u00e7a do povo da regi\u00e3o.<\/p>\n<p>\u201cO movimento est\u00e1 gostoso, aconchegante. A fam\u00edlia toda trabalhando. \u00c9 tradi\u00e7\u00e3o de fam\u00edlia. A gente trabalha, mas tamb\u00e9m curte. Gera emprego para gente que \u00e9 ambulante. Esse ano o movimento est\u00e1 melhor que o do ano passado. Vendeu mais\u201d, completou.<\/p>\n<p><em>Com informa\u00e7\u00f5es do rep\u00f3rter Paulo Jos\u00e9 do Acorda Cidade<\/em><\/p>\n<p><em>Siga o Acorda Cidade no<\/em><a href=\"https:\/\/news.google.com\/search?q=acorda%20cidade&amp;hl=pt-BR&amp;gl=BR&amp;ceid=BR%3Apt-419\"><strong><em> Google Not\u00edcias<\/em><\/strong><\/a><em> e receba os principais destaques do dia. Participe tamb\u00e9m dos nossos canais no <\/em><a href=\"https:\/\/whatsapp.com\/channel\/0029Va6Rb4v3WHTNnsh8WI3N\"><strong><em>WhatsApp<\/em><\/strong><\/a><em> e <\/em><a href=\"https:\/\/www.youtube.com\/@acordacidadenoticias\/videos\"><strong>Youtube<\/strong><\/a><em> e grupo de <\/em><a href=\"https:\/\/t.me\/+sSz0khrgARA0ZmRh\"><strong><em>Telegram<\/em><\/strong><\/a><em>.<\/em><\/p>\n<\/div>\n","protected":false},"excerpt":{"rendered":"<div>\n<div>\n<figure><img decoding=\"async\" src=\"https:\/\/uploads.acordacidade.com.br\/2025\/07\/2-de-Julho-no-Tomba-ft-paulo-jose-acorda-cidade.webp\" alt=\"2 de Julho no Tomba\"><figcaption>Foto: Paulo Jos\u00e9\/Acorda Cidade <\/figcaption><\/figure>\n<\/div>\n<p>Entre os destaques da programa\u00e7\u00e3o, o bloco afro Flor de Ijex\u00e1, com mais de 40 anos de exist\u00eancia, mais uma vez levou sua for\u00e7a e identidade para as ruas.<\/p><\/div>\n","protected":false},"author":1,"featured_media":91902,"comment_status":"closed","ping_status":"closed","sticky":false,"template":"","format":"gallery","meta":{"footnotes":""},"categories":[8,9,6,57,56,10],"tags":[],"class_list":["post-91901","post","type-post","status-publish","format-gallery","has-post-thumbnail","hentry","category-bahia","category-brasil","category-feira-de-santana","category-mundo","category-policia","category-politica","post_format-post-format-gallery"],"featured_image_urls":{"full":["https:\/\/noticiasbahia360.com.br\/wp-content\/uploads\/2025\/07\/2-de-Julho-no-Tomba-ft-paulo-jose-acorda-cidade.webp",1200,554,false],"thumbnail":["https:\/\/noticiasbahia360.com.br\/wp-content\/uploads\/2025\/07\/2-de-Julho-no-Tomba-ft-paulo-jose-acorda-cidade-150x150.webp",150,150,true],"medium":["https:\/\/noticiasbahia360.com.br\/wp-content\/uploads\/2025\/07\/2-de-Julho-no-Tomba-ft-paulo-jose-acorda-cidade-300x139.webp",300,139,true],"medium_large":["https:\/\/noticiasbahia360.com.br\/wp-content\/uploads\/2025\/07\/2-de-Julho-no-Tomba-ft-paulo-jose-acorda-cidade-768x355.webp",640,296,true],"large":["https:\/\/noticiasbahia360.com.br\/wp-content\/uploads\/2025\/07\/2-de-Julho-no-Tomba-ft-paulo-jose-acorda-cidade-1024x473.webp",640,296,true],"1536x1536":["https:\/\/noticiasbahia360.com.br\/wp-content\/uploads\/2025\/07\/2-de-Julho-no-Tomba-ft-paulo-jose-acorda-cidade.webp",1200,554,false],"2048x2048":["https:\/\/noticiasbahia360.com.br\/wp-content\/uploads\/2025\/07\/2-de-Julho-no-Tomba-ft-paulo-jose-acorda-cidade.webp",1200,554,false],"chromenews-featured":["https:\/\/noticiasbahia360.com.br\/wp-content\/uploads\/2025\/07\/2-de-Julho-no-Tomba-ft-paulo-jose-acorda-cidade-1024x473.webp",1024,473,true],"chromenews-large":["https:\/\/noticiasbahia360.com.br\/wp-content\/uploads\/2025\/07\/2-de-Julho-no-Tomba-ft-paulo-jose-acorda-cidade-825x554.webp",825,554,true],"chromenews-medium":["https:\/\/noticiasbahia360.com.br\/wp-content\/uploads\/2025\/07\/2-de-Julho-no-Tomba-ft-paulo-jose-acorda-cidade-590x410.webp",590,410,true]},"author_info":{"display_name":"noticiasbahia360.com.br","author_link":"https:\/\/noticiasbahia360.com.br\/?author=1"},"category_info":"<a href=\"https:\/\/noticiasbahia360.com.br\/?cat=8\" rel=\"category\">Bahia<\/a> <a href=\"https:\/\/noticiasbahia360.com.br\/?cat=9\" rel=\"category\">Brasil<\/a> <a href=\"https:\/\/noticiasbahia360.com.br\/?cat=6\" rel=\"category\">Feira de Santana<\/a> <a href=\"https:\/\/noticiasbahia360.com.br\/?cat=57\" rel=\"category\">Mundo<\/a> <a href=\"https:\/\/noticiasbahia360.com.br\/?cat=56\" rel=\"category\">Pol\u00edcia<\/a> <a href=\"https:\/\/noticiasbahia360.com.br\/?cat=10\" rel=\"category\">Pol\u00edtica<\/a>","tag_info":"Pol\u00edtica","comment_count":"0","_links":{"self":[{"href":"https:\/\/noticiasbahia360.com.br\/index.php?rest_route=\/wp\/v2\/posts\/91901","targetHints":{"allow":["GET"]}}],"collection":[{"href":"https:\/\/noticiasbahia360.com.br\/index.php?rest_route=\/wp\/v2\/posts"}],"about":[{"href":"https:\/\/noticiasbahia360.com.br\/index.php?rest_route=\/wp\/v2\/types\/post"}],"author":[{"embeddable":true,"href":"https:\/\/noticiasbahia360.com.br\/index.php?rest_route=\/wp\/v2\/users\/1"}],"replies":[{"embeddable":true,"href":"https:\/\/noticiasbahia360.com.br\/index.php?rest_route=%2Fwp%2Fv2%2Fcomments&post=91901"}],"version-history":[{"count":0,"href":"https:\/\/noticiasbahia360.com.br\/index.php?rest_route=\/wp\/v2\/posts\/91901\/revisions"}],"wp:featuredmedia":[{"embeddable":true,"href":"https:\/\/noticiasbahia360.com.br\/index.php?rest_route=\/wp\/v2\/media\/91902"}],"wp:attachment":[{"href":"https:\/\/noticiasbahia360.com.br\/index.php?rest_route=%2Fwp%2Fv2%2Fmedia&parent=91901"}],"wp:term":[{"taxonomy":"category","embeddable":true,"href":"https:\/\/noticiasbahia360.com.br\/index.php?rest_route=%2Fwp%2Fv2%2Fcategories&post=91901"},{"taxonomy":"post_tag","embeddable":true,"href":"https:\/\/noticiasbahia360.com.br\/index.php?rest_route=%2Fwp%2Fv2%2Ftags&post=91901"}],"curies":[{"name":"wp","href":"https:\/\/api.w.org\/{rel}","templated":true}]}}