{"id":91912,"date":"2025-07-02T19:42:53","date_gmt":"2025-07-02T22:42:53","guid":{"rendered":"https:\/\/noticiasbahia360.com.br\/?p=91912"},"modified":"2025-07-02T19:42:53","modified_gmt":"2025-07-02T22:42:53","slug":"policia-federal-e-forca-nacional-apreendem-armas-e-municoes-em-territorio-indigena-em-porto-seguro","status":"publish","type":"post","link":"https:\/\/noticiasbahia360.com.br\/?p=91912","title":{"rendered":"Pol\u00edcia Federal e For\u00e7a Nacional apreendem armas e muni\u00e7\u00f5es em territ\u00f3rio ind\u00edgena, em Porto Seguro"},"content":{"rendered":"<div>\n<div>\n<figure><img decoding=\"async\" src=\"http:\/\/noticiasbahia360.com.br\/wp-content\/uploads\/2025\/07\/Apreensao-em-Porto-Seguro.webp\" alt=\"Apreens\u00e3o em Porto Seguro\"><figcaption>Foto: Divulga\u00e7\u00e3o\/PF<\/figcaption><\/figure>\n<\/div>\n<p>Na tarde desta quarta-feira (2), a <a href=\"https:\/\/www.acordacidade.com.br\/tag\/policia-federal\/\">Pol\u00edcia Federal<\/a> e a For\u00e7a Nacional apreenderam um arsenal durante patrulhamento conjunto realizado no Territ\u00f3rio Ind\u00edgena de Barra Velha, munic\u00edpio de Porto Seguro. A regi\u00e3o \u00e9 considerada \u00e1rea sens\u00edvel em raz\u00e3o de recorrentes conflitos relacionados a disputas territoriais.<\/p>\n<p>Quatro pessoas foram abordadas, sendo dois adultos e dois adolescentes. Com os envolvidos, foram localizadas armas de fogo com numera\u00e7\u00e3o suprimida, grande quantidade de muni\u00e7\u00f5es e acess\u00f3rios t\u00e1ticos.<\/p>\n<p><strong>O material apreendido inclui:<\/strong><\/p>\n<ul class=\"wp-block-list\">\n<li>01 pistola calibre 9 mm com numera\u00e7\u00e3o raspada;<\/li>\n<li>01 pistola calibre .380 com numera\u00e7\u00e3o raspada;<\/li>\n<li>198 muni\u00e7\u00f5es calibre 9 mm;<\/li>\n<li>135 muni\u00e7\u00f5es calibre .380;<\/li>\n<li>23 muni\u00e7\u00f5es calibre .44;<\/li>\n<li>27 muni\u00e7\u00f5es calibre 5.56 deflagradas;<\/li>\n<li>01 muni\u00e7\u00e3o calibre 12;<\/li>\n<li>01 muni\u00e7\u00e3o calibre .22;<\/li>\n<li>01 muni\u00e7\u00e3o calibre .32;<\/li>\n<li>02 carregadores alongados calibre 9 mm, capacidade para 31 disparos cada;<\/li>\n<li>04 carregadores calibre .380;<\/li>\n<li>01 coldre de pistola na cor bege;<\/li>\n<li>01 balaclava camuflada.<\/li>\n<\/ul>\n<p>Os indiv\u00edduos foram conduzidos \u00e0 Delegacia da Pol\u00edcia Federal em Porto Seguro, onde foram autuados e permanecem \u00e0 disposi\u00e7\u00e3o da Justi\u00e7a.<\/p>\n<p>As investiga\u00e7\u00f5es prosseguir\u00e3o com o objetivo de apurar a origem do armamento, eventuais conex\u00f5es criminosas e outras circunst\u00e2ncias relacionadas \u00e0 ocorr\u00eancia.<\/p>\n<p>A a\u00e7\u00e3o integrada entre a For\u00e7a Nacional e a For\u00e7a-Tarefa da Pol\u00edcia Federal (composta pela SSP\/BA, PM\/BA e PC\/BA) faz parte das opera\u00e7\u00f5es coordenadas pelo Minist\u00e9rio da Justi\u00e7a e Seguran\u00e7a P\u00fablica, em apoio \u00e0 Funda\u00e7\u00e3o Nacional dos Povos Ind\u00edgenas (Funai), com foco na preserva\u00e7\u00e3o da ordem p\u00fablica e na media\u00e7\u00e3o de conflitos em \u00e1reas sens\u00edveis de territ\u00f3rios ind\u00edgenas no extremo sul da Bahia.<\/p>\n<p><em>Siga o Acorda Cidade no<\/em><a href=\"https:\/\/news.google.com\/search?q=acorda%20cidade&amp;hl=pt-BR&amp;gl=BR&amp;ceid=BR%3Apt-419\"><strong><em> Google Not\u00edcias<\/em><\/strong><\/a><em> e receba os principais destaques do dia. Participe tamb\u00e9m dos nossos canais no <\/em><a href=\"https:\/\/whatsapp.com\/channel\/0029Va6Rb4v3WHTNnsh8WI3N\"><strong><em>WhatsApp<\/em><\/strong><\/a><em> e <\/em><a href=\"https:\/\/www.youtube.com\/@acordacidadenoticias\/videos\"><strong>Youtube<\/strong><\/a><em> e grupo de <\/em><a href=\"https:\/\/t.me\/+sSz0khrgARA0ZmRh\"><strong><em>Telegram<\/em><\/strong><\/a><em>.<\/em><\/p>\n<\/div>\n","protected":false},"excerpt":{"rendered":"<div>\n<div>\n<figure><img decoding=\"async\" src=\"https:\/\/uploads.acordacidade.com.br\/2025\/07\/Apreensao-em-Porto-Seguro.webp\" alt=\"Apreens\u00e3o em Porto Seguro\"><figcaption>Foto: Divulga\u00e7\u00e3o\/PF<\/figcaption><\/figure>\n<\/div>\n<p>A a\u00e7\u00e3o aconteceu no Territ\u00f3rio Ind\u00edgena de Barra Velha, munic\u00edpio de Porto Seguro. A regi\u00e3o \u00e9 considerada \u00e1rea sens\u00edvel em raz\u00e3o de recorrentes conflitos relacionados a disputas territoriais.<\/p><\/div>\n","protected":false},"author":1,"featured_media":91913,"comment_status":"closed","ping_status":"closed","sticky":false,"template":"","format":"gallery","meta":{"footnotes":""},"categories":[8,9,6,57,56,10],"tags":[],"class_list":["post-91912","post","type-post","status-publish","format-gallery","has-post-thumbnail","hentry","category-bahia","category-brasil","category-feira-de-santana","category-mundo","category-policia","category-politica","post_format-post-format-gallery"],"featured_image_urls":{"full":["https:\/\/noticiasbahia360.com.br\/wp-content\/uploads\/2025\/07\/Apreensao-em-Porto-Seguro.webp",1200,777,false],"thumbnail":["https:\/\/noticiasbahia360.com.br\/wp-content\/uploads\/2025\/07\/Apreensao-em-Porto-Seguro-150x150.webp",150,150,true],"medium":["https:\/\/noticiasbahia360.com.br\/wp-content\/uploads\/2025\/07\/Apreensao-em-Porto-Seguro-300x194.webp",300,194,true],"medium_large":["https:\/\/noticiasbahia360.com.br\/wp-content\/uploads\/2025\/07\/Apreensao-em-Porto-Seguro-768x497.webp",640,414,true],"large":["https:\/\/noticiasbahia360.com.br\/wp-content\/uploads\/2025\/07\/Apreensao-em-Porto-Seguro-1024x663.webp",640,414,true],"1536x1536":["https:\/\/noticiasbahia360.com.br\/wp-content\/uploads\/2025\/07\/Apreensao-em-Porto-Seguro.webp",1200,777,false],"2048x2048":["https:\/\/noticiasbahia360.com.br\/wp-content\/uploads\/2025\/07\/Apreensao-em-Porto-Seguro.webp",1200,777,false],"chromenews-featured":["https:\/\/noticiasbahia360.com.br\/wp-content\/uploads\/2025\/07\/Apreensao-em-Porto-Seguro-1024x663.webp",1024,663,true],"chromenews-large":["https:\/\/noticiasbahia360.com.br\/wp-content\/uploads\/2025\/07\/Apreensao-em-Porto-Seguro-825x575.webp",825,575,true],"chromenews-medium":["https:\/\/noticiasbahia360.com.br\/wp-content\/uploads\/2025\/07\/Apreensao-em-Porto-Seguro-590x410.webp",590,410,true]},"author_info":{"display_name":"noticiasbahia360.com.br","author_link":"https:\/\/noticiasbahia360.com.br\/?author=1"},"category_info":"<a href=\"https:\/\/noticiasbahia360.com.br\/?cat=8\" rel=\"category\">Bahia<\/a> <a href=\"https:\/\/noticiasbahia360.com.br\/?cat=9\" rel=\"category\">Brasil<\/a> <a href=\"https:\/\/noticiasbahia360.com.br\/?cat=6\" rel=\"category\">Feira de Santana<\/a> <a href=\"https:\/\/noticiasbahia360.com.br\/?cat=57\" rel=\"category\">Mundo<\/a> <a href=\"https:\/\/noticiasbahia360.com.br\/?cat=56\" rel=\"category\">Pol\u00edcia<\/a> <a href=\"https:\/\/noticiasbahia360.com.br\/?cat=10\" rel=\"category\">Pol\u00edtica<\/a>","tag_info":"Pol\u00edtica","comment_count":"0","_links":{"self":[{"href":"https:\/\/noticiasbahia360.com.br\/index.php?rest_route=\/wp\/v2\/posts\/91912","targetHints":{"allow":["GET"]}}],"collection":[{"href":"https:\/\/noticiasbahia360.com.br\/index.php?rest_route=\/wp\/v2\/posts"}],"about":[{"href":"https:\/\/noticiasbahia360.com.br\/index.php?rest_route=\/wp\/v2\/types\/post"}],"author":[{"embeddable":true,"href":"https:\/\/noticiasbahia360.com.br\/index.php?rest_route=\/wp\/v2\/users\/1"}],"replies":[{"embeddable":true,"href":"https:\/\/noticiasbahia360.com.br\/index.php?rest_route=%2Fwp%2Fv2%2Fcomments&post=91912"}],"version-history":[{"count":0,"href":"https:\/\/noticiasbahia360.com.br\/index.php?rest_route=\/wp\/v2\/posts\/91912\/revisions"}],"wp:featuredmedia":[{"embeddable":true,"href":"https:\/\/noticiasbahia360.com.br\/index.php?rest_route=\/wp\/v2\/media\/91913"}],"wp:attachment":[{"href":"https:\/\/noticiasbahia360.com.br\/index.php?rest_route=%2Fwp%2Fv2%2Fmedia&parent=91912"}],"wp:term":[{"taxonomy":"category","embeddable":true,"href":"https:\/\/noticiasbahia360.com.br\/index.php?rest_route=%2Fwp%2Fv2%2Fcategories&post=91912"},{"taxonomy":"post_tag","embeddable":true,"href":"https:\/\/noticiasbahia360.com.br\/index.php?rest_route=%2Fwp%2Fv2%2Ftags&post=91912"}],"curies":[{"name":"wp","href":"https:\/\/api.w.org\/{rel}","templated":true}]}}