{"id":91916,"date":"2025-07-02T20:25:35","date_gmt":"2025-07-02T23:25:35","guid":{"rendered":"https:\/\/noticiasbahia360.com.br\/?p=91916"},"modified":"2025-07-02T20:25:35","modified_gmt":"2025-07-02T23:25:35","slug":"policia-federal-investigara-ataque-hacker-a-empresa-que-atende-bancos","status":"publish","type":"post","link":"https:\/\/noticiasbahia360.com.br\/?p=91916","title":{"rendered":"Pol\u00edcia Federal investigar\u00e1 ataque hacker a empresa que atende bancos"},"content":{"rendered":"<div>\n<div>\n<figure><img decoding=\"async\" src=\"http:\/\/noticiasbahia360.com.br\/wp-content\/uploads\/2025\/07\/banco-central-do-Brasil.png\" alt=\"banco central do Brasil\"><figcaption>Foto: Rafa Neddermeyer\/Ag\u00eancia Brasil<\/figcaption><\/figure>\n<\/div>\n<p>Ag\u00eancia Brasil \u2013 <strong>A Pol\u00edcia Federal (PF) investigar\u00e1 um ataque\u00a0<em>hacker\u00a0<\/em>contra uma empresa que presta servi\u00e7os de tecnologia para institui\u00e7\u00f5es financeiras.\u00a0<\/strong>Os criminosos invadiram os sistemas da C&amp;M Software e conseguiram desviar recursos depositados por bancos em contas reservas mantidas no <a href=\"https:\/\/www.acordacidade.com.br\/tag\/banco-central\/\">Banco Central<\/a> (BC).<img decoding=\"async\" src=\"https:\/\/agenciabrasil.ebc.com.br\/ebc.png?id=1649214&amp;o=node\"><img decoding=\"async\" src=\"https:\/\/agenciabrasil.ebc.com.br\/ebc.gif?id=1649214&amp;o=node\"><\/p>\n<p>O ataque ocorreu na ter\u00e7a-feira (1\u00ba). At\u00e9 agora, n\u00e3o h\u00e1 estimativas de quanto foi desviado. No entanto, o ataque n\u00e3o afetou nenhum cliente porque atingiu a infraestrutura tecnol\u00f3gica da C&amp;M. Tamb\u00e9m n\u00e3o h\u00e1 informa\u00e7\u00f5es oficiais sobre quantas institui\u00e7\u00f5es financeiras foram afetadas.<\/p>\n<p>Os criminosos usaram credenciais vazadas de clientes da C&amp;M, como\u00a0<em>login<\/em>\u00a0e senha, para acessar os sistemas da empresa de tecnologia. As contas reservas abrangem os recursos depositados pelas institui\u00e7\u00f5es financeiras no Banco Central para cumprirem exig\u00eancias legais de reservas na autoridade monet\u00e1ria.<\/p>\n<blockquote class=\"wp-block-quote is-layout-flow wp-block-quote-is-layout-flow\">\n<p>\u201cA C&amp;M Software, prestadora de servi\u00e7os de tecnologia para institui\u00e7\u00f5es provedoras de contas transacionais que n\u00e3o possuem meios de conex\u00e3o pr\u00f3pria, comunicou ataque \u00e0 sua infraestrutura tecnol\u00f3gica. O Banco Central determinou \u00e0 C&amp;M o desligamento do acesso das institui\u00e7\u00f5es \u00e0s infraestruturas por ela operadas\u201d, afirmou o BC em nota.<\/p>\n<\/blockquote>\n<p>Com foco no desenvolvimento de solu\u00e7\u00f5es para opera\u00e7\u00f5es no ecossistema de pagamentos instant\u00e2neos, a empresa de tecnologia administra a troca de informa\u00e7\u00f5es entre institui\u00e7\u00f5es brasileiras ligadas ao Sistema de Pagamentos Brasileiro (SPB).<\/p>\n<p>Embora o SPB inclua o ambiente do Pix, n\u00e3o h\u00e1 relatos de desvio de recursos nessa modalidade de transfer\u00eancias instant\u00e2neas. No entanto, por causa do desligamento da estrutura da C&amp;M do sistema de pagamento, h\u00e1 relatos de que alguns bancos tiveram opera\u00e7\u00f5es Pix suspensas por alguns instantes na manh\u00e3 desta quarta.<\/p>\n<h2 class=\"wp-block-heading\" id=\"h-empresa\">Empresa<\/h2>\n<p>Em nota, a C&amp;M Software informou ter sido \u201cv\u00edtima direta\u201d do ataque\u00a0<em>hacker<\/em>, que incluiu o \u201cuso indevido de credenciais de clientes\u201d para tentar acessar de forma fraudulenta sistemas e servi\u00e7os da empresa.<\/p>\n<blockquote class=\"wp-block-quote is-layout-flow wp-block-quote-is-layout-flow\">\n<p>\u201cPor orienta\u00e7\u00e3o jur\u00eddica e em respeito ao sigilo das apura\u00e7\u00f5es, a C&amp;M n\u00e3o comentar\u00e1 detalhes do processo, mas refor\u00e7a que todos os seus sistemas cr\u00edticos seguem \u00edntegros e operacionais e que as medidas previstas nos protocolos de seguran\u00e7a foram integralmente executadas\u201d, destacou a empresa.<\/p>\n<\/blockquote>\n<p><strong>A C&amp;M tamb\u00e9m informou que est\u00e1 colaborando com a PF, o Banco Central e a Pol\u00edcia Civil de S\u00e3o Paulo.<\/strong><\/p>\n<p><em>Siga o Acorda Cidade no<\/em><a href=\"https:\/\/news.google.com\/search?q=acorda%20cidade&amp;hl=pt-BR&amp;gl=BR&amp;ceid=BR%3Apt-419\"><strong><em> Google Not\u00edcias<\/em><\/strong><\/a><em> e receba os principais destaques do dia. Participe tamb\u00e9m dos nossos canais no <\/em><a href=\"https:\/\/whatsapp.com\/channel\/0029Va6Rb4v3WHTNnsh8WI3N\"><strong><em>WhatsApp<\/em><\/strong><\/a><em> e <\/em><a href=\"https:\/\/www.youtube.com\/@acordacidadenoticias\/videos\"><strong>Youtube<\/strong><\/a><em> e grupo de <\/em><a href=\"https:\/\/t.me\/+sSz0khrgARA0ZmRh\"><strong><em>Telegram<\/em><\/strong><\/a><em>.<\/em><\/p>\n<\/div>\n","protected":false},"excerpt":{"rendered":"<div>\n<div>\n<figure><img decoding=\"async\" src=\"https:\/\/www.acordacidade.com.br\/wp-content\/uploads\/2024\/06\/banco-central-do-Brasil.png\" alt=\"banco central do Brasil\"><figcaption>Foto: Rafa Neddermeyer\/Ag\u00eancia Brasil<\/figcaption><\/figure>\n<\/div>\n<p>Recursos de contas reserva de institui\u00e7\u00f5es no BC foram desviados.<\/p><\/div>\n","protected":false},"author":1,"featured_media":91917,"comment_status":"closed","ping_status":"closed","sticky":false,"template":"","format":"gallery","meta":{"footnotes":""},"categories":[8,9,6,57,56,10],"tags":[],"class_list":["post-91916","post","type-post","status-publish","format-gallery","has-post-thumbnail","hentry","category-bahia","category-brasil","category-feira-de-santana","category-mundo","category-policia","category-politica","post_format-post-format-gallery"],"featured_image_urls":{"full":["https:\/\/noticiasbahia360.com.br\/wp-content\/uploads\/2025\/07\/banco-central-do-Brasil.png",640,356,false],"thumbnail":["https:\/\/noticiasbahia360.com.br\/wp-content\/uploads\/2025\/07\/banco-central-do-Brasil-150x150.png",150,150,true],"medium":["https:\/\/noticiasbahia360.com.br\/wp-content\/uploads\/2025\/07\/banco-central-do-Brasil-300x167.png",300,167,true],"medium_large":["https:\/\/noticiasbahia360.com.br\/wp-content\/uploads\/2025\/07\/banco-central-do-Brasil.png",640,356,false],"large":["https:\/\/noticiasbahia360.com.br\/wp-content\/uploads\/2025\/07\/banco-central-do-Brasil.png",640,356,false],"1536x1536":["https:\/\/noticiasbahia360.com.br\/wp-content\/uploads\/2025\/07\/banco-central-do-Brasil.png",640,356,false],"2048x2048":["https:\/\/noticiasbahia360.com.br\/wp-content\/uploads\/2025\/07\/banco-central-do-Brasil.png",640,356,false],"chromenews-featured":["https:\/\/noticiasbahia360.com.br\/wp-content\/uploads\/2025\/07\/banco-central-do-Brasil.png",640,356,false],"chromenews-large":["https:\/\/noticiasbahia360.com.br\/wp-content\/uploads\/2025\/07\/banco-central-do-Brasil.png",640,356,false],"chromenews-medium":["https:\/\/noticiasbahia360.com.br\/wp-content\/uploads\/2025\/07\/banco-central-do-Brasil-590x356.png",590,356,true]},"author_info":{"display_name":"noticiasbahia360.com.br","author_link":"https:\/\/noticiasbahia360.com.br\/?author=1"},"category_info":"<a href=\"https:\/\/noticiasbahia360.com.br\/?cat=8\" rel=\"category\">Bahia<\/a> <a href=\"https:\/\/noticiasbahia360.com.br\/?cat=9\" rel=\"category\">Brasil<\/a> <a href=\"https:\/\/noticiasbahia360.com.br\/?cat=6\" rel=\"category\">Feira de Santana<\/a> <a href=\"https:\/\/noticiasbahia360.com.br\/?cat=57\" rel=\"category\">Mundo<\/a> <a href=\"https:\/\/noticiasbahia360.com.br\/?cat=56\" rel=\"category\">Pol\u00edcia<\/a> <a href=\"https:\/\/noticiasbahia360.com.br\/?cat=10\" rel=\"category\">Pol\u00edtica<\/a>","tag_info":"Pol\u00edtica","comment_count":"0","_links":{"self":[{"href":"https:\/\/noticiasbahia360.com.br\/index.php?rest_route=\/wp\/v2\/posts\/91916","targetHints":{"allow":["GET"]}}],"collection":[{"href":"https:\/\/noticiasbahia360.com.br\/index.php?rest_route=\/wp\/v2\/posts"}],"about":[{"href":"https:\/\/noticiasbahia360.com.br\/index.php?rest_route=\/wp\/v2\/types\/post"}],"author":[{"embeddable":true,"href":"https:\/\/noticiasbahia360.com.br\/index.php?rest_route=\/wp\/v2\/users\/1"}],"replies":[{"embeddable":true,"href":"https:\/\/noticiasbahia360.com.br\/index.php?rest_route=%2Fwp%2Fv2%2Fcomments&post=91916"}],"version-history":[{"count":0,"href":"https:\/\/noticiasbahia360.com.br\/index.php?rest_route=\/wp\/v2\/posts\/91916\/revisions"}],"wp:featuredmedia":[{"embeddable":true,"href":"https:\/\/noticiasbahia360.com.br\/index.php?rest_route=\/wp\/v2\/media\/91917"}],"wp:attachment":[{"href":"https:\/\/noticiasbahia360.com.br\/index.php?rest_route=%2Fwp%2Fv2%2Fmedia&parent=91916"}],"wp:term":[{"taxonomy":"category","embeddable":true,"href":"https:\/\/noticiasbahia360.com.br\/index.php?rest_route=%2Fwp%2Fv2%2Fcategories&post=91916"},{"taxonomy":"post_tag","embeddable":true,"href":"https:\/\/noticiasbahia360.com.br\/index.php?rest_route=%2Fwp%2Fv2%2Ftags&post=91916"}],"curies":[{"name":"wp","href":"https:\/\/api.w.org\/{rel}","templated":true}]}}