{"id":91918,"date":"2025-07-02T20:36:17","date_gmt":"2025-07-02T23:36:17","guid":{"rendered":"https:\/\/noticiasbahia360.com.br\/?p=91918"},"modified":"2025-07-02T20:36:17","modified_gmt":"2025-07-02T23:36:17","slug":"advocacia-geral-da-uniao-pede-homologacao-de-acordo-para-inss-devolver-descontos-ilegais","status":"publish","type":"post","link":"https:\/\/noticiasbahia360.com.br\/?p=91918","title":{"rendered":"Advocacia-Geral da Uni\u00e3o pede homologa\u00e7\u00e3o de acordo para INSS devolver descontos ilegais"},"content":{"rendered":"<div>\n<div>\n<figure><img decoding=\"async\" src=\"http:\/\/noticiasbahia360.com.br\/wp-content\/uploads\/2025\/07\/INSS-foto-Rafa-Neddermeyer-Agencia-Brasil-aposentados.jpg\" alt=\"INSS\"><figcaption>Foto:  Rafa Neddermeyer \/Ag\u00eancia Brasil <\/figcaption><\/figure>\n<\/div>\n<p>Ag\u00eancia Brasil \u2013 A <a href=\"https:\/\/www.acordacidade.com.br\/tag\/agu\/\">Advocacia-Geral da Uni\u00e3o (AGU)<\/a> pediu nesta quarta-feira (2) ao Supremo Tribunal Federal (STF) a homologa\u00e7\u00e3o do plano do Instituto Nacional do Seguro Social (INSS) para iniciar o ressarcimento dos descontos irregulares\u00a0nos benef\u00edcios de aposentados e pensionistas.<img decoding=\"async\" src=\"https:\/\/agenciabrasil.ebc.com.br\/ebc.png?id=1649219&amp;o=node\"><img decoding=\"async\" src=\"https:\/\/agenciabrasil.ebc.com.br\/ebc.gif?id=1649219&amp;o=node\"><\/p>\n<p>Na semana passada, representantes do INSS e da AGU participaram de uma audi\u00eancia de concilia\u00e7\u00e3o no STF e informaram que<strong>\u00a0o ressarcimento deve come\u00e7ar no dia 24 de julho.<\/strong><\/p>\n<p>De acordo com a proposta, os pagamentos ser\u00e3o feitos de 15 em 15 dias, a partir da data inicial. Cada lote deve contar com o ressarcimento de 1,5 milh\u00e3o de benefici\u00e1rios. Os valores ser\u00e3o corrigidos pelo \u00cdndice Nacional de Pre\u00e7os ao Consumidor Amplo (IPCA), indicador da infla\u00e7\u00e3o.<\/p>\n<p>O acordo enviado para chancela do STF foi fechado entre a AGU, o INSS, o Minist\u00e9rio da Previd\u00eancia Social, a Ordem dos Advogados do Brasil (OAB), a Defensoria P\u00fablica da Uni\u00e3o (DPU) e o Minist\u00e9rio P\u00fablico Federal (MPF).<\/p>\n<p>Caber\u00e1 ao ministro Dias Toffoli, relator do caso, decidir a quest\u00e3o.<\/p>\n<p><strong>Segundo a AGU, a homologa\u00e7\u00e3o \u00e9 necess\u00e1ria para dar seguran\u00e7a jur\u00eddica ao processo de devolu\u00e7\u00e3o dos valores descontados.<\/strong><\/p>\n<p>Al\u00e9m disso, o \u00f3rg\u00e3o aproveitou para retirar pedido para que o Supremo determine a abertura de cr\u00e9dito extraordin\u00e1rio no or\u00e7amento para viabilizar o ressarcimento e a exclus\u00e3o dos valores do teto de gastos da Uni\u00e3o para os anos de 2025 e 2026.<\/p>\n<p>\u201cA solu\u00e7\u00e3o constru\u00edda, portanto, n\u00e3o apenas assegura a repara\u00e7\u00e3o administrativa de forma c\u00e9lere, efetiva e estruturada, como tamb\u00e9m refor\u00e7a o compromisso institucional com a prote\u00e7\u00e3o dos direitos sociais e com a efici\u00eancia na gest\u00e3o p\u00fablica e a redu\u00e7\u00e3o da judicializa\u00e7\u00e3o\u201d, afirma a AGU.<\/p>\n<p>De acordo com informa\u00e7\u00f5es apresentadas pelo governo ao STF,\u00a0<strong>cerca de 2,1 milh\u00f5es de benefici\u00e1rios j\u00e1 est\u00e3o aptos para receber a devolu\u00e7\u00e3o.<\/strong><\/p>\n<h2 class=\"wp-block-heading\" id=\"h-bloqueios\">Bloqueios<\/h2>\n<p>At\u00e9 o momento,\u00a0<strong>a Justi\u00e7a Federal j\u00e1 bloqueou\u00a0R$ 2,8 bilh\u00f5es\u00a0em bens de empresas e investigados envolvidos nas fraudes em descontos irregulares nos benef\u00edcios<\/strong>.<\/p>\n<p>As fraudes s\u00e3o investigadas na Opera\u00e7\u00e3o Sem Desconto, da Pol\u00edcia Federal, que apura um esquema nacional de descontos de mensalidades associativas n\u00e3o autorizadas. Estima-se que cerca de R$ 6,3 bilh\u00f5es foram descontados de aposentados e pensionistas entre 2019 e 2024.<\/p>\n<p><em>Siga o Acorda Cidade no<\/em><a href=\"https:\/\/news.google.com\/search?q=acorda%20cidade&amp;hl=pt-BR&amp;gl=BR&amp;ceid=BR%3Apt-419\"><strong><em> Google Not\u00edcias<\/em><\/strong><\/a><em> e receba os principais destaques do dia. Participe tamb\u00e9m dos nossos canais no <\/em><a href=\"https:\/\/whatsapp.com\/channel\/0029Va6Rb4v3WHTNnsh8WI3N\"><strong><em>WhatsApp<\/em><\/strong><\/a><em> e <\/em><a href=\"https:\/\/www.youtube.com\/@acordacidadenoticias\/videos\"><strong>Youtube<\/strong><\/a><em> e grupo de <\/em><a href=\"https:\/\/t.me\/+sSz0khrgARA0ZmRh\"><strong><em>Telegram<\/em><\/strong><\/a><em>.<\/em><\/p>\n<\/div>\n","protected":false},"excerpt":{"rendered":"<div>\n<div>\n<figure><img decoding=\"async\" src=\"https:\/\/uploads.acordacidade.com.br\/2025\/04\/INSS-foto-Rafa-Neddermeyer-Agencia-Brasil-aposentados.jpg\" alt=\"INSS\"><figcaption>Foto:  Rafa Neddermeyer \/Ag\u00eancia Brasil <\/figcaption><\/figure>\n<\/div>\n<p>Uni\u00e3o quer garantir seguran\u00e7a jur\u00eddica ao ressarcimento.<\/p><\/div>\n","protected":false},"author":1,"featured_media":91919,"comment_status":"closed","ping_status":"closed","sticky":false,"template":"","format":"gallery","meta":{"footnotes":""},"categories":[8,9,6,57,56,10],"tags":[],"class_list":["post-91918","post","type-post","status-publish","format-gallery","has-post-thumbnail","hentry","category-bahia","category-brasil","category-feira-de-santana","category-mundo","category-policia","category-politica","post_format-post-format-gallery"],"featured_image_urls":{"full":["https:\/\/noticiasbahia360.com.br\/wp-content\/uploads\/2025\/07\/INSS-foto-Rafa-Neddermeyer-Agencia-Brasil-aposentados.jpg",1200,718,false],"thumbnail":["https:\/\/noticiasbahia360.com.br\/wp-content\/uploads\/2025\/07\/INSS-foto-Rafa-Neddermeyer-Agencia-Brasil-aposentados-150x150.jpg",150,150,true],"medium":["https:\/\/noticiasbahia360.com.br\/wp-content\/uploads\/2025\/07\/INSS-foto-Rafa-Neddermeyer-Agencia-Brasil-aposentados-300x180.jpg",300,180,true],"medium_large":["https:\/\/noticiasbahia360.com.br\/wp-content\/uploads\/2025\/07\/INSS-foto-Rafa-Neddermeyer-Agencia-Brasil-aposentados-768x460.jpg",640,383,true],"large":["https:\/\/noticiasbahia360.com.br\/wp-content\/uploads\/2025\/07\/INSS-foto-Rafa-Neddermeyer-Agencia-Brasil-aposentados-1024x613.jpg",640,383,true],"1536x1536":["https:\/\/noticiasbahia360.com.br\/wp-content\/uploads\/2025\/07\/INSS-foto-Rafa-Neddermeyer-Agencia-Brasil-aposentados.jpg",1200,718,false],"2048x2048":["https:\/\/noticiasbahia360.com.br\/wp-content\/uploads\/2025\/07\/INSS-foto-Rafa-Neddermeyer-Agencia-Brasil-aposentados.jpg",1200,718,false],"chromenews-featured":["https:\/\/noticiasbahia360.com.br\/wp-content\/uploads\/2025\/07\/INSS-foto-Rafa-Neddermeyer-Agencia-Brasil-aposentados-1024x613.jpg",1024,613,true],"chromenews-large":["https:\/\/noticiasbahia360.com.br\/wp-content\/uploads\/2025\/07\/INSS-foto-Rafa-Neddermeyer-Agencia-Brasil-aposentados-825x575.jpg",825,575,true],"chromenews-medium":["https:\/\/noticiasbahia360.com.br\/wp-content\/uploads\/2025\/07\/INSS-foto-Rafa-Neddermeyer-Agencia-Brasil-aposentados-590x410.jpg",590,410,true]},"author_info":{"display_name":"noticiasbahia360.com.br","author_link":"https:\/\/noticiasbahia360.com.br\/?author=1"},"category_info":"<a href=\"https:\/\/noticiasbahia360.com.br\/?cat=8\" rel=\"category\">Bahia<\/a> <a href=\"https:\/\/noticiasbahia360.com.br\/?cat=9\" rel=\"category\">Brasil<\/a> <a href=\"https:\/\/noticiasbahia360.com.br\/?cat=6\" rel=\"category\">Feira de Santana<\/a> <a href=\"https:\/\/noticiasbahia360.com.br\/?cat=57\" rel=\"category\">Mundo<\/a> <a href=\"https:\/\/noticiasbahia360.com.br\/?cat=56\" rel=\"category\">Pol\u00edcia<\/a> <a href=\"https:\/\/noticiasbahia360.com.br\/?cat=10\" rel=\"category\">Pol\u00edtica<\/a>","tag_info":"Pol\u00edtica","comment_count":"0","_links":{"self":[{"href":"https:\/\/noticiasbahia360.com.br\/index.php?rest_route=\/wp\/v2\/posts\/91918","targetHints":{"allow":["GET"]}}],"collection":[{"href":"https:\/\/noticiasbahia360.com.br\/index.php?rest_route=\/wp\/v2\/posts"}],"about":[{"href":"https:\/\/noticiasbahia360.com.br\/index.php?rest_route=\/wp\/v2\/types\/post"}],"author":[{"embeddable":true,"href":"https:\/\/noticiasbahia360.com.br\/index.php?rest_route=\/wp\/v2\/users\/1"}],"replies":[{"embeddable":true,"href":"https:\/\/noticiasbahia360.com.br\/index.php?rest_route=%2Fwp%2Fv2%2Fcomments&post=91918"}],"version-history":[{"count":0,"href":"https:\/\/noticiasbahia360.com.br\/index.php?rest_route=\/wp\/v2\/posts\/91918\/revisions"}],"wp:featuredmedia":[{"embeddable":true,"href":"https:\/\/noticiasbahia360.com.br\/index.php?rest_route=\/wp\/v2\/media\/91919"}],"wp:attachment":[{"href":"https:\/\/noticiasbahia360.com.br\/index.php?rest_route=%2Fwp%2Fv2%2Fmedia&parent=91918"}],"wp:term":[{"taxonomy":"category","embeddable":true,"href":"https:\/\/noticiasbahia360.com.br\/index.php?rest_route=%2Fwp%2Fv2%2Fcategories&post=91918"},{"taxonomy":"post_tag","embeddable":true,"href":"https:\/\/noticiasbahia360.com.br\/index.php?rest_route=%2Fwp%2Fv2%2Ftags&post=91918"}],"curies":[{"name":"wp","href":"https:\/\/api.w.org\/{rel}","templated":true}]}}