{"id":91920,"date":"2025-07-02T20:43:00","date_gmt":"2025-07-02T23:43:00","guid":{"rendered":"https:\/\/noticiasbahia360.com.br\/?p=91920"},"modified":"2025-07-02T20:43:00","modified_gmt":"2025-07-02T23:43:00","slug":"ministra-marina-silva-sofre-novos-insultos-em-comissao-no-congresso","status":"publish","type":"post","link":"https:\/\/noticiasbahia360.com.br\/?p=91920","title":{"rendered":"Ministra Marina Silva sofre novos insultos em comiss\u00e3o no Congresso"},"content":{"rendered":"<div>\n<div>\n<figure><img decoding=\"async\" src=\"http:\/\/noticiasbahia360.com.br\/wp-content\/uploads\/2025\/07\/Marina-Silva.webp\" alt=\"Ministra Marina Silva\"><figcaption>Marina Silva | Foto: Vinicius Loures \/ C\u00e2mara dos Deputados<\/figcaption><\/figure>\n<\/div>\n<p>Ag\u00eancia Brasil \u2013 A ministra do Meio Ambiente e Mudan\u00e7a do Clima, <a href=\"https:\/\/www.acordacidade.com.br\/tag\/marina-silva\/\">Marina Silva<\/a>, sofreu novos insultos de parlamentares durante audi\u00eancia p\u00fablica na Comiss\u00e3o de Agricultura, Pecu\u00e1ria, Abastecimento e Desenvolvimento Rural da C\u00e2mara dos Deputados, nesta quarta-feira (2).\u00a0Ela havia sido convocada para prestar esclarecimentos sobre temas ambientais. Em maio,\u00a0Marina Silva j\u00e1 havia sido atacada por senadores, em uma audi\u00eancia promovida\u00a0Comiss\u00e3o de Servi\u00e7os de Infraestrutura do Senado.<img decoding=\"async\" src=\"https:\/\/agenciabrasil.ebc.com.br\/ebc.png?id=1649220&amp;o=node\"><img decoding=\"async\" src=\"https:\/\/agenciabrasil.ebc.com.br\/ebc.gif?id=1649220&amp;o=node\"><\/p>\n<p>Durante a inquiri\u00e7\u00e3o,\u00a0<strong>o deputado Evair de Melo (PP-ES), da bancada ruralista e autor do requerimento de convoca\u00e7\u00e3o, chegou a comparar a ministra com grupos armados<\/strong>, como as Farc da Col\u00f4mbia e o Hamas, na Faixa de Gaza. E voltou a associar a ministra com o c\u00e2ncer, repetindo declara\u00e7\u00e3o feita anteriormente.<\/p>\n<p>\u201cUm dia, eu fiz uma cita\u00e7\u00e3o aqui comparando com um c\u00e2ncer. E eu pedi desculpas depois, porque o c\u00e2ncer muitas vezes tem cura. E esse vi\u00e9s ideol\u00f3gico constru\u00eddo nesse movimento conspirat\u00f3rio tem se mostrado aplicado nesse momento\u201d, atacou o deputado.<\/p>\n<p>Em outro momento, durante uma fala mais inflamada da ministra em defesa das a\u00e7\u00f5es do governo, o deputado Cabo Gilberto (PL-PB) pediu calma \u00e0 ministra, uma postura que ela rebateu como machista, j\u00e1 que a \u00eanfase verbal do discurso de homens normalmente n\u00e3o \u00e9 criticada.<\/p>\n<p>Em maio, Marina Silva passou por uma situa\u00e7\u00e3o parecida e acabou deixando uma audi\u00eancia na Comiss\u00e3o de Servi\u00e7os de Infraestrutura do Senado ap\u00f3s ser atacada pelo senador Pl\u00ednio Val\u00e9rio (PSDB-AM). Na ocasi\u00e3o, o tucano pediu a palavra para fazer uma pergunta, mas acabou afirmando que, como ministra, ela n\u00e3o merecia respeito. \u00a0<\/p>\n<p>Dessa vez, a audi\u00eancia durou at\u00e9 o fim, ultrapassando 5h30 de dura\u00e7\u00e3o. Ao rebater a fala de Evair Melo, a ministra voltou a citar posturas autorit\u00e1rias.<\/p>\n<p>\u201cEu sabia que depois do que aconteceu na C\u00e2mara Alta desse pa\u00eds, aqueles que gostam de abrir a porteira para o negacionismo, para a destrui\u00e7\u00e3o do meio ambiente, pro machismo, pro machismo [para de falar ap\u00f3s ser interrompida]\u201d, afirmou. \u201cAs pessoas iriam achar muito normal fazer o que est\u00e1 acontecendo aqui, num n\u00edvel piorado. Acho que Deus me ouviu e estou em paz\u201d, continuou a ministra, ap\u00f3s interven\u00e7\u00e3o do presidente da comiss\u00e3o Rodolfo Nogueira (PL-MS).<\/p>\n<blockquote class=\"wp-block-quote is-layout-flow wp-block-quote-is-layout-flow\">\n<p>\u201c\u00c9 prefer\u00edvel sofrer a injusti\u00e7a do que praticar uma injusti\u00e7a. E eu prefiro sofrer uma injusti\u00e7a do que pratic\u00e1-la. Se voc\u00ea pratica a injusti\u00e7a, pode ter certeza que a repara\u00e7\u00e3o um dia vir\u00e1. Isso me conforta\u201d, completou Marina.<\/p>\n<\/blockquote>\n<p>Em sua apresenta\u00e7\u00e3o durante a audi\u00eancia, Marina Silva destacou a queda do desmatamento no Brasil, que foi reduzido em 46% na Amaz\u00f4nia e 32% no pa\u00eds inteiro. Ela tamb\u00e9m citou n\u00fameros positivos do agroneg\u00f3cio, que cresceu 15% e a renda per capita cresceu em torno de 11%.<\/p>\n<p><em>Siga o Acorda Cidade no<\/em><a href=\"https:\/\/news.google.com\/search?q=acorda%20cidade&amp;hl=pt-BR&amp;gl=BR&amp;ceid=BR%3Apt-419\"><strong><em> Google Not\u00edcias<\/em><\/strong><\/a><em> e receba os principais destaques do dia. Participe tamb\u00e9m dos nossos canais no <\/em><a href=\"https:\/\/whatsapp.com\/channel\/0029Va6Rb4v3WHTNnsh8WI3N\"><strong><em>WhatsApp<\/em><\/strong><\/a><em> e <\/em><a href=\"https:\/\/www.youtube.com\/@acordacidadenoticias\/videos\"><strong>Youtube<\/strong><\/a><em> e grupo de <\/em><a href=\"https:\/\/t.me\/+sSz0khrgARA0ZmRh\"><strong><em>Telegram<\/em><\/strong><\/a><em>.<\/em><\/p>\n<\/div>\n","protected":false},"excerpt":{"rendered":"<div>\n<div>\n<figure><img decoding=\"async\" src=\"https:\/\/uploads.acordacidade.com.br\/2025\/07\/Marina-Silva.webp\" alt=\"Ministra Marina Silva\"><figcaption>Marina Silva | Foto: Vinicius Loures \/ C\u00e2mara dos Deputados<\/figcaption><\/figure>\n<\/div>\n<p>Ataques foram em audi\u00eancia com ruralistas na C\u00e2mara dos Deputados.<\/p><\/div>\n","protected":false},"author":1,"featured_media":91921,"comment_status":"closed","ping_status":"closed","sticky":false,"template":"","format":"gallery","meta":{"footnotes":""},"categories":[8,9,6,57,56,10],"tags":[],"class_list":["post-91920","post","type-post","status-publish","format-gallery","has-post-thumbnail","hentry","category-bahia","category-brasil","category-feira-de-santana","category-mundo","category-policia","category-politica","post_format-post-format-gallery"],"featured_image_urls":{"full":["https:\/\/noticiasbahia360.com.br\/wp-content\/uploads\/2025\/07\/Marina-Silva.webp",1200,718,false],"thumbnail":["https:\/\/noticiasbahia360.com.br\/wp-content\/uploads\/2025\/07\/Marina-Silva-150x150.webp",150,150,true],"medium":["https:\/\/noticiasbahia360.com.br\/wp-content\/uploads\/2025\/07\/Marina-Silva-300x180.webp",300,180,true],"medium_large":["https:\/\/noticiasbahia360.com.br\/wp-content\/uploads\/2025\/07\/Marina-Silva-768x460.webp",640,383,true],"large":["https:\/\/noticiasbahia360.com.br\/wp-content\/uploads\/2025\/07\/Marina-Silva-1024x613.webp",640,383,true],"1536x1536":["https:\/\/noticiasbahia360.com.br\/wp-content\/uploads\/2025\/07\/Marina-Silva.webp",1200,718,false],"2048x2048":["https:\/\/noticiasbahia360.com.br\/wp-content\/uploads\/2025\/07\/Marina-Silva.webp",1200,718,false],"chromenews-featured":["https:\/\/noticiasbahia360.com.br\/wp-content\/uploads\/2025\/07\/Marina-Silva-1024x613.webp",1024,613,true],"chromenews-large":["https:\/\/noticiasbahia360.com.br\/wp-content\/uploads\/2025\/07\/Marina-Silva-825x575.webp",825,575,true],"chromenews-medium":["https:\/\/noticiasbahia360.com.br\/wp-content\/uploads\/2025\/07\/Marina-Silva-590x410.webp",590,410,true]},"author_info":{"display_name":"noticiasbahia360.com.br","author_link":"https:\/\/noticiasbahia360.com.br\/?author=1"},"category_info":"<a href=\"https:\/\/noticiasbahia360.com.br\/?cat=8\" rel=\"category\">Bahia<\/a> <a href=\"https:\/\/noticiasbahia360.com.br\/?cat=9\" rel=\"category\">Brasil<\/a> <a href=\"https:\/\/noticiasbahia360.com.br\/?cat=6\" rel=\"category\">Feira de Santana<\/a> <a href=\"https:\/\/noticiasbahia360.com.br\/?cat=57\" rel=\"category\">Mundo<\/a> <a href=\"https:\/\/noticiasbahia360.com.br\/?cat=56\" rel=\"category\">Pol\u00edcia<\/a> <a href=\"https:\/\/noticiasbahia360.com.br\/?cat=10\" rel=\"category\">Pol\u00edtica<\/a>","tag_info":"Pol\u00edtica","comment_count":"0","_links":{"self":[{"href":"https:\/\/noticiasbahia360.com.br\/index.php?rest_route=\/wp\/v2\/posts\/91920","targetHints":{"allow":["GET"]}}],"collection":[{"href":"https:\/\/noticiasbahia360.com.br\/index.php?rest_route=\/wp\/v2\/posts"}],"about":[{"href":"https:\/\/noticiasbahia360.com.br\/index.php?rest_route=\/wp\/v2\/types\/post"}],"author":[{"embeddable":true,"href":"https:\/\/noticiasbahia360.com.br\/index.php?rest_route=\/wp\/v2\/users\/1"}],"replies":[{"embeddable":true,"href":"https:\/\/noticiasbahia360.com.br\/index.php?rest_route=%2Fwp%2Fv2%2Fcomments&post=91920"}],"version-history":[{"count":0,"href":"https:\/\/noticiasbahia360.com.br\/index.php?rest_route=\/wp\/v2\/posts\/91920\/revisions"}],"wp:featuredmedia":[{"embeddable":true,"href":"https:\/\/noticiasbahia360.com.br\/index.php?rest_route=\/wp\/v2\/media\/91921"}],"wp:attachment":[{"href":"https:\/\/noticiasbahia360.com.br\/index.php?rest_route=%2Fwp%2Fv2%2Fmedia&parent=91920"}],"wp:term":[{"taxonomy":"category","embeddable":true,"href":"https:\/\/noticiasbahia360.com.br\/index.php?rest_route=%2Fwp%2Fv2%2Fcategories&post=91920"},{"taxonomy":"post_tag","embeddable":true,"href":"https:\/\/noticiasbahia360.com.br\/index.php?rest_route=%2Fwp%2Fv2%2Ftags&post=91920"}],"curies":[{"name":"wp","href":"https:\/\/api.w.org\/{rel}","templated":true}]}}