{"id":91924,"date":"2025-07-02T21:01:32","date_gmt":"2025-07-03T00:01:32","guid":{"rendered":"https:\/\/noticiasbahia360.com.br\/?p=91924"},"modified":"2025-07-02T21:01:32","modified_gmt":"2025-07-03T00:01:32","slug":"camara-aprova-endurecimento-da-pena-para-homicidios-contra-agentes-da-seguranca-publica","status":"publish","type":"post","link":"https:\/\/noticiasbahia360.com.br\/?p=91924","title":{"rendered":"C\u00e2mara aprova endurecimento da pena para homic\u00eddios contra agentes da seguran\u00e7a p\u00fablica"},"content":{"rendered":"<div>\n<div>\n<figure><img decoding=\"async\" src=\"http:\/\/noticiasbahia360.com.br\/wp-content\/uploads\/2025\/07\/Camara-dos-deputados.png\" alt=\"C\u00e2mara dos deputados\"><figcaption>Foto: M\u00e1rio Agra\/C\u00e2mara dos Deputados<\/figcaption><\/figure>\n<\/div>\n<p>Ag\u00eancia Brasil \u2013 <strong>A <a href=\"https:\/\/www.acordacidade.com.br\/tag\/camara-dos-deputados-2\/\">C\u00e2mara dos Deputados<\/a> aprovou hoje (2) por 334 votos favor\u00e1veis e 65 contr\u00e1rios o projeto de Lei (PL) 1112\/23 que aumenta, de 50% para 80%\u00a0o m\u00ednimo de cumprimento de pena no regime fechado\u00a0para progress\u00e3o ao semiaberto de condenados por crime de homic\u00eddio contra agentes de seguran\u00e7a p\u00fablica\u00a0<\/strong>\u2013 como policiais, membros do Poder Judici\u00e1rio, Minist\u00e9rio P\u00fablico, da Defensoria P\u00fablica ou da Advocacia P\u00fablica, no exerc\u00edcio da fun\u00e7\u00e3o ou em decorr\u00eancia dela.\u00a0<strong>O texto segue para an\u00e1lise do Senado.<\/strong><img decoding=\"async\" src=\"https:\/\/agenciabrasil.ebc.com.br\/ebc.png?id=1649234&amp;o=node\"><img decoding=\"async\" src=\"https:\/\/agenciabrasil.ebc.com.br\/ebc.gif?id=1649234&amp;o=node\"><\/p>\n<p>Para o autor do projeto, deputado Alfredo Gaspar (Uni\u00e3o-AL) a iniciativa visa \u201cdificultar a progress\u00e3o de regime quando os criminosos forem condenados por homic\u00eddio contra autoridades p\u00fablicas, tendo em vista a especial gravidade dos delitos\u201d.<\/p>\n<p><strong>Na avalia\u00e7\u00e3o do deputado, os \u201ccondenados por crimes t\u00e3o graves devem ter crit\u00e9rios mais r\u00edgidos para a progress\u00e3o de regime, ficando mais tempo presos e desestimulando a pr\u00e1tica de delitos contra o aparelho estatal\u201d.<\/strong><\/p>\n<p>Al\u00e9m do projeto, os deputado aprovaram a urg\u00eancia para a vota\u00e7\u00e3o do Projeto de Lei Complementar 41\/19, do Senado, que prev\u00ea avalia\u00e7\u00e3o peri\u00f3dica sobre o impacto de incentivos fiscais concedidos pela Uni\u00e3o para empresas.<\/p>\n<p><strong>Com a aprova\u00e7\u00e3o da urg\u00eancia, o projeto poder\u00e1 ser votado em plen\u00e1rio sem passar antes pelas comiss\u00f5es da C\u00e2mara.<\/strong><\/p>\n<p><em>Siga o Acorda Cidade no<\/em><a href=\"https:\/\/news.google.com\/search?q=acorda%20cidade&amp;hl=pt-BR&amp;gl=BR&amp;ceid=BR%3Apt-419\"><strong><em> Google Not\u00edcias<\/em><\/strong><\/a><em> e receba os principais destaques do dia. Participe tamb\u00e9m dos nossos canais no <\/em><a href=\"https:\/\/whatsapp.com\/channel\/0029Va6Rb4v3WHTNnsh8WI3N\"><strong><em>WhatsApp<\/em><\/strong><\/a><em> e <\/em><a href=\"https:\/\/www.youtube.com\/@acordacidadenoticias\/videos\"><strong>Youtube<\/strong><\/a><em> e grupo de <\/em><a href=\"https:\/\/t.me\/+sSz0khrgARA0ZmRh\"><strong><em>Telegram<\/em><\/strong><\/a><em>.<\/em><\/p>\n<\/div>\n","protected":false},"excerpt":{"rendered":"<div>\n<div>\n<figure><img decoding=\"async\" src=\"https:\/\/www.acordacidade.com.br\/wp-content\/uploads\/2024\/07\/Camara-dos-deputados.png\" alt=\"C\u00e2mara dos deputados\"><figcaption>Foto: M\u00e1rio Agra\/C\u00e2mara dos Deputados<\/figcaption><\/figure>\n<\/div>\n<p>O texto segue para an\u00e1lise do Senado.<\/p><\/div>\n","protected":false},"author":1,"featured_media":91925,"comment_status":"closed","ping_status":"closed","sticky":false,"template":"","format":"gallery","meta":{"footnotes":""},"categories":[8,9,6,57,56,10],"tags":[],"class_list":["post-91924","post","type-post","status-publish","format-gallery","has-post-thumbnail","hentry","category-bahia","category-brasil","category-feira-de-santana","category-mundo","category-policia","category-politica","post_format-post-format-gallery"],"featured_image_urls":{"full":["https:\/\/noticiasbahia360.com.br\/wp-content\/uploads\/2025\/07\/Camara-dos-deputados.png",640,354,false],"thumbnail":["https:\/\/noticiasbahia360.com.br\/wp-content\/uploads\/2025\/07\/Camara-dos-deputados-150x150.png",150,150,true],"medium":["https:\/\/noticiasbahia360.com.br\/wp-content\/uploads\/2025\/07\/Camara-dos-deputados-300x166.png",300,166,true],"medium_large":["https:\/\/noticiasbahia360.com.br\/wp-content\/uploads\/2025\/07\/Camara-dos-deputados.png",640,354,false],"large":["https:\/\/noticiasbahia360.com.br\/wp-content\/uploads\/2025\/07\/Camara-dos-deputados.png",640,354,false],"1536x1536":["https:\/\/noticiasbahia360.com.br\/wp-content\/uploads\/2025\/07\/Camara-dos-deputados.png",640,354,false],"2048x2048":["https:\/\/noticiasbahia360.com.br\/wp-content\/uploads\/2025\/07\/Camara-dos-deputados.png",640,354,false],"chromenews-featured":["https:\/\/noticiasbahia360.com.br\/wp-content\/uploads\/2025\/07\/Camara-dos-deputados.png",640,354,false],"chromenews-large":["https:\/\/noticiasbahia360.com.br\/wp-content\/uploads\/2025\/07\/Camara-dos-deputados.png",640,354,false],"chromenews-medium":["https:\/\/noticiasbahia360.com.br\/wp-content\/uploads\/2025\/07\/Camara-dos-deputados-590x354.png",590,354,true]},"author_info":{"display_name":"noticiasbahia360.com.br","author_link":"https:\/\/noticiasbahia360.com.br\/?author=1"},"category_info":"<a href=\"https:\/\/noticiasbahia360.com.br\/?cat=8\" rel=\"category\">Bahia<\/a> <a href=\"https:\/\/noticiasbahia360.com.br\/?cat=9\" rel=\"category\">Brasil<\/a> <a href=\"https:\/\/noticiasbahia360.com.br\/?cat=6\" rel=\"category\">Feira de Santana<\/a> <a href=\"https:\/\/noticiasbahia360.com.br\/?cat=57\" rel=\"category\">Mundo<\/a> <a href=\"https:\/\/noticiasbahia360.com.br\/?cat=56\" rel=\"category\">Pol\u00edcia<\/a> <a href=\"https:\/\/noticiasbahia360.com.br\/?cat=10\" rel=\"category\">Pol\u00edtica<\/a>","tag_info":"Pol\u00edtica","comment_count":"0","_links":{"self":[{"href":"https:\/\/noticiasbahia360.com.br\/index.php?rest_route=\/wp\/v2\/posts\/91924","targetHints":{"allow":["GET"]}}],"collection":[{"href":"https:\/\/noticiasbahia360.com.br\/index.php?rest_route=\/wp\/v2\/posts"}],"about":[{"href":"https:\/\/noticiasbahia360.com.br\/index.php?rest_route=\/wp\/v2\/types\/post"}],"author":[{"embeddable":true,"href":"https:\/\/noticiasbahia360.com.br\/index.php?rest_route=\/wp\/v2\/users\/1"}],"replies":[{"embeddable":true,"href":"https:\/\/noticiasbahia360.com.br\/index.php?rest_route=%2Fwp%2Fv2%2Fcomments&post=91924"}],"version-history":[{"count":0,"href":"https:\/\/noticiasbahia360.com.br\/index.php?rest_route=\/wp\/v2\/posts\/91924\/revisions"}],"wp:featuredmedia":[{"embeddable":true,"href":"https:\/\/noticiasbahia360.com.br\/index.php?rest_route=\/wp\/v2\/media\/91925"}],"wp:attachment":[{"href":"https:\/\/noticiasbahia360.com.br\/index.php?rest_route=%2Fwp%2Fv2%2Fmedia&parent=91924"}],"wp:term":[{"taxonomy":"category","embeddable":true,"href":"https:\/\/noticiasbahia360.com.br\/index.php?rest_route=%2Fwp%2Fv2%2Fcategories&post=91924"},{"taxonomy":"post_tag","embeddable":true,"href":"https:\/\/noticiasbahia360.com.br\/index.php?rest_route=%2Fwp%2Fv2%2Ftags&post=91924"}],"curies":[{"name":"wp","href":"https:\/\/api.w.org\/{rel}","templated":true}]}}