{"id":91926,"date":"2025-07-02T21:15:33","date_gmt":"2025-07-03T00:15:33","guid":{"rendered":"https:\/\/noticiasbahia360.com.br\/?p=91926"},"modified":"2025-07-02T21:15:33","modified_gmt":"2025-07-03T00:15:33","slug":"operacao-combate-atuacao-criminosa-em-postos-de-combustiveis-grupo-pode-estar-envolvido-em-matanca-generalizada","status":"publish","type":"post","link":"https:\/\/noticiasbahia360.com.br\/?p=91926","title":{"rendered":"Opera\u00e7\u00e3o combate atua\u00e7\u00e3o criminosa em postos de combust\u00edveis; grupo pode estar envolvido em \u201cmatan\u00e7a generalizada\u201d"},"content":{"rendered":"<div>\n<div>\n<figure><img decoding=\"async\" src=\"http:\/\/noticiasbahia360.com.br\/wp-content\/uploads\/2025\/07\/policiafederal_divulgacao.jpeg\" alt=\"Pol\u00edcia Federal\"><figcaption>Foto: Divulga\u00e7\u00e3o\/Pol\u00edcia Federal<\/figcaption><\/figure>\n<\/div>\n<p>Ag\u00eancia Brasil \u2013 <strong>Agentes da <a href=\"https:\/\/www.acordacidade.com.br\/tag\/policia-federal\/\">Pol\u00edcia Federal<\/a> realizaram nesta quarta-feira (2) a Opera\u00e7\u00e3o Nafta, com a finalidade de levantar fraudes em postos de combust\u00edveis gerenciados por uma organiza\u00e7\u00e3o criminosa.<\/strong>\u00a0A a\u00e7\u00e3o foi em conjunto com a Pol\u00edcia Civil atrav\u00e9s da For\u00e7a Integrada de Combate ao Crime Organizado no Rio de Janeiro (Ficco\/RJ).\u00a0<img decoding=\"async\" src=\"https:\/\/agenciabrasil.ebc.com.br\/ebc.png?id=1649236&amp;o=node\"><img decoding=\"async\" src=\"https:\/\/agenciabrasil.ebc.com.br\/ebc.gif?id=1649236&amp;o=node\"><\/p>\n<p><strong>Ao autorizar a opera\u00e7\u00e3o, a Justi\u00e7a tamb\u00e9m determinou o sequestro de bens e valores dos envolvidos na fraude, no total de R$ 35 milh\u00f5es.<\/strong><\/p>\n<p>Na a\u00e7\u00e3o, 70 policiais federais cumpriram um mandado de pris\u00e3o preventiva na Barra da Tijuca, zona oeste do Rio e 31 mandados de busca e apreens\u00e3o em Juiz de Fora (MG), al\u00e9m de Niter\u00f3i, S\u00e3o Gon\u00e7alo, Itabora\u00ed, Itagua\u00ed, Mangaratiba, Resende e Arma\u00e7\u00e3o dos B\u00fazios.<\/p>\n<p><strong>As dilig\u00eancias apontaram que o l\u00edder da organiza\u00e7\u00e3o criminosa j\u00e1 se envolveu com a mil\u00edcia e atuaria atualmente no crime organizado atrav\u00e9s de fraudes em postos de combust\u00edveis.<\/strong><\/p>\n<h2 class=\"wp-block-heading\" id=\"h-desdobramentos\">Desdobramentos<\/h2>\n<p>A investiga\u00e7\u00e3o teve in\u00edcio ap\u00f3s\u00a0desdobramentos da Opera\u00e7\u00e3o Dinastia,\u00a0deflagrada pela PF em agosto de 2022, que desarticulou uma organiza\u00e7\u00e3o criminosa formada por milicianos e atuante na zona oeste do Rio. A a\u00e7\u00e3o foi contra acusados de integrar a c\u00fapula de uma mil\u00edcia que atua na zona oeste do Rio de Janeiro.\u00a0<\/p>\n<p>De acordo com a PF, as investiga\u00e7\u00f5es constataram \u201cintensa articula\u00e7\u00e3o e planejamento minucioso\u201d para a pr\u00e1tica de homic\u00eddios de integrantes de fac\u00e7\u00f5es criminosas rivais e de outras pessoas.<\/p>\n<p>Segundo o Minist\u00e9rio P\u00fablico do Rio de Janeiro (MPRJ), os elementos de prova obtidos na Opera\u00e7\u00e3o Dinastia evidenciam \u201cmatan\u00e7a generalizada fomentada pela organiza\u00e7\u00e3o\u201d.<\/p>\n<p><em>Siga o Acorda Cidade no<\/em><a href=\"https:\/\/news.google.com\/search?q=acorda%20cidade&amp;hl=pt-BR&amp;gl=BR&amp;ceid=BR%3Apt-419\"><strong><em> Google Not\u00edcias<\/em><\/strong><\/a><em> e receba os principais destaques do dia. Participe tamb\u00e9m dos nossos canais no <\/em><a href=\"https:\/\/whatsapp.com\/channel\/0029Va6Rb4v3WHTNnsh8WI3N\"><strong><em>WhatsApp<\/em><\/strong><\/a><em> e <\/em><a href=\"https:\/\/www.youtube.com\/@acordacidadenoticias\/videos\"><strong>Youtube<\/strong><\/a><em> e grupo de <\/em><a href=\"https:\/\/t.me\/+sSz0khrgARA0ZmRh\"><strong><em>Telegram<\/em><\/strong><\/a><em>.<\/em><\/p>\n<\/div>\n","protected":false},"excerpt":{"rendered":"<div>\n<div>\n<figure><img decoding=\"async\" src=\"https:\/\/uploads.acordacidade.com.br\/wp-content\/uploads\/2024\/05\/09162937\/policiafederal_divulgacao.jpeg\" alt=\"Pol\u00edcia Federal\"><figcaption>Foto: Divulga\u00e7\u00e3o\/Pol\u00edcia Federal<\/figcaption><\/figure>\n<\/div>\n<p>Justi\u00e7a determinou sequestro de bens total de R$ 35 milh\u00f5es.<\/p><\/div>\n","protected":false},"author":1,"featured_media":91927,"comment_status":"closed","ping_status":"closed","sticky":false,"template":"","format":"gallery","meta":{"footnotes":""},"categories":[8,9,6,57,56,10],"tags":[],"class_list":["post-91926","post","type-post","status-publish","format-gallery","has-post-thumbnail","hentry","category-bahia","category-brasil","category-feira-de-santana","category-mundo","category-policia","category-politica","post_format-post-format-gallery"],"featured_image_urls":{"full":["https:\/\/noticiasbahia360.com.br\/wp-content\/uploads\/2025\/07\/policiafederal_divulgacao.jpeg",640,383,false],"thumbnail":["https:\/\/noticiasbahia360.com.br\/wp-content\/uploads\/2025\/07\/policiafederal_divulgacao-150x150.jpeg",150,150,true],"medium":["https:\/\/noticiasbahia360.com.br\/wp-content\/uploads\/2025\/07\/policiafederal_divulgacao-300x180.jpeg",300,180,true],"medium_large":["https:\/\/noticiasbahia360.com.br\/wp-content\/uploads\/2025\/07\/policiafederal_divulgacao.jpeg",640,383,false],"large":["https:\/\/noticiasbahia360.com.br\/wp-content\/uploads\/2025\/07\/policiafederal_divulgacao.jpeg",640,383,false],"1536x1536":["https:\/\/noticiasbahia360.com.br\/wp-content\/uploads\/2025\/07\/policiafederal_divulgacao.jpeg",640,383,false],"2048x2048":["https:\/\/noticiasbahia360.com.br\/wp-content\/uploads\/2025\/07\/policiafederal_divulgacao.jpeg",640,383,false],"chromenews-featured":["https:\/\/noticiasbahia360.com.br\/wp-content\/uploads\/2025\/07\/policiafederal_divulgacao.jpeg",640,383,false],"chromenews-large":["https:\/\/noticiasbahia360.com.br\/wp-content\/uploads\/2025\/07\/policiafederal_divulgacao.jpeg",640,383,false],"chromenews-medium":["https:\/\/noticiasbahia360.com.br\/wp-content\/uploads\/2025\/07\/policiafederal_divulgacao-590x383.jpeg",590,383,true]},"author_info":{"display_name":"noticiasbahia360.com.br","author_link":"https:\/\/noticiasbahia360.com.br\/?author=1"},"category_info":"<a href=\"https:\/\/noticiasbahia360.com.br\/?cat=8\" rel=\"category\">Bahia<\/a> <a href=\"https:\/\/noticiasbahia360.com.br\/?cat=9\" rel=\"category\">Brasil<\/a> <a href=\"https:\/\/noticiasbahia360.com.br\/?cat=6\" rel=\"category\">Feira de Santana<\/a> <a href=\"https:\/\/noticiasbahia360.com.br\/?cat=57\" rel=\"category\">Mundo<\/a> <a href=\"https:\/\/noticiasbahia360.com.br\/?cat=56\" rel=\"category\">Pol\u00edcia<\/a> <a href=\"https:\/\/noticiasbahia360.com.br\/?cat=10\" rel=\"category\">Pol\u00edtica<\/a>","tag_info":"Pol\u00edtica","comment_count":"0","_links":{"self":[{"href":"https:\/\/noticiasbahia360.com.br\/index.php?rest_route=\/wp\/v2\/posts\/91926","targetHints":{"allow":["GET"]}}],"collection":[{"href":"https:\/\/noticiasbahia360.com.br\/index.php?rest_route=\/wp\/v2\/posts"}],"about":[{"href":"https:\/\/noticiasbahia360.com.br\/index.php?rest_route=\/wp\/v2\/types\/post"}],"author":[{"embeddable":true,"href":"https:\/\/noticiasbahia360.com.br\/index.php?rest_route=\/wp\/v2\/users\/1"}],"replies":[{"embeddable":true,"href":"https:\/\/noticiasbahia360.com.br\/index.php?rest_route=%2Fwp%2Fv2%2Fcomments&post=91926"}],"version-history":[{"count":0,"href":"https:\/\/noticiasbahia360.com.br\/index.php?rest_route=\/wp\/v2\/posts\/91926\/revisions"}],"wp:featuredmedia":[{"embeddable":true,"href":"https:\/\/noticiasbahia360.com.br\/index.php?rest_route=\/wp\/v2\/media\/91927"}],"wp:attachment":[{"href":"https:\/\/noticiasbahia360.com.br\/index.php?rest_route=%2Fwp%2Fv2%2Fmedia&parent=91926"}],"wp:term":[{"taxonomy":"category","embeddable":true,"href":"https:\/\/noticiasbahia360.com.br\/index.php?rest_route=%2Fwp%2Fv2%2Fcategories&post=91926"},{"taxonomy":"post_tag","embeddable":true,"href":"https:\/\/noticiasbahia360.com.br\/index.php?rest_route=%2Fwp%2Fv2%2Ftags&post=91926"}],"curies":[{"name":"wp","href":"https:\/\/api.w.org\/{rel}","templated":true}]}}