{"id":91933,"date":"2025-07-03T06:56:13","date_gmt":"2025-07-03T09:56:13","guid":{"rendered":"https:\/\/noticiasbahia360.com.br\/?p=91933"},"modified":"2025-07-03T06:56:13","modified_gmt":"2025-07-03T09:56:13","slug":"homem-de-45-anos-e-assassinado-no-bairro-brasilia-em-feira-de-santana","status":"publish","type":"post","link":"https:\/\/noticiasbahia360.com.br\/?p=91933","title":{"rendered":"Homem de 45 anos \u00e9 assassinado no bairro Bras\u00edlia em Feira de Santana"},"content":{"rendered":"<div>\n<div>\n<figure><img decoding=\"async\" src=\"http:\/\/noticiasbahia360.com.br\/wp-content\/uploads\/2025\/07\/Israildo-Rios-da-Silva.jpg\" alt=\"Israildo Rios da Silva\"><figcaption>Israildo Rios da Silva<\/figcaption><\/figure>\n<\/div>\n<p>Um homem foi assassinado a tiros na Rua Rio Tapaj\u00f3s, no bairro Bras\u00edlia, em Feira de Santana, por volta das 19h40 do feriado de quarta-feira, dia 2 de julho (Dia da Independ\u00eancia da Bahia).<\/p>\n<p>Segundo informou a pol\u00edcia ao Acorda Cidade, a v\u00edtima foi identificada como Israildo Rios da Silva, 45 anos. Ele foi alvejado com um tiro na barriga, disparado por dois homens que estavam em uma motocicleta.<\/p>\n<p>Os autores do homic\u00eddio ainda n\u00e3o foram identificados. O motivo tamb\u00e9m \u00e9 desconhecido. A v\u00edtima residia na mesma rua onde foi assassinada.<\/p>\n<p>At\u00e9 o momento n\u00e3o foram divulgados outros detalhes sobre o crime, mas as investiga\u00e7\u00f5es j\u00e1 foram iniciadas.<\/p>\n<p>O corpo foi encaminhado para o Departamento de Pol\u00edcia T\u00e9cnica (DPT). Este foi o primeiro homic\u00eddio registrado no m\u00eas de Julho de 2025 em Feira de Santana. <\/p>\n<p><em>Com informa\u00e7\u00f5es do rep\u00f3rter Ed Santos do Acorda Cidade<\/em><\/p>\n<p><em>Siga o Acorda Cidade no<\/em><a href=\"https:\/\/news.google.com\/search?q=acorda%20cidade&amp;hl=pt-BR&amp;gl=BR&amp;ceid=BR%3Apt-419\"><strong><em> Google Not\u00edcias<\/em><\/strong><\/a><em> e receba os principais destaques do dia. Participe tamb\u00e9m dos nossos canais no <\/em><a href=\"https:\/\/www.whatsapp.com\/channel\/0029Va6Rb4v3WHTNnsh8WI3N\"><strong><em>WhatsApp<\/em><\/strong><\/a><em> e <\/em><a href=\"https:\/\/www.youtube.com\/@acordacidadenoticias\/videos\"><strong>YouTube<\/strong><\/a><em> e grupo de <\/em><a href=\"https:\/\/t.me\/+sSz0khrgARA0ZmRh\"><strong><em>Telegram<\/em><\/strong><\/a><em>.<\/em><\/p>\n<\/div>\n","protected":false},"excerpt":{"rendered":"<div>\n<div>\n<figure><img decoding=\"async\" src=\"https:\/\/uploads.acordacidade.com.br\/2025\/07\/Israildo-Rios-da-Silva.jpg\" alt=\"Israildo Rios da Silva\"><figcaption>Israildo Rios da Silva<\/figcaption><\/figure>\n<\/div>\n<p>Ele foi alvejado com um tiro na barriga, disparado por dois homens em uma motocicleta. O homic\u00eddio aconteceu na noite de quarta-feira (2).<\/p><\/div>\n","protected":false},"author":1,"featured_media":91934,"comment_status":"closed","ping_status":"closed","sticky":false,"template":"","format":"gallery","meta":{"footnotes":""},"categories":[8,9,6,57,56,10],"tags":[],"class_list":["post-91933","post","type-post","status-publish","format-gallery","has-post-thumbnail","hentry","category-bahia","category-brasil","category-feira-de-santana","category-mundo","category-policia","category-politica","post_format-post-format-gallery"],"featured_image_urls":{"full":["https:\/\/noticiasbahia360.com.br\/wp-content\/uploads\/2025\/07\/Israildo-Rios-da-Silva.jpg",1200,631,false],"thumbnail":["https:\/\/noticiasbahia360.com.br\/wp-content\/uploads\/2025\/07\/Israildo-Rios-da-Silva-150x150.jpg",150,150,true],"medium":["https:\/\/noticiasbahia360.com.br\/wp-content\/uploads\/2025\/07\/Israildo-Rios-da-Silva-300x158.jpg",300,158,true],"medium_large":["https:\/\/noticiasbahia360.com.br\/wp-content\/uploads\/2025\/07\/Israildo-Rios-da-Silva-768x404.jpg",640,337,true],"large":["https:\/\/noticiasbahia360.com.br\/wp-content\/uploads\/2025\/07\/Israildo-Rios-da-Silva-1024x538.jpg",640,336,true],"1536x1536":["https:\/\/noticiasbahia360.com.br\/wp-content\/uploads\/2025\/07\/Israildo-Rios-da-Silva.jpg",1200,631,false],"2048x2048":["https:\/\/noticiasbahia360.com.br\/wp-content\/uploads\/2025\/07\/Israildo-Rios-da-Silva.jpg",1200,631,false],"chromenews-featured":["https:\/\/noticiasbahia360.com.br\/wp-content\/uploads\/2025\/07\/Israildo-Rios-da-Silva-1024x538.jpg",1024,538,true],"chromenews-large":["https:\/\/noticiasbahia360.com.br\/wp-content\/uploads\/2025\/07\/Israildo-Rios-da-Silva-825x575.jpg",825,575,true],"chromenews-medium":["https:\/\/noticiasbahia360.com.br\/wp-content\/uploads\/2025\/07\/Israildo-Rios-da-Silva-590x410.jpg",590,410,true]},"author_info":{"display_name":"noticiasbahia360.com.br","author_link":"https:\/\/noticiasbahia360.com.br\/?author=1"},"category_info":"<a href=\"https:\/\/noticiasbahia360.com.br\/?cat=8\" rel=\"category\">Bahia<\/a> <a href=\"https:\/\/noticiasbahia360.com.br\/?cat=9\" rel=\"category\">Brasil<\/a> <a href=\"https:\/\/noticiasbahia360.com.br\/?cat=6\" rel=\"category\">Feira de Santana<\/a> <a href=\"https:\/\/noticiasbahia360.com.br\/?cat=57\" rel=\"category\">Mundo<\/a> <a href=\"https:\/\/noticiasbahia360.com.br\/?cat=56\" rel=\"category\">Pol\u00edcia<\/a> <a href=\"https:\/\/noticiasbahia360.com.br\/?cat=10\" rel=\"category\">Pol\u00edtica<\/a>","tag_info":"Pol\u00edtica","comment_count":"0","_links":{"self":[{"href":"https:\/\/noticiasbahia360.com.br\/index.php?rest_route=\/wp\/v2\/posts\/91933","targetHints":{"allow":["GET"]}}],"collection":[{"href":"https:\/\/noticiasbahia360.com.br\/index.php?rest_route=\/wp\/v2\/posts"}],"about":[{"href":"https:\/\/noticiasbahia360.com.br\/index.php?rest_route=\/wp\/v2\/types\/post"}],"author":[{"embeddable":true,"href":"https:\/\/noticiasbahia360.com.br\/index.php?rest_route=\/wp\/v2\/users\/1"}],"replies":[{"embeddable":true,"href":"https:\/\/noticiasbahia360.com.br\/index.php?rest_route=%2Fwp%2Fv2%2Fcomments&post=91933"}],"version-history":[{"count":0,"href":"https:\/\/noticiasbahia360.com.br\/index.php?rest_route=\/wp\/v2\/posts\/91933\/revisions"}],"wp:featuredmedia":[{"embeddable":true,"href":"https:\/\/noticiasbahia360.com.br\/index.php?rest_route=\/wp\/v2\/media\/91934"}],"wp:attachment":[{"href":"https:\/\/noticiasbahia360.com.br\/index.php?rest_route=%2Fwp%2Fv2%2Fmedia&parent=91933"}],"wp:term":[{"taxonomy":"category","embeddable":true,"href":"https:\/\/noticiasbahia360.com.br\/index.php?rest_route=%2Fwp%2Fv2%2Fcategories&post=91933"},{"taxonomy":"post_tag","embeddable":true,"href":"https:\/\/noticiasbahia360.com.br\/index.php?rest_route=%2Fwp%2Fv2%2Ftags&post=91933"}],"curies":[{"name":"wp","href":"https:\/\/api.w.org\/{rel}","templated":true}]}}