{"id":91935,"date":"2025-07-03T07:08:52","date_gmt":"2025-07-03T10:08:52","guid":{"rendered":"https:\/\/noticiasbahia360.com.br\/?p=91935"},"modified":"2025-07-03T07:08:52","modified_gmt":"2025-07-03T10:08:52","slug":"nando-reis-e-atracao-confirmada-no-cidade-jardim-festival-2025-em-sao-goncalo-dos-campos","status":"publish","type":"post","link":"https:\/\/noticiasbahia360.com.br\/?p=91935","title":{"rendered":"Nando Reis \u00e9 atra\u00e7\u00e3o confirmada no Cidade Jardim Festival 2025 em S\u00e3o Gon\u00e7alo dos Campos"},"content":{"rendered":"<div>\n<div>\n<figure><img decoding=\"async\" src=\"http:\/\/noticiasbahia360.com.br\/wp-content\/uploads\/2025\/07\/Nando-Reis-foto-divulgacao.jpg\" alt=\"Nando Reis\"><figcaption>Nando Reis | Foto: Divulga\u00e7\u00e3o <\/figcaption><\/figure>\n<\/div>\n<p>A cidade de S\u00e3o Gon\u00e7alo dos Campos j\u00e1 se prepara para mais uma edi\u00e7\u00e3o do Jardim de Inverno, evento que integra o calend\u00e1rio oficial do Cidade Jardim Festival, promovido pela Prefeitura Municipal. A programa\u00e7\u00e3o deste ano ser\u00e1 realizada nos dias 25, 26 e 27 de julho, prometendo mais uma vez encantar o p\u00fablico com decora\u00e7\u00e3o deslumbrante, atra\u00e7\u00f5es de peso e diversidade musical.<\/p>\n<p>Na noite da \u00faltima ter\u00e7a-feira (1\u00ba de julho), o prefeito Tarc\u00edsio Pedreira divulgou, por meio das redes sociais, algumas das atra\u00e7\u00f5es confirmadas para esta 4\u00aa edi\u00e7\u00e3o do festival. O principal nome anunciado foi o cantor Nando Reis, que se apresenta no domingo (27 de julho), marcando presen\u00e7a em S\u00e3o Gon\u00e7alo com seu repert\u00f3rio repleto de sucessos que atravessam gera\u00e7\u00f5es.<\/p>\n<p>Al\u00e9m de Nando Reis, o Cidade Jardim contar\u00e1 tamb\u00e9m com shows de Jau, Seresta do Rasta e Deivinho Novaes, entre outras atra\u00e7\u00f5es que ser\u00e3o reveladas nos pr\u00f3ximos dias. A proposta do evento \u00e9 justamente mesclar estilos e p\u00fablicos, consolidando-se como uma experi\u00eancia \u00fanica no cen\u00e1rio cultural do interior baiano.<\/p>\n<p>Conhecido por sua atmosfera charmosa, o Jardim de Inverno re\u00fane m\u00fasica, cultura, gastronomia e lazer em um s\u00f3 espa\u00e7o, com ambienta\u00e7\u00e3o tem\u00e1tica e clima acolhedor. O Cidade Jardim Festival j\u00e1 trouxe em edi\u00e7\u00f5es anteriores artistas como Vanessa da Mata, Claudia Leitte, Edson Gomes, Gabriel Sater, P\u00e9ricles e Jorge Vercillo, refor\u00e7ando sua voca\u00e7\u00e3o para receber grandes nomes da m\u00fasica brasileira. <\/p>\n<p>\u201cO Jardim de Inverno \u00e9 uma extens\u00e3o do que acreditamos para S\u00e3o Gon\u00e7alo: cultura com qualidade, acess\u00edvel e que movimenta a economia local. Nando Reis \u00e9 s\u00f3 o come\u00e7o do que vem por a\u00ed,\u201d afirmou o prefeito Tarc\u00edsio.<\/p>\n<p><strong>A programa\u00e7\u00e3o completa e informa\u00e7\u00f5es sobre estrutura e acesso ao Cidade Jardim Fertival ser\u00e3o divulgadas em breve nos canais oficiais da Prefeitura.<\/strong><\/p>\n<p><em>Siga o Acorda Cidade no<\/em><a href=\"https:\/\/news.google.com\/search?q=acorda%20cidade&amp;hl=pt-BR&amp;gl=BR&amp;ceid=BR%3Apt-419\"><strong><em> Google Not\u00edcias<\/em><\/strong><\/a><em> e receba os principais destaques do dia. Participe tamb\u00e9m dos nossos canais no <\/em><a href=\"https:\/\/www.whatsapp.com\/channel\/0029Va6Rb4v3WHTNnsh8WI3N\"><strong><em>WhatsApp<\/em><\/strong><\/a><em> e <\/em><a href=\"https:\/\/www.youtube.com\/@acordacidadenoticias\/videos\"><strong>YouTube<\/strong><\/a><em> e grupo de <\/em><a href=\"https:\/\/t.me\/+sSz0khrgARA0ZmRh\"><strong><em>Telegram<\/em><\/strong><\/a><em>.<\/em><\/p>\n<\/div>\n","protected":false},"excerpt":{"rendered":"<div>\n<div>\n<figure><img decoding=\"async\" src=\"https:\/\/uploads.acordacidade.com.br\/2025\/07\/Nando-Reis-foto-divulgacao.jpg\" alt=\"Nando Reis\"><figcaption>Nando Reis | Foto: Divulga\u00e7\u00e3o <\/figcaption><\/figure>\n<\/div>\n<p>Segundo o prefeito de S\u00e3o Gon\u00e7alo dos Campos, Tarc\u00edsio Pedreira, o cantor Nando Reis se apresentar\u00e1 dia 27 de julho no Cidade Jardim Festival.<\/p><\/div>\n","protected":false},"author":1,"featured_media":91936,"comment_status":"closed","ping_status":"closed","sticky":false,"template":"","format":"gallery","meta":{"footnotes":""},"categories":[8,9,6,57,56,10],"tags":[],"class_list":["post-91935","post","type-post","status-publish","format-gallery","has-post-thumbnail","hentry","category-bahia","category-brasil","category-feira-de-santana","category-mundo","category-policia","category-politica","post_format-post-format-gallery"],"featured_image_urls":{"full":["https:\/\/noticiasbahia360.com.br\/wp-content\/uploads\/2025\/07\/Nando-Reis-foto-divulgacao.jpg",1200,800,false],"thumbnail":["https:\/\/noticiasbahia360.com.br\/wp-content\/uploads\/2025\/07\/Nando-Reis-foto-divulgacao-150x150.jpg",150,150,true],"medium":["https:\/\/noticiasbahia360.com.br\/wp-content\/uploads\/2025\/07\/Nando-Reis-foto-divulgacao-300x200.jpg",300,200,true],"medium_large":["https:\/\/noticiasbahia360.com.br\/wp-content\/uploads\/2025\/07\/Nando-Reis-foto-divulgacao-768x512.jpg",640,427,true],"large":["https:\/\/noticiasbahia360.com.br\/wp-content\/uploads\/2025\/07\/Nando-Reis-foto-divulgacao-1024x683.jpg",640,427,true],"1536x1536":["https:\/\/noticiasbahia360.com.br\/wp-content\/uploads\/2025\/07\/Nando-Reis-foto-divulgacao.jpg",1200,800,false],"2048x2048":["https:\/\/noticiasbahia360.com.br\/wp-content\/uploads\/2025\/07\/Nando-Reis-foto-divulgacao.jpg",1200,800,false],"chromenews-featured":["https:\/\/noticiasbahia360.com.br\/wp-content\/uploads\/2025\/07\/Nando-Reis-foto-divulgacao-1024x683.jpg",1024,683,true],"chromenews-large":["https:\/\/noticiasbahia360.com.br\/wp-content\/uploads\/2025\/07\/Nando-Reis-foto-divulgacao-825x575.jpg",825,575,true],"chromenews-medium":["https:\/\/noticiasbahia360.com.br\/wp-content\/uploads\/2025\/07\/Nando-Reis-foto-divulgacao-590x410.jpg",590,410,true]},"author_info":{"display_name":"noticiasbahia360.com.br","author_link":"https:\/\/noticiasbahia360.com.br\/?author=1"},"category_info":"<a href=\"https:\/\/noticiasbahia360.com.br\/?cat=8\" rel=\"category\">Bahia<\/a> <a href=\"https:\/\/noticiasbahia360.com.br\/?cat=9\" rel=\"category\">Brasil<\/a> <a href=\"https:\/\/noticiasbahia360.com.br\/?cat=6\" rel=\"category\">Feira de Santana<\/a> <a href=\"https:\/\/noticiasbahia360.com.br\/?cat=57\" rel=\"category\">Mundo<\/a> <a href=\"https:\/\/noticiasbahia360.com.br\/?cat=56\" rel=\"category\">Pol\u00edcia<\/a> <a href=\"https:\/\/noticiasbahia360.com.br\/?cat=10\" rel=\"category\">Pol\u00edtica<\/a>","tag_info":"Pol\u00edtica","comment_count":"0","_links":{"self":[{"href":"https:\/\/noticiasbahia360.com.br\/index.php?rest_route=\/wp\/v2\/posts\/91935","targetHints":{"allow":["GET"]}}],"collection":[{"href":"https:\/\/noticiasbahia360.com.br\/index.php?rest_route=\/wp\/v2\/posts"}],"about":[{"href":"https:\/\/noticiasbahia360.com.br\/index.php?rest_route=\/wp\/v2\/types\/post"}],"author":[{"embeddable":true,"href":"https:\/\/noticiasbahia360.com.br\/index.php?rest_route=\/wp\/v2\/users\/1"}],"replies":[{"embeddable":true,"href":"https:\/\/noticiasbahia360.com.br\/index.php?rest_route=%2Fwp%2Fv2%2Fcomments&post=91935"}],"version-history":[{"count":0,"href":"https:\/\/noticiasbahia360.com.br\/index.php?rest_route=\/wp\/v2\/posts\/91935\/revisions"}],"wp:featuredmedia":[{"embeddable":true,"href":"https:\/\/noticiasbahia360.com.br\/index.php?rest_route=\/wp\/v2\/media\/91936"}],"wp:attachment":[{"href":"https:\/\/noticiasbahia360.com.br\/index.php?rest_route=%2Fwp%2Fv2%2Fmedia&parent=91935"}],"wp:term":[{"taxonomy":"category","embeddable":true,"href":"https:\/\/noticiasbahia360.com.br\/index.php?rest_route=%2Fwp%2Fv2%2Fcategories&post=91935"},{"taxonomy":"post_tag","embeddable":true,"href":"https:\/\/noticiasbahia360.com.br\/index.php?rest_route=%2Fwp%2Fv2%2Ftags&post=91935"}],"curies":[{"name":"wp","href":"https:\/\/api.w.org\/{rel}","templated":true}]}}