{"id":91937,"date":"2025-07-03T08:13:20","date_gmt":"2025-07-03T11:13:20","guid":{"rendered":"https:\/\/noticiasbahia360.com.br\/?p=91937"},"modified":"2025-07-03T08:13:20","modified_gmt":"2025-07-03T11:13:20","slug":"jogador-diogo-jota-e-irmao-morrem-em-acidente-na-espanha","status":"publish","type":"post","link":"https:\/\/noticiasbahia360.com.br\/?p=91937","title":{"rendered":"Jogador Diogo Jota e irm\u00e3o morrem em acidente na Espanha"},"content":{"rendered":"<div>\n<div>\n<figure><img decoding=\"async\" src=\"http:\/\/noticiasbahia360.com.br\/wp-content\/uploads\/2025\/07\/diogojota_redessociais_liverpool.jpg\" alt=\"Diogo Jota\"><figcaption>Foto: Reprodu\u00e7\u00e3o\/liverpoolfc<\/figcaption><\/figure>\n<\/div>\n<p>O jogador portugu\u00eas Diogo Jota, atacante da sele\u00e7\u00e3o de Portugal e do Liverpool, da Inglaterra, e seu irm\u00e3o, o atacante Andr\u00e9 Silva, do Penafiel, morreram em um acidente de carro nesta quinta-feira (3) na <a href=\"https:\/\/www.acordacidade.com.br\/tag\/espanha\/\">Espanha<\/a>.<\/p>\n<p>De acordo com a pol\u00edcia espanhola, o carro onde os dois estavam pegou fogo ap\u00f3s sair da pista em uma rodovia federal em Zamora, no noroeste da Espanha.<\/p>\n<p>Em comunicado, a guarda afirmou que o ve\u00edculo trafegava pela A-52, rodovia nacional da Espanha, na altura da regi\u00e3o de Sanabria. Durante uma ultrapassagem, um dos pneus estourou, jogando para fora da pista o autom\u00f3vel, que pegou fogo na sequ\u00eancia, disse ainda a Guarda Civil.<\/p>\n<p>Ainda de acordo com as autoridades, os dois morreram no local.<\/p>\n<p>\u201cUm ve\u00edculo saiu da pista pela cal\u00e7ada pela esquerda. A investiga\u00e7\u00e3o aponta para um acidente de tr\u00e2nsito devido ao estouro de um pneu durante uma ultrapassagem. Como consequ\u00eancia do acidente, o carro se incendiou, e ambos os ocupantes morreram\u201d, disse a Guarda Civil da Espanha em comunicado.<\/p>\n<p>Ainda de acordo com a nota, as autoridades aguardavam o resultado de exames de legistas no local, mas apenas Diogo Joga e seu irm\u00e3o estavam no carro.<\/p>\n<p>Nascido na cidade de Massarelos, em Portugal, em 1996, Jota iniciou sua carreira profissional no Pa\u00e7os de Ferreira, passou pelo Porto, pelo Wolverhampton, da Inglaterra, e foi contratado pelo Liverpool em 2020. No gigante ingl\u00eas, viveu o auge da carreira e conquistou um Campeonato Ingl\u00eas, uma Copa da Inglaterra e duas Copas da Liga.<\/p>\n<p>Frequentemente convocado para a sele\u00e7\u00e3o portuguesa, Jota conquistou no m\u00eas passado a Liga das Na\u00e7\u00f5es, em final contra a Espanha decidida nos p\u00eanaltis ap\u00f3s empate por 2 a 2. O atacante marcou 14 gols em 47 jogos pela sele\u00e7\u00e3o portuguesa.<\/p>\n<p>A Federa\u00e7\u00e3o Portuguesa de Futebol lamentou a morte dos dois atletas. Veja abaixo:<\/p>\n<p>A Federa\u00e7\u00e3o Portuguesa de Futebol e todo o Futebol portugu\u00eas est\u00e3o completamente devastados com a morte de Diogo Jota e do seu irm\u00e3o Andr\u00e9 Silva, esta madrugada, em Espanha.<\/p>\n<p>Muito mais do que o fant\u00e1stico jogador, com quase 50 internacionaliza\u00e7\u00f5es pela Sele\u00e7\u00e3o Nacional A, Diogo Jota era uma extraordin\u00e1ria pessoa, respeitado por todos os colegas e advers\u00e1rios, algu\u00e9m com uma alegria contagiante e refer\u00eancia na pr\u00f3pria comunidade.<\/p>\n<p>A Federa\u00e7\u00e3o Portuguesa de Futebol exprime as mais sentidas condol\u00eancias \u00e0 fam\u00edlia e aos amigos de Diogo e de Andr\u00e9 Silva, assim como ao Liverpool FC e FC Penafiel, os clubes onde, respetivamente, alinhavam os jogadores.<\/p>\n<p>A Federa\u00e7\u00e3o Portuguesa de Futebol j\u00e1 solicitou \u00e0 UEFA um minuto de sil\u00eancio, esta quinta-feira, antes da partida da nossa Sele\u00e7\u00e3o com a Espanha, no Europeu feminino.<\/p>\n<p>Perdemos dois campe\u00f5es. O desaparecimento de Diogo e de Andr\u00e9 Silva representam perdas irrepar\u00e1veis para o Futebol Portugu\u00eas e tudo faremos para, diariamente, honrar o seu legado.<\/p>\n<p><em>Fonte: g1<\/em><\/p>\n<p><em>Siga o Acorda Cidade no<\/em><a href=\"https:\/\/news.google.com\/search?q=acorda%20cidade&amp;hl=pt-BR&amp;gl=BR&amp;ceid=BR%3Apt-419\"><strong><em> Google Not\u00edcias<\/em><\/strong><\/a><em> e receba os principais destaques do dia. Participe tamb\u00e9m dos nossos canais no <\/em><a href=\"https:\/\/whatsapp.com\/channel\/0029Va6Rb4v3WHTNnsh8WI3N\"><strong><em>WhatsApp<\/em><\/strong><\/a><em> e <\/em><a href=\"https:\/\/www.youtube.com\/@acordacidadenoticias\/videos\"><strong>Youtube<\/strong><\/a><em> e grupo de <\/em><a href=\"https:\/\/t.me\/+sSz0khrgARA0ZmRh\"><strong><em>Telegram<\/em><\/strong><\/a><em>.<\/em><\/p>\n<\/div>\n","protected":false},"excerpt":{"rendered":"<div>\n<div>\n<figure><img decoding=\"async\" src=\"https:\/\/uploads.acordacidade.com.br\/2025\/07\/diogojota_redessociais_liverpool.jpg\" alt=\"Diogo Jota\"><figcaption>Foto: Reprodu\u00e7\u00e3o\/liverpoolfc<\/figcaption><\/figure>\n<\/div>\n<p>De acordo com a pol\u00edcia, o carro onde Diogo estava, pegou fogo ap\u00f3s sair da pista em uma rodovia federal em Zamora, no noroeste da Espanha.<\/p><\/div>\n","protected":false},"author":1,"featured_media":91938,"comment_status":"closed","ping_status":"closed","sticky":false,"template":"","format":"gallery","meta":{"footnotes":""},"categories":[8,9,6,57,56,10],"tags":[],"class_list":["post-91937","post","type-post","status-publish","format-gallery","has-post-thumbnail","hentry","category-bahia","category-brasil","category-feira-de-santana","category-mundo","category-policia","category-politica","post_format-post-format-gallery"],"featured_image_urls":{"full":["https:\/\/noticiasbahia360.com.br\/wp-content\/uploads\/2025\/07\/diogojota_redessociais_liverpool.jpg",806,594,false],"thumbnail":["https:\/\/noticiasbahia360.com.br\/wp-content\/uploads\/2025\/07\/diogojota_redessociais_liverpool-150x150.jpg",150,150,true],"medium":["https:\/\/noticiasbahia360.com.br\/wp-content\/uploads\/2025\/07\/diogojota_redessociais_liverpool-300x221.jpg",300,221,true],"medium_large":["https:\/\/noticiasbahia360.com.br\/wp-content\/uploads\/2025\/07\/diogojota_redessociais_liverpool-768x566.jpg",640,472,true],"large":["https:\/\/noticiasbahia360.com.br\/wp-content\/uploads\/2025\/07\/diogojota_redessociais_liverpool.jpg",640,472,false],"1536x1536":["https:\/\/noticiasbahia360.com.br\/wp-content\/uploads\/2025\/07\/diogojota_redessociais_liverpool.jpg",806,594,false],"2048x2048":["https:\/\/noticiasbahia360.com.br\/wp-content\/uploads\/2025\/07\/diogojota_redessociais_liverpool.jpg",806,594,false],"chromenews-featured":["https:\/\/noticiasbahia360.com.br\/wp-content\/uploads\/2025\/07\/diogojota_redessociais_liverpool.jpg",806,594,false],"chromenews-large":["https:\/\/noticiasbahia360.com.br\/wp-content\/uploads\/2025\/07\/diogojota_redessociais_liverpool-806x575.jpg",806,575,true],"chromenews-medium":["https:\/\/noticiasbahia360.com.br\/wp-content\/uploads\/2025\/07\/diogojota_redessociais_liverpool-590x410.jpg",590,410,true]},"author_info":{"display_name":"noticiasbahia360.com.br","author_link":"https:\/\/noticiasbahia360.com.br\/?author=1"},"category_info":"<a href=\"https:\/\/noticiasbahia360.com.br\/?cat=8\" rel=\"category\">Bahia<\/a> <a href=\"https:\/\/noticiasbahia360.com.br\/?cat=9\" rel=\"category\">Brasil<\/a> <a href=\"https:\/\/noticiasbahia360.com.br\/?cat=6\" rel=\"category\">Feira de Santana<\/a> <a href=\"https:\/\/noticiasbahia360.com.br\/?cat=57\" rel=\"category\">Mundo<\/a> <a href=\"https:\/\/noticiasbahia360.com.br\/?cat=56\" rel=\"category\">Pol\u00edcia<\/a> <a href=\"https:\/\/noticiasbahia360.com.br\/?cat=10\" rel=\"category\">Pol\u00edtica<\/a>","tag_info":"Pol\u00edtica","comment_count":"0","_links":{"self":[{"href":"https:\/\/noticiasbahia360.com.br\/index.php?rest_route=\/wp\/v2\/posts\/91937","targetHints":{"allow":["GET"]}}],"collection":[{"href":"https:\/\/noticiasbahia360.com.br\/index.php?rest_route=\/wp\/v2\/posts"}],"about":[{"href":"https:\/\/noticiasbahia360.com.br\/index.php?rest_route=\/wp\/v2\/types\/post"}],"author":[{"embeddable":true,"href":"https:\/\/noticiasbahia360.com.br\/index.php?rest_route=\/wp\/v2\/users\/1"}],"replies":[{"embeddable":true,"href":"https:\/\/noticiasbahia360.com.br\/index.php?rest_route=%2Fwp%2Fv2%2Fcomments&post=91937"}],"version-history":[{"count":0,"href":"https:\/\/noticiasbahia360.com.br\/index.php?rest_route=\/wp\/v2\/posts\/91937\/revisions"}],"wp:featuredmedia":[{"embeddable":true,"href":"https:\/\/noticiasbahia360.com.br\/index.php?rest_route=\/wp\/v2\/media\/91938"}],"wp:attachment":[{"href":"https:\/\/noticiasbahia360.com.br\/index.php?rest_route=%2Fwp%2Fv2%2Fmedia&parent=91937"}],"wp:term":[{"taxonomy":"category","embeddable":true,"href":"https:\/\/noticiasbahia360.com.br\/index.php?rest_route=%2Fwp%2Fv2%2Fcategories&post=91937"},{"taxonomy":"post_tag","embeddable":true,"href":"https:\/\/noticiasbahia360.com.br\/index.php?rest_route=%2Fwp%2Fv2%2Ftags&post=91937"}],"curies":[{"name":"wp","href":"https:\/\/api.w.org\/{rel}","templated":true}]}}