{"id":91941,"date":"2025-07-03T08:26:40","date_gmt":"2025-07-03T11:26:40","guid":{"rendered":"https:\/\/noticiasbahia360.com.br\/?p=91941"},"modified":"2025-07-03T08:26:40","modified_gmt":"2025-07-03T11:26:40","slug":"presidente-lula-destaca-papel-da-bahia-na-industria-automobilistica-nacional","status":"publish","type":"post","link":"https:\/\/noticiasbahia360.com.br\/?p=91941","title":{"rendered":"Presidente Lula destaca papel da Bahia na ind\u00fastria automobil\u00edstica nacional"},"content":{"rendered":"<div>\n<div>\n<figure><img decoding=\"async\" src=\"http:\/\/noticiasbahia360.com.br\/wp-content\/uploads\/2025\/07\/Presidente-Lula-na-Bahia-.webp\" alt=\"Presidente Lula na Bahia\"><figcaption>Foto: Ricardo Stuckert \/ PR<\/figcaption><\/figure>\n<\/div>\n<p>Durante entrevista ao Jornal da Manh\u00e3, na Bahia, na quarta-feira, 2 de julho, o presidente <a href=\"https:\/\/www.acordacidade.com.br\/tag\/lula\/\">Luiz In\u00e1cio Lula da Silva<\/a> destacou o papel estrat\u00e9gico da Bahia na retomada da ind\u00fastria automobil\u00edstica nacional. A instala\u00e7\u00e3o da montadora chinesa BYD no Polo Industrial de Cama\u00e7ari, no local onde funcionava o complexo da Ford, marca a nova fase de industrializa\u00e7\u00e3o e moderniza\u00e7\u00e3o do pa\u00eds.<\/p>\n<p>\u201cPouca gente esperava que, depois da falta de respeito da Ford com a Bahia e com o Brasil, a gente fosse colocar no mesmo lugar uma empresa chinesa para fazer uma revolu\u00e7\u00e3o na ind\u00fastria automobil\u00edstica brasileira. \u00c9 isso que a BYD est\u00e1 fazendo\u201d, afirmou.<\/p>\n<p>Com investimento de R$ 5,5 bilh\u00f5es, a f\u00e1brica da BYD est\u00e1 em fase de testes e deve iniciar a produ\u00e7\u00e3o ainda em 2025. Ter\u00e1 capacidade inicial de 150 mil ve\u00edculos por ano, podendo chegar a 300 mil. Para o presidente, a chegada da montadora estimula a competitividade. \u201cDepois que a BYD se instalou na Bahia, recebi an\u00fancio de R$ 130 bilh\u00f5es em novos investimentos da ind\u00fastria automobil\u00edstica no Brasil inteiro. Isso n\u00e3o acontecia h\u00e1 mais de 10 anos\u201d, destacou.<\/p>\n<p>De acordo com o presidente Lula, o plano \u00e9 que a BYD amplie a produ\u00e7\u00e3o de pe\u00e7as e, futuramente, fabrique os carros integralmente no Brasil. \u201cN\u00f3s j\u00e1 temos muito investimento, muito carro novo. A disputa sobre quem vai ser o melhor carro el\u00e9trico e quem vai ser o carro h\u00edbrido \u00e9 uma coisa extraordin\u00e1ria. A Bahia merece. Quando a Ford foi embora, ficou um vazio em Cama\u00e7ari. A BYD traz vida ao desenvolvimento industrial no estado\u201d, completou.<\/p>\n<h2 class=\"wp-block-heading\" id=\"h-desenvolvimento\">Desenvolvimento <\/h2>\n<p>Durante a entrevista, o presidente Lula destacou investimentos estruturantes do Novo PAC na Bahia. Ao todo, s\u00e3o R$ 105 bilh\u00f5es previstos at\u00e9 2030 \u2014 o maior volume entre os estados do Nordeste. Dos R$ 65,6 bilh\u00f5es previstos at\u00e9 o fim de 2026, R$ 32,7 bilh\u00f5es j\u00e1 foram executados, ou quase metade do total. Outros R$ 39,3 bilh\u00f5es est\u00e3o projetados para o per\u00edodo p\u00f3s-2026.<\/p>\n<p>Entre os principais projetos est\u00e1 a constru\u00e7\u00e3o da Ponte Salvador-Itaparica. Com 12,4 km de extens\u00e3o sobre a Ba\u00eda de Todos os Santos, ser\u00e1 a maior da Am\u00e9rica Latina sobre l\u00e2mina d\u2019\u00e1gua e parte de um sistema vi\u00e1rio de mais de 46 km. \u201cA nossa ponte est\u00e1 acertada, vai ser constru\u00edda. O estudo j\u00e1 est\u00e1 pronto e ser\u00e1 um investimento de R$ 11 bilh\u00f5es. Vai ser uma revolu\u00e7\u00e3o para o desenvolvimento da Bahia\u201d, disse o presidente.<\/p>\n<p>Al\u00e9m da ponte, o Novo PAC inclui obras de adutoras, irriga\u00e7\u00e3o, habita\u00e7\u00e3o, sa\u00fade e educa\u00e7\u00e3o no estado. At\u00e9 2030, est\u00e3o previstos 2.201 empreendimentos no estado, entre obras de infraestrutura, habita\u00e7\u00e3o, sa\u00fade, educa\u00e7\u00e3o e inclus\u00e3o digital. Desse total, 377 j\u00e1 foram conclu\u00eddos, 600 est\u00e3o em fase de execu\u00e7\u00e3o e 926 em fase preparat\u00f3ria, incluindo mais de 73 mil unidades do Minha Casa, Minha Vida. \u201cTemos um PAC poderoso na Bahia\u201d.<\/p>\n<p><em>Siga o Acorda Cidade no<\/em><a href=\"https:\/\/news.google.com\/search?q=acorda%20cidade&amp;hl=pt-BR&amp;gl=BR&amp;ceid=BR%3Apt-419\"><strong><em>\u00a0Google Not\u00edcias<\/em><\/strong><\/a><em>\u00a0e receba os principais destaques do dia. Participe tamb\u00e9m dos nossos canais no\u00a0<\/em><a href=\"https:\/\/www.whatsapp.com\/channel\/0029Va6Rb4v3WHTNnsh8WI3N\"><strong><em>WhatsApp<\/em><\/strong><\/a><em>\u00a0e\u00a0<\/em><a href=\"https:\/\/www.youtube.com\/@acordacidadenoticias\/videos\"><strong>Youtube<\/strong><\/a><em>\u00a0e grupo de\u00a0<\/em><a href=\"https:\/\/t.me\/+sSz0khrgARA0ZmRh\"><strong><em>Telegram<\/em><\/strong><\/a><em>.<\/em><\/p>\n<\/div>\n","protected":false},"excerpt":{"rendered":"<div>\n<div>\n<figure><img decoding=\"async\" src=\"https:\/\/uploads.acordacidade.com.br\/2025\/07\/Presidente-Lula-na-Bahia-.webp\" alt=\"Presidente Lula na Bahia\"><figcaption>Foto: Ricardo Stuckert \/ PR<\/figcaption><\/figure>\n<\/div>\n<p>Presidente reafirma compromisso com o desenvolvimento do estado, que tem R$ 105 bilh\u00f5es em investimentos do Novo PAC.<\/p><\/div>\n","protected":false},"author":1,"featured_media":91942,"comment_status":"closed","ping_status":"closed","sticky":false,"template":"","format":"gallery","meta":{"footnotes":""},"categories":[8,9,6,57,56,10],"tags":[],"class_list":["post-91941","post","type-post","status-publish","format-gallery","has-post-thumbnail","hentry","category-bahia","category-brasil","category-feira-de-santana","category-mundo","category-policia","category-politica","post_format-post-format-gallery"],"featured_image_urls":{"full":["https:\/\/noticiasbahia360.com.br\/wp-content\/uploads\/2025\/07\/Presidente-Lula-na-Bahia-.webp",1200,800,false],"thumbnail":["https:\/\/noticiasbahia360.com.br\/wp-content\/uploads\/2025\/07\/Presidente-Lula-na-Bahia--150x150.webp",150,150,true],"medium":["https:\/\/noticiasbahia360.com.br\/wp-content\/uploads\/2025\/07\/Presidente-Lula-na-Bahia--300x200.webp",300,200,true],"medium_large":["https:\/\/noticiasbahia360.com.br\/wp-content\/uploads\/2025\/07\/Presidente-Lula-na-Bahia--768x512.webp",640,427,true],"large":["https:\/\/noticiasbahia360.com.br\/wp-content\/uploads\/2025\/07\/Presidente-Lula-na-Bahia--1024x683.webp",640,427,true],"1536x1536":["https:\/\/noticiasbahia360.com.br\/wp-content\/uploads\/2025\/07\/Presidente-Lula-na-Bahia-.webp",1200,800,false],"2048x2048":["https:\/\/noticiasbahia360.com.br\/wp-content\/uploads\/2025\/07\/Presidente-Lula-na-Bahia-.webp",1200,800,false],"chromenews-featured":["https:\/\/noticiasbahia360.com.br\/wp-content\/uploads\/2025\/07\/Presidente-Lula-na-Bahia--1024x683.webp",1024,683,true],"chromenews-large":["https:\/\/noticiasbahia360.com.br\/wp-content\/uploads\/2025\/07\/Presidente-Lula-na-Bahia--825x575.webp",825,575,true],"chromenews-medium":["https:\/\/noticiasbahia360.com.br\/wp-content\/uploads\/2025\/07\/Presidente-Lula-na-Bahia--590x410.webp",590,410,true]},"author_info":{"display_name":"noticiasbahia360.com.br","author_link":"https:\/\/noticiasbahia360.com.br\/?author=1"},"category_info":"<a href=\"https:\/\/noticiasbahia360.com.br\/?cat=8\" rel=\"category\">Bahia<\/a> <a href=\"https:\/\/noticiasbahia360.com.br\/?cat=9\" rel=\"category\">Brasil<\/a> <a href=\"https:\/\/noticiasbahia360.com.br\/?cat=6\" rel=\"category\">Feira de Santana<\/a> <a href=\"https:\/\/noticiasbahia360.com.br\/?cat=57\" rel=\"category\">Mundo<\/a> <a href=\"https:\/\/noticiasbahia360.com.br\/?cat=56\" rel=\"category\">Pol\u00edcia<\/a> <a href=\"https:\/\/noticiasbahia360.com.br\/?cat=10\" rel=\"category\">Pol\u00edtica<\/a>","tag_info":"Pol\u00edtica","comment_count":"0","_links":{"self":[{"href":"https:\/\/noticiasbahia360.com.br\/index.php?rest_route=\/wp\/v2\/posts\/91941","targetHints":{"allow":["GET"]}}],"collection":[{"href":"https:\/\/noticiasbahia360.com.br\/index.php?rest_route=\/wp\/v2\/posts"}],"about":[{"href":"https:\/\/noticiasbahia360.com.br\/index.php?rest_route=\/wp\/v2\/types\/post"}],"author":[{"embeddable":true,"href":"https:\/\/noticiasbahia360.com.br\/index.php?rest_route=\/wp\/v2\/users\/1"}],"replies":[{"embeddable":true,"href":"https:\/\/noticiasbahia360.com.br\/index.php?rest_route=%2Fwp%2Fv2%2Fcomments&post=91941"}],"version-history":[{"count":0,"href":"https:\/\/noticiasbahia360.com.br\/index.php?rest_route=\/wp\/v2\/posts\/91941\/revisions"}],"wp:featuredmedia":[{"embeddable":true,"href":"https:\/\/noticiasbahia360.com.br\/index.php?rest_route=\/wp\/v2\/media\/91942"}],"wp:attachment":[{"href":"https:\/\/noticiasbahia360.com.br\/index.php?rest_route=%2Fwp%2Fv2%2Fmedia&parent=91941"}],"wp:term":[{"taxonomy":"category","embeddable":true,"href":"https:\/\/noticiasbahia360.com.br\/index.php?rest_route=%2Fwp%2Fv2%2Fcategories&post=91941"},{"taxonomy":"post_tag","embeddable":true,"href":"https:\/\/noticiasbahia360.com.br\/index.php?rest_route=%2Fwp%2Fv2%2Ftags&post=91941"}],"curies":[{"name":"wp","href":"https:\/\/api.w.org\/{rel}","templated":true}]}}