{"id":91943,"date":"2025-07-03T08:31:42","date_gmt":"2025-07-03T11:31:42","guid":{"rendered":"https:\/\/noticiasbahia360.com.br\/?p=91943"},"modified":"2025-07-03T08:31:42","modified_gmt":"2025-07-03T11:31:42","slug":"capela-do-alto-alegre-realiza-xi-expocapela-2025-de-18-a-20-de-julho","status":"publish","type":"post","link":"https:\/\/noticiasbahia360.com.br\/?p=91943","title":{"rendered":"Capela do Alto Alegre realiza XI ExpoCapela 2025 de 18 a 20 de julho"},"content":{"rendered":"<div>\n<div>\n<figure><img decoding=\"async\" src=\"http:\/\/noticiasbahia360.com.br\/wp-content\/uploads\/2025\/07\/ExpoCapela.webp\" alt=\"ExpoCapela\"><figcaption>Foto: Divulga\u00e7\u00e3o<\/figcaption><\/figure>\n<\/div>\n<p>A Prefeitura Municipal de <a href=\"https:\/\/www.acordacidade.com.br\/tag\/capela-do-alto-alegre\/\">Capela do Alto Alegre<\/a>, por meio da Secretaria Municipal de Desenvolvimento Econ\u00f4mico e Meio Ambiente, est\u00e1 se preparando para realizar mais uma edi\u00e7\u00e3o da tradicional ExpoCapela, um dos maiores eventos agropecu\u00e1rios da regi\u00e3o. A feira est\u00e1 marcada para os dias 18, 19 e 20 de julho de 2025, no Centro de Comercializa\u00e7\u00e3o de Animais \u2013 Ivon\u00e9lio Ferreira de Almeida, conhecido como \u201cCurral\u201d.<\/p>\n<p>Em sua d\u00e9cima primeira edi\u00e7\u00e3o, a ExpoCapela 2025 promete movimentar o munic\u00edpio com uma programa\u00e7\u00e3o intensa que inclui o Torneio Leiteiro Bovino e Caprino, julgamento de ra\u00e7as, al\u00e9m de atividades culturais, momentos de lazer e muito entretenimento. Este ano, ser\u00e3o distribu\u00eddos R$ 25 mil em premia\u00e7\u00f5es, fortalecendo ainda mais o incentivo aos produtores locais e \u00e0 valoriza\u00e7\u00e3o da agricultura familiar e da economia solid\u00e1ria.<\/p>\n<p>Com patroc\u00ednio do Governo do Estado da Bahia, Cooaf, Banco do Nordeste e Governo Federal, a feira refor\u00e7a o compromisso da gest\u00e3o com o setor rural. O prefeito Romeu Mascarenhas, em nome da Prefeitura, convida todos os criadores, expositores e visitantes a participarem dessa grande celebra\u00e7\u00e3o da for\u00e7a do campo.<\/p>\n<p>Sobre o Munic\u00edpio: Capela do Alto Alegre-Ba (10.744 habitantes \u2013 IBGE 2022), situada a 250 km de Salvador-Ba (e a 137 km de Feira de Santana-Ba, segunda principal cidade do estado) tem na agropecu\u00e1ria uma de suas principais voca\u00e7\u00f5es econ\u00f4micas, e a ExpoCapela se consolida como um dos principais eventos do calend\u00e1rio rural da Bahia.<\/p>\n<p><em>Siga o Acorda Cidade no<\/em><a href=\"https:\/\/news.google.com\/search?q=acorda%20cidade&amp;hl=pt-BR&amp;gl=BR&amp;ceid=BR%3Apt-419\"><strong><em>\u00a0Google Not\u00edcias<\/em><\/strong><\/a><em>\u00a0e receba os principais destaques do dia. Participe tamb\u00e9m dos nossos canais no\u00a0<\/em><a href=\"https:\/\/www.whatsapp.com\/channel\/0029Va6Rb4v3WHTNnsh8WI3N\"><strong><em>WhatsApp<\/em><\/strong><\/a><em>\u00a0e\u00a0<\/em><a href=\"https:\/\/www.youtube.com\/@acordacidadenoticias\/videos\"><strong>Youtube<\/strong><\/a><em>\u00a0e grupo de\u00a0<\/em><a href=\"https:\/\/t.me\/+sSz0khrgARA0ZmRh\"><strong><em>Telegram<\/em><\/strong><\/a><em>.<\/em><\/p>\n<\/div>\n","protected":false},"excerpt":{"rendered":"<div>\n<div>\n<figure><img decoding=\"async\" src=\"https:\/\/uploads.acordacidade.com.br\/2025\/07\/ExpoCapela.webp\" alt=\"ExpoCapela\"><figcaption>Foto: Divulga\u00e7\u00e3o<\/figcaption><\/figure>\n<\/div>\n<p>A ExpoCapela 2025 promete movimentar o munic\u00edpio com uma programa\u00e7\u00e3o intensa que inclui o Torneio Leiteiro Bovino e Caprino, julgamento de ra\u00e7as, al\u00e9m de atividades culturais, momentos de lazer e muito entretenimento.<\/p><\/div>\n","protected":false},"author":1,"featured_media":91944,"comment_status":"closed","ping_status":"closed","sticky":false,"template":"","format":"gallery","meta":{"footnotes":""},"categories":[8,9,6,57,56,10],"tags":[],"class_list":["post-91943","post","type-post","status-publish","format-gallery","has-post-thumbnail","hentry","category-bahia","category-brasil","category-feira-de-santana","category-mundo","category-policia","category-politica","post_format-post-format-gallery"],"featured_image_urls":{"full":["https:\/\/noticiasbahia360.com.br\/wp-content\/uploads\/2025\/07\/ExpoCapela.webp",1200,608,false],"thumbnail":["https:\/\/noticiasbahia360.com.br\/wp-content\/uploads\/2025\/07\/ExpoCapela-150x150.webp",150,150,true],"medium":["https:\/\/noticiasbahia360.com.br\/wp-content\/uploads\/2025\/07\/ExpoCapela-300x152.webp",300,152,true],"medium_large":["https:\/\/noticiasbahia360.com.br\/wp-content\/uploads\/2025\/07\/ExpoCapela-768x389.webp",640,324,true],"large":["https:\/\/noticiasbahia360.com.br\/wp-content\/uploads\/2025\/07\/ExpoCapela-1024x519.webp",640,324,true],"1536x1536":["https:\/\/noticiasbahia360.com.br\/wp-content\/uploads\/2025\/07\/ExpoCapela.webp",1200,608,false],"2048x2048":["https:\/\/noticiasbahia360.com.br\/wp-content\/uploads\/2025\/07\/ExpoCapela.webp",1200,608,false],"chromenews-featured":["https:\/\/noticiasbahia360.com.br\/wp-content\/uploads\/2025\/07\/ExpoCapela-1024x519.webp",1024,519,true],"chromenews-large":["https:\/\/noticiasbahia360.com.br\/wp-content\/uploads\/2025\/07\/ExpoCapela-825x575.webp",825,575,true],"chromenews-medium":["https:\/\/noticiasbahia360.com.br\/wp-content\/uploads\/2025\/07\/ExpoCapela-590x410.webp",590,410,true]},"author_info":{"display_name":"noticiasbahia360.com.br","author_link":"https:\/\/noticiasbahia360.com.br\/?author=1"},"category_info":"<a href=\"https:\/\/noticiasbahia360.com.br\/?cat=8\" rel=\"category\">Bahia<\/a> <a href=\"https:\/\/noticiasbahia360.com.br\/?cat=9\" rel=\"category\">Brasil<\/a> <a href=\"https:\/\/noticiasbahia360.com.br\/?cat=6\" rel=\"category\">Feira de Santana<\/a> <a href=\"https:\/\/noticiasbahia360.com.br\/?cat=57\" rel=\"category\">Mundo<\/a> <a href=\"https:\/\/noticiasbahia360.com.br\/?cat=56\" rel=\"category\">Pol\u00edcia<\/a> <a href=\"https:\/\/noticiasbahia360.com.br\/?cat=10\" rel=\"category\">Pol\u00edtica<\/a>","tag_info":"Pol\u00edtica","comment_count":"0","_links":{"self":[{"href":"https:\/\/noticiasbahia360.com.br\/index.php?rest_route=\/wp\/v2\/posts\/91943","targetHints":{"allow":["GET"]}}],"collection":[{"href":"https:\/\/noticiasbahia360.com.br\/index.php?rest_route=\/wp\/v2\/posts"}],"about":[{"href":"https:\/\/noticiasbahia360.com.br\/index.php?rest_route=\/wp\/v2\/types\/post"}],"author":[{"embeddable":true,"href":"https:\/\/noticiasbahia360.com.br\/index.php?rest_route=\/wp\/v2\/users\/1"}],"replies":[{"embeddable":true,"href":"https:\/\/noticiasbahia360.com.br\/index.php?rest_route=%2Fwp%2Fv2%2Fcomments&post=91943"}],"version-history":[{"count":0,"href":"https:\/\/noticiasbahia360.com.br\/index.php?rest_route=\/wp\/v2\/posts\/91943\/revisions"}],"wp:featuredmedia":[{"embeddable":true,"href":"https:\/\/noticiasbahia360.com.br\/index.php?rest_route=\/wp\/v2\/media\/91944"}],"wp:attachment":[{"href":"https:\/\/noticiasbahia360.com.br\/index.php?rest_route=%2Fwp%2Fv2%2Fmedia&parent=91943"}],"wp:term":[{"taxonomy":"category","embeddable":true,"href":"https:\/\/noticiasbahia360.com.br\/index.php?rest_route=%2Fwp%2Fv2%2Fcategories&post=91943"},{"taxonomy":"post_tag","embeddable":true,"href":"https:\/\/noticiasbahia360.com.br\/index.php?rest_route=%2Fwp%2Fv2%2Ftags&post=91943"}],"curies":[{"name":"wp","href":"https:\/\/api.w.org\/{rel}","templated":true}]}}