{"id":91945,"date":"2025-07-03T08:45:08","date_gmt":"2025-07-03T11:45:08","guid":{"rendered":"https:\/\/noticiasbahia360.com.br\/?p=91945"},"modified":"2025-07-03T08:45:08","modified_gmt":"2025-07-03T11:45:08","slug":"museu-antares-realiza-sabado-interativo-com-oficinas-de-ciencia-e-astronomia-para-criancas-e-jovens","status":"publish","type":"post","link":"https:\/\/noticiasbahia360.com.br\/?p=91945","title":{"rendered":"Museu Antares realiza s\u00e1bado interativo com oficinas de ci\u00eancia e astronomia para crian\u00e7as e jovens"},"content":{"rendered":"<div>\n<div>\n<figure><img decoding=\"async\" src=\"http:\/\/noticiasbahia360.com.br\/wp-content\/uploads\/2025\/07\/45958.webp\" alt=\"Observat\u00f3rio Antares\"><figcaption>Observat\u00f3rio Antares | Ilustrativa | Foto: Divulga\u00e7\u00e3o\/ Uefs<\/figcaption><\/figure>\n<\/div>\n<p>O Observat\u00f3rio Astron\u00f4mico Antares, em Feira de Santana, vai transformar o pr\u00f3ximo s\u00e1bado (5) em uma jornada pelo conhecimento cient\u00edfico com o projeto \u201c<strong>S\u00e1bado no Museu Antares \u2013 Da Alexandria ao C\u00e9u: A Ci\u00eancia de Erat\u00f3stenes\u201d<\/strong>. Voltado para crian\u00e7as e jovens de 3 a 13 anos, o evento promete uma manh\u00e3 repleta de descobertas, curiosidades e divers\u00e3o.<\/p>\n<p><strong>A programa\u00e7\u00e3o inclui oficinas educativas divididas por faixa et\u00e1ria \u2014 de 3 a 6 anos e de 7 a 13 anos<\/strong> \u2014 com atividades l\u00fadicas e interativas que buscam estimular o pensamento cient\u00edfico, a criatividade e o interesse pelas ci\u00eancias e pela astronomia desde cedo.<\/p>\n<p><strong>As atividades acontecem na sede do Observat\u00f3rio, localizado na Rua da Barra, n\u00ba 925, no bairro Jardim Cruzeiro.<\/strong> A proposta \u00e9 proporcionar um ambiente acolhedor e inspirador, onde os pequenos possam explorar o universo de forma pr\u00e1tica e divertida.<\/p>\n<p>O evento \u00e9 gratuito e aberto ao p\u00fablico. Uma oportunidade imperd\u00edvel para despertar a imagina\u00e7\u00e3o e aproximar crian\u00e7as e jovens dos mist\u00e9rios do cosmos.<\/p>\n<p>Ao Acorda Cidade, Lise Marcelino Souza, muse\u00f3loga do Antares convidou a comunidade e falou mais sobre o evento. <\/p>\n<p>\u201cO tema desta edi\u00e7\u00e3o \u00e9 falar um pouco sobre as descobertas e a vida de Erast\u00f3stenes, um grande astr\u00f4nomo, matem\u00e1tico, ge\u00f3grafo, poeta e fil\u00f3sofo da Gr\u00e9cia Antiga. Entre suas contribui\u00e7\u00f5es mais incr\u00edveis est\u00e1 a descoberta de que a Terra \u00e9 redonda, algo que ele comprovou h\u00e1 mais de dois mil anos, usando apenas observa\u00e7\u00f5es do Sol e c\u00e1lculos da sombra. Contamos com a participa\u00e7\u00e3o de todos voc\u00eas para ter uma tarde l\u00fadica, divertida e interativa\u201d, disse a muse\u00f3loga.<\/p>\n<p>As inscri\u00e7\u00f5es podem ser realizadas no neste link aqui.<\/p>\n<figure class=\"wp-block-image size-large\"><img fetchpriority=\"high\" data-dominant-color=\"c6cac2\" data-has-transparency=\"false\" style=\"--dominant-color: #c6cac2;\" fetchpriority=\"high\" decoding=\"async\" width=\"615\" height=\"768\" sizes=\"(max-width: 615px) 100vw, 615px\" src=\"http:\/\/noticiasbahia360.com.br\/wp-content\/uploads\/2025\/07\/oficina-no-Antares-615x768-1.webp\" alt=\"oficina no Antares\" class=\"wp-image-571026 not-transparent\" srcset=\"https:\/\/uploads.acordacidade.com.br\/2025\/07\/oficina-no-Antares-292x365.webp 292w, http:\/\/noticiasbahia360.com.br\/wp-content\/uploads\/2025\/07\/oficina-no-Antares-615x768-1.webp 615w, https:\/\/uploads.acordacidade.com.br\/2025\/07\/oficina-no-Antares-443x553.webp 443w, https:\/\/uploads.acordacidade.com.br\/2025\/07\/oficina-no-Antares-150x187.webp 150w, https:\/\/uploads.acordacidade.com.br\/2025\/07\/oficina-no-Antares.webp 1200w\"><figcaption class=\"wp-element-caption\">Foto: Divulga\u00e7\u00e3o<\/figcaption><\/figure>\n<p><em>Siga o Acorda Cidade no<\/em><a href=\"https:\/\/news.google.com\/search?q=acorda%20cidade&amp;hl=pt-BR&amp;gl=BR&amp;ceid=BR%3Apt-419\"><strong><em>\u00a0Google Not\u00edcias<\/em><\/strong><\/a><em>\u00a0e receba os principais destaques do dia. Participe tamb\u00e9m dos nossos canais no\u00a0<\/em><a href=\"https:\/\/www.whatsapp.com\/channel\/0029Va6Rb4v3WHTNnsh8WI3N\"><strong><em>WhatsApp<\/em><\/strong><\/a><em>\u00a0e\u00a0<\/em><a href=\"https:\/\/www.youtube.com\/@acordacidadenoticias\/videos\"><strong>Youtube<\/strong><\/a><em>\u00a0e grupo de\u00a0<\/em><a href=\"https:\/\/t.me\/+sSz0khrgARA0ZmRh\"><strong><em>Telegram<\/em><\/strong><\/a><em>.<\/em><\/p>\n<\/div>\n","protected":false},"excerpt":{"rendered":"<div>\n<div>\n<figure><img decoding=\"async\" src=\"https:\/\/uploads.acordacidade.com.br\/wp-content\/uploads\/2022\/07\/12145818\/45958.webp\" alt=\"Observat\u00f3rio Antares\"><figcaption>Observat\u00f3rio Antares | Ilustrativa | Foto: Divulga\u00e7\u00e3o\/ Uefs<\/figcaption><\/figure>\n<\/div>\n<p>A programa\u00e7\u00e3o inclui oficinas educativas divididas por faixa et\u00e1ria \u2014 de 3 a 6 anos e de 7 a 13 anos.<\/p><\/div>\n","protected":false},"author":1,"featured_media":91946,"comment_status":"closed","ping_status":"closed","sticky":false,"template":"","format":"gallery","meta":{"footnotes":""},"categories":[8,9,6,57,56,10],"tags":[],"class_list":["post-91945","post","type-post","status-publish","format-gallery","has-post-thumbnail","hentry","category-bahia","category-brasil","category-feira-de-santana","category-mundo","category-policia","category-politica","post_format-post-format-gallery"],"featured_image_urls":{"full":["https:\/\/noticiasbahia360.com.br\/wp-content\/uploads\/2025\/07\/45958.webp",640,428,false],"thumbnail":["https:\/\/noticiasbahia360.com.br\/wp-content\/uploads\/2025\/07\/45958-150x150.webp",150,150,true],"medium":["https:\/\/noticiasbahia360.com.br\/wp-content\/uploads\/2025\/07\/45958-300x201.webp",300,201,true],"medium_large":["https:\/\/noticiasbahia360.com.br\/wp-content\/uploads\/2025\/07\/45958.webp",640,428,false],"large":["https:\/\/noticiasbahia360.com.br\/wp-content\/uploads\/2025\/07\/45958.webp",640,428,false],"1536x1536":["https:\/\/noticiasbahia360.com.br\/wp-content\/uploads\/2025\/07\/45958.webp",640,428,false],"2048x2048":["https:\/\/noticiasbahia360.com.br\/wp-content\/uploads\/2025\/07\/45958.webp",640,428,false],"chromenews-featured":["https:\/\/noticiasbahia360.com.br\/wp-content\/uploads\/2025\/07\/45958.webp",640,428,false],"chromenews-large":["https:\/\/noticiasbahia360.com.br\/wp-content\/uploads\/2025\/07\/45958.webp",640,428,false],"chromenews-medium":["https:\/\/noticiasbahia360.com.br\/wp-content\/uploads\/2025\/07\/45958-590x410.webp",590,410,true]},"author_info":{"display_name":"noticiasbahia360.com.br","author_link":"https:\/\/noticiasbahia360.com.br\/?author=1"},"category_info":"<a href=\"https:\/\/noticiasbahia360.com.br\/?cat=8\" rel=\"category\">Bahia<\/a> <a href=\"https:\/\/noticiasbahia360.com.br\/?cat=9\" rel=\"category\">Brasil<\/a> <a href=\"https:\/\/noticiasbahia360.com.br\/?cat=6\" rel=\"category\">Feira de Santana<\/a> <a href=\"https:\/\/noticiasbahia360.com.br\/?cat=57\" rel=\"category\">Mundo<\/a> <a href=\"https:\/\/noticiasbahia360.com.br\/?cat=56\" rel=\"category\">Pol\u00edcia<\/a> <a href=\"https:\/\/noticiasbahia360.com.br\/?cat=10\" rel=\"category\">Pol\u00edtica<\/a>","tag_info":"Pol\u00edtica","comment_count":"0","_links":{"self":[{"href":"https:\/\/noticiasbahia360.com.br\/index.php?rest_route=\/wp\/v2\/posts\/91945","targetHints":{"allow":["GET"]}}],"collection":[{"href":"https:\/\/noticiasbahia360.com.br\/index.php?rest_route=\/wp\/v2\/posts"}],"about":[{"href":"https:\/\/noticiasbahia360.com.br\/index.php?rest_route=\/wp\/v2\/types\/post"}],"author":[{"embeddable":true,"href":"https:\/\/noticiasbahia360.com.br\/index.php?rest_route=\/wp\/v2\/users\/1"}],"replies":[{"embeddable":true,"href":"https:\/\/noticiasbahia360.com.br\/index.php?rest_route=%2Fwp%2Fv2%2Fcomments&post=91945"}],"version-history":[{"count":0,"href":"https:\/\/noticiasbahia360.com.br\/index.php?rest_route=\/wp\/v2\/posts\/91945\/revisions"}],"wp:featuredmedia":[{"embeddable":true,"href":"https:\/\/noticiasbahia360.com.br\/index.php?rest_route=\/wp\/v2\/media\/91946"}],"wp:attachment":[{"href":"https:\/\/noticiasbahia360.com.br\/index.php?rest_route=%2Fwp%2Fv2%2Fmedia&parent=91945"}],"wp:term":[{"taxonomy":"category","embeddable":true,"href":"https:\/\/noticiasbahia360.com.br\/index.php?rest_route=%2Fwp%2Fv2%2Fcategories&post=91945"},{"taxonomy":"post_tag","embeddable":true,"href":"https:\/\/noticiasbahia360.com.br\/index.php?rest_route=%2Fwp%2Fv2%2Ftags&post=91945"}],"curies":[{"name":"wp","href":"https:\/\/api.w.org\/{rel}","templated":true}]}}