{"id":91948,"date":"2025-07-03T09:01:39","date_gmt":"2025-07-03T12:01:39","guid":{"rendered":"https:\/\/noticiasbahia360.com.br\/?p=91948"},"modified":"2025-07-03T09:01:39","modified_gmt":"2025-07-03T12:01:39","slug":"bando-anunciador-2025-veja-o-que-sera-proibido-no-circuito-da-festa","status":"publish","type":"post","link":"https:\/\/noticiasbahia360.com.br\/?p=91948","title":{"rendered":"Bando Anunciador 2025: veja o que ser\u00e1 proibido no circuito da festa"},"content":{"rendered":"<div>\n<div>\n<figure><img decoding=\"async\" src=\"http:\/\/noticiasbahia360.com.br\/wp-content\/uploads\/2025\/07\/Bando-anunciador-2023-foto-ed-santos-acorda-cidade-Feira-de-Santana.jpg\" alt=\"Bando Anunciador 2023 em Feira de Santana Bahia\"><figcaption>Foto: Ed Santos\/Acorda Cidade<\/figcaption><\/figure>\n<\/div>\n<p>A <a href=\"https:\/\/www.acordacidade.com.br\/tag\/prefeitura-de-feira-de-santana\/\">Prefeitura de Feira de Santana<\/a> divulgou, na edi\u00e7\u00e3o do Di\u00e1rio Oficial de quarta-feira (2), a proibi\u00e7\u00e3o da comercializa\u00e7\u00e3o e uso de determinados produtos no circuito dos festejos do Bando Anunciador da Festa de Senhora Santana, que ser\u00e1 realizado no pr\u00f3ximo domingo (6).<\/p>\n<p>Segundo a publica\u00e7\u00e3o, as proibi\u00e7\u00f5es visam \u00e0 necessidade de evitar excessos de quaisquer ordens. <strong>Ficam proibidos, no circuito do Bando Anunciador, os seguintes itens:<\/strong><\/p>\n<ul class=\"wp-block-list\">\n<li>Churrasquinho no espeto;<\/li>\n<li>Bebidas em garrafas de vidro;<\/li>\n<li>Copos de vidro;<\/li>\n<li>Churrasqueiras e\/ou fogareiros;<\/li>\n<li>Circula\u00e7\u00e3o de carrinhos de m\u00e3o e pranch\u00e3o;<\/li>\n<li>Objetos perfuro-cortantes;<\/li>\n<li>Coolers, caixas t\u00e9rmicas e similares com finalidade comercial;<\/li>\n<li>Mesas e cadeiras de ferro e\/ou madeira.<\/li>\n<\/ul>\n<h3 class=\"wp-block-heading\" id=\"h-alem-disso-o-decreto-ainda-preve-a-proibicao-de\">Al\u00e9m disso, o decreto ainda prev\u00ea a proibi\u00e7\u00e3o de:<\/h3>\n<ul class=\"wp-block-list\">\n<li>Utiliza\u00e7\u00e3o de <a href=\"https:\/\/www.acordacidade.com.br\/tag\/fogos-de-artificio\/\">fogos de artif\u00edcio<\/a>, serpentinas met\u00e1licas e similares;<\/li>\n<li>Venda de bebidas alco\u00f3licas a menores de 18 anos;<\/li>\n<li>Trabalho de menores de 18 anos;<\/li>\n<li>Comercializa\u00e7\u00e3o de <a href=\"https:\/\/www.acordacidade.com.br\/tag\/bebidas\/\">bebidas <\/a>artesanais, popularmente conhecidas como cravinho e pr\u00edncipe maluco;<\/li>\n<li>Utiliza\u00e7\u00e3o de carros de som e qualquer outro equipamento de som automotivo ao longo do percurso.<\/li>\n<\/ul>\n<p>De acordo com a publica\u00e7\u00e3o, em caso de descumprimento, ser\u00e3o aplicadas as penalidades de multa e apreens\u00e3o de mercadoria, conforme a Lei Municipal n\u00ba 1.613, de 11 de novembro de 1992.<\/p>\n<h2 class=\"wp-block-heading\" id=\"h-percurso\">Percurso<\/h2>\n<p>O Bando Anunciador desfilar\u00e1 a partir das 6 horas, tendo como circuito o seguinte trajeto: concentra\u00e7\u00e3o em frente ao Cuca \u2013 Centro Universit\u00e1rio de Cultura e Arte da Uefs (Rua Conselheiro Franco, 66, Centro), ponto inicial; seguindo pela Rua Conselheiro Franco, Pra\u00e7a Froes da Mota, Rua Santos Dumont, pr\u00f3ximo \u00e0 Ladeira do Naj\u00e9; voltando pela Rua Senhor dos Passos, Avenida Get\u00falio Vargas at\u00e9 o Mercado de Artes Popular, local de encerramento.<\/p>\n<p><em>Siga o Acorda Cidade no<\/em><a href=\"https:\/\/news.google.com\/search?q=acorda%20cidade&amp;hl=pt-BR&amp;gl=BR&amp;ceid=BR%3Apt-419\"><strong><em>\u00a0Google Not\u00edcias<\/em><\/strong><\/a><em>\u00a0e receba os principais destaques do dia. Participe tamb\u00e9m dos nossos canais no\u00a0<\/em><a href=\"https:\/\/www.whatsapp.com\/channel\/0029Va6Rb4v3WHTNnsh8WI3N\"><strong><em>WhatsApp<\/em><\/strong><\/a><em>\u00a0e\u00a0<\/em><a href=\"https:\/\/www.youtube.com\/@acordacidadenoticias\/videos\"><strong>Youtube<\/strong><\/a><em>\u00a0e grupo de\u00a0<\/em><a href=\"https:\/\/t.me\/+sSz0khrgARA0ZmRh\"><strong><em>Telegram<\/em><\/strong><\/a><em>.<\/em><\/p>\n<\/div>\n","protected":false},"excerpt":{"rendered":"<div>\n<div>\n<figure><img decoding=\"async\" src=\"https:\/\/uploads.acordacidade.com.br\/wp-content\/uploads\/2023\/07\/09110432\/Bando-anunciador-2023-foto-ed-santos-acorda-cidade-Feira-de-Santana.jpg\" alt=\"Bando Anunciador 2023 em Feira de Santana Bahia\"><figcaption>Foto: Ed Santos\/Acorda Cidade<\/figcaption><\/figure>\n<\/div>\n<p>Segundo a publica\u00e7\u00e3o, as proibi\u00e7\u00f5es visam \u00e0 necessidade de evitar excessos de quaisquer ordens durante o desfile do Bando Anunciador.<\/p><\/div>\n","protected":false},"author":1,"featured_media":91949,"comment_status":"closed","ping_status":"closed","sticky":false,"template":"","format":"gallery","meta":{"footnotes":""},"categories":[8,9,6,57,56,10],"tags":[],"class_list":["post-91948","post","type-post","status-publish","format-gallery","has-post-thumbnail","hentry","category-bahia","category-brasil","category-feira-de-santana","category-mundo","category-policia","category-politica","post_format-post-format-gallery"],"featured_image_urls":{"full":["https:\/\/noticiasbahia360.com.br\/wp-content\/uploads\/2025\/07\/Bando-anunciador-2023-foto-ed-santos-acorda-cidade-Feira-de-Santana.jpg",800,467,false],"thumbnail":["https:\/\/noticiasbahia360.com.br\/wp-content\/uploads\/2025\/07\/Bando-anunciador-2023-foto-ed-santos-acorda-cidade-Feira-de-Santana-150x150.jpg",150,150,true],"medium":["https:\/\/noticiasbahia360.com.br\/wp-content\/uploads\/2025\/07\/Bando-anunciador-2023-foto-ed-santos-acorda-cidade-Feira-de-Santana-300x175.jpg",300,175,true],"medium_large":["https:\/\/noticiasbahia360.com.br\/wp-content\/uploads\/2025\/07\/Bando-anunciador-2023-foto-ed-santos-acorda-cidade-Feira-de-Santana-768x448.jpg",640,373,true],"large":["https:\/\/noticiasbahia360.com.br\/wp-content\/uploads\/2025\/07\/Bando-anunciador-2023-foto-ed-santos-acorda-cidade-Feira-de-Santana.jpg",640,374,false],"1536x1536":["https:\/\/noticiasbahia360.com.br\/wp-content\/uploads\/2025\/07\/Bando-anunciador-2023-foto-ed-santos-acorda-cidade-Feira-de-Santana.jpg",800,467,false],"2048x2048":["https:\/\/noticiasbahia360.com.br\/wp-content\/uploads\/2025\/07\/Bando-anunciador-2023-foto-ed-santos-acorda-cidade-Feira-de-Santana.jpg",800,467,false],"chromenews-featured":["https:\/\/noticiasbahia360.com.br\/wp-content\/uploads\/2025\/07\/Bando-anunciador-2023-foto-ed-santos-acorda-cidade-Feira-de-Santana.jpg",800,467,false],"chromenews-large":["https:\/\/noticiasbahia360.com.br\/wp-content\/uploads\/2025\/07\/Bando-anunciador-2023-foto-ed-santos-acorda-cidade-Feira-de-Santana.jpg",800,467,false],"chromenews-medium":["https:\/\/noticiasbahia360.com.br\/wp-content\/uploads\/2025\/07\/Bando-anunciador-2023-foto-ed-santos-acorda-cidade-Feira-de-Santana-590x410.jpg",590,410,true]},"author_info":{"display_name":"noticiasbahia360.com.br","author_link":"https:\/\/noticiasbahia360.com.br\/?author=1"},"category_info":"<a href=\"https:\/\/noticiasbahia360.com.br\/?cat=8\" rel=\"category\">Bahia<\/a> <a href=\"https:\/\/noticiasbahia360.com.br\/?cat=9\" rel=\"category\">Brasil<\/a> <a href=\"https:\/\/noticiasbahia360.com.br\/?cat=6\" rel=\"category\">Feira de Santana<\/a> <a href=\"https:\/\/noticiasbahia360.com.br\/?cat=57\" rel=\"category\">Mundo<\/a> <a href=\"https:\/\/noticiasbahia360.com.br\/?cat=56\" rel=\"category\">Pol\u00edcia<\/a> <a href=\"https:\/\/noticiasbahia360.com.br\/?cat=10\" rel=\"category\">Pol\u00edtica<\/a>","tag_info":"Pol\u00edtica","comment_count":"0","_links":{"self":[{"href":"https:\/\/noticiasbahia360.com.br\/index.php?rest_route=\/wp\/v2\/posts\/91948","targetHints":{"allow":["GET"]}}],"collection":[{"href":"https:\/\/noticiasbahia360.com.br\/index.php?rest_route=\/wp\/v2\/posts"}],"about":[{"href":"https:\/\/noticiasbahia360.com.br\/index.php?rest_route=\/wp\/v2\/types\/post"}],"author":[{"embeddable":true,"href":"https:\/\/noticiasbahia360.com.br\/index.php?rest_route=\/wp\/v2\/users\/1"}],"replies":[{"embeddable":true,"href":"https:\/\/noticiasbahia360.com.br\/index.php?rest_route=%2Fwp%2Fv2%2Fcomments&post=91948"}],"version-history":[{"count":0,"href":"https:\/\/noticiasbahia360.com.br\/index.php?rest_route=\/wp\/v2\/posts\/91948\/revisions"}],"wp:featuredmedia":[{"embeddable":true,"href":"https:\/\/noticiasbahia360.com.br\/index.php?rest_route=\/wp\/v2\/media\/91949"}],"wp:attachment":[{"href":"https:\/\/noticiasbahia360.com.br\/index.php?rest_route=%2Fwp%2Fv2%2Fmedia&parent=91948"}],"wp:term":[{"taxonomy":"category","embeddable":true,"href":"https:\/\/noticiasbahia360.com.br\/index.php?rest_route=%2Fwp%2Fv2%2Fcategories&post=91948"},{"taxonomy":"post_tag","embeddable":true,"href":"https:\/\/noticiasbahia360.com.br\/index.php?rest_route=%2Fwp%2Fv2%2Ftags&post=91948"}],"curies":[{"name":"wp","href":"https:\/\/api.w.org\/{rel}","templated":true}]}}