{"id":91950,"date":"2025-07-03T09:17:40","date_gmt":"2025-07-03T12:17:40","guid":{"rendered":"https:\/\/noticiasbahia360.com.br\/?p=91950"},"modified":"2025-07-03T09:17:40","modified_gmt":"2025-07-03T12:17:40","slug":"byd-abre-508-vagas-de-emprego-em-nova-fabrica-na-bahia","status":"publish","type":"post","link":"https:\/\/noticiasbahia360.com.br\/?p=91950","title":{"rendered":"BYD abre 508 vagas de emprego em nova f\u00e1brica na Bahia"},"content":{"rendered":"<div>\n<div>\n<figure><img decoding=\"async\" src=\"http:\/\/noticiasbahia360.com.br\/wp-content\/uploads\/2025\/07\/Camacari-BYD-Fotos-Thuane-MariaGOVBA-6-1.webp\" alt=\"Cama\u00e7ari - BYD\"><figcaption>Foto: Thuane Maria\/GOVBA<\/figcaption><\/figure>\n<\/div>\n<p>A montadora de carros chinesa BYD est\u00e1 oferecendo 508 vagas de emprego na nova f\u00e1brica da empresa, localizada na cidade de <a href=\"https:\/\/www.acordacidade.com.br\/tag\/camacari\/\">Cama\u00e7ari<\/a>, na Regi\u00e3o Metropolitana de Salvador (RMS).<\/p>\n<p>A informa\u00e7\u00e3o foi divulgada durante a cerim\u00f4nia de inaugura\u00e7\u00e3o da unidade, que \u00e9 a primeira do Brasil em produ\u00e7\u00e3o de carros el\u00e9tricos e h\u00edbridos.<\/p>\n<p>Os interessados devem se candidatar \u00e0s oportunidades no SineBahia, \u00f3rg\u00e3o estadual de intermedia\u00e7\u00e3o para o trabalho de forma gratuita.<\/p>\n<p>As vagas est\u00e3o divididas em 25 especialidades, como operador de produ\u00e7\u00e3o (100 vagas), operador log\u00edstico (50), soldador (50) e operador de empilhadeira.<\/p>\n<h2 class=\"wp-block-heading\" id=\"h-atendimento-no-sinebahia\">Atendimento no SineBahia:<\/h2>\n<p>N\u00e3o \u00e9 preciso agendar. As senhas s\u00e3o distribu\u00eddas conforme disponibilidade e por ordem de chegada.<\/p>\n<p>\u00c9 necess\u00e1rio levar carteira de trabalho f\u00edsica ou digital, RG, CPF, comprovante de resid\u00eancia, escolaridade e de vacina\u00e7\u00e3o contra Covid-19, al\u00e9m dos documentos espec\u00edficos exigidos para cada vaga.<\/p>\n<h2 class=\"wp-block-heading\" id=\"h-mais-empregos-no-futuro\">Mais empregos no futuro<\/h2>\n<p>O evento que marcou a inaugura\u00e7\u00e3o da f\u00e1brica contou com as presen\u00e7as do governador da Bahia, Jer\u00f4nimo Rodrigues; da CEO da BYD Am\u00e9ricas, Stella Li; do presidente da BYD Brasil, Tyler Li; do embaixador da China no Brasil, Zhu Qingqi\u00e3o; al\u00e9m de Augusto Vasconcelos, titular da Secretaria do Trabalho, Emprego, Renda e Esporte (Setre), respons\u00e1vel pelo SineBahia.<\/p>\n<p>Durante a cerim\u00f4nia, Vasconcelos comemorou a aberturas das vagas e afirmou que a expectativa \u00e9 de gerar ainda mais empregos, com o pleno funcionamento da instala\u00e7\u00e3o.<\/p>\n<p>\u201cQuando todas as fases estiverem conclu\u00eddas, teremos a maior f\u00e1brica de carros el\u00e9tricos da Am\u00e9rica, impulsionando o desenvolvimento econ\u00f4mico e tecnol\u00f3gico do nosso estado, gerando cerca de 20 mil postos de trabalho, diretos e indiretos. Mais uma grande not\u00edcia dessa parceria estrat\u00e9gica entre o Brasil e a China\u201d, declarou.<\/p>\n<p>Segundo a Setre, al\u00e9m de promover a intermedia\u00e7\u00e3o da m\u00e3o de obra, a pasta desenvolveu um programa de qualifica\u00e7\u00e3o profissional e forma\u00e7\u00e3o t\u00e9cnica voltado especialmente \u00e0 ind\u00fastria automobil\u00edstica.<\/p>\n<p>O objetivo foi preparar profissionais para a chegada da BYD e garantir que as vagas sejam preenchidas por baianos e baianas.<\/p>\n<p><em>Fonte: g1 Bahia<\/em><\/p>\n<p><em>Siga o Acorda Cidade no<\/em><a href=\"https:\/\/news.google.com\/search?q=acorda%20cidade&amp;hl=pt-BR&amp;gl=BR&amp;ceid=BR%3Apt-419\"><strong><em> Google Not\u00edcias<\/em><\/strong><\/a><em> e receba os principais destaques do dia. Participe tamb\u00e9m dos nossos canais no <\/em><a href=\"https:\/\/whatsapp.com\/channel\/0029Va6Rb4v3WHTNnsh8WI3N\"><strong><em>WhatsApp<\/em><\/strong><\/a><em> e <\/em><a href=\"https:\/\/www.youtube.com\/@acordacidadenoticias\/videos\"><strong>Youtube<\/strong><\/a><em> e grupo de <\/em><a href=\"https:\/\/t.me\/+sSz0khrgARA0ZmRh\"><strong><em>Telegram<\/em><\/strong><\/a><em>.<\/em><\/p>\n<\/div>\n","protected":false},"excerpt":{"rendered":"<div>\n<div>\n<figure><img decoding=\"async\" src=\"https:\/\/uploads.acordacidade.com.br\/2025\/07\/Camacari-BYD-Fotos-Thuane-MariaGOVBA-6.webp\" alt=\"Cama\u00e7ari - BYD\"><figcaption>Foto: Thuane Maria\/GOVBA<\/figcaption><\/figure>\n<\/div>\n<p>O evento que marcou a inaugura\u00e7\u00e3o da f\u00e1brica contou com a presen\u00e7a do governador da Bahia, Jer\u00f4nimo Rodrigues.<\/p><\/div>\n","protected":false},"author":1,"featured_media":91951,"comment_status":"closed","ping_status":"closed","sticky":false,"template":"","format":"gallery","meta":{"footnotes":""},"categories":[8,9,6,57,56,10],"tags":[],"class_list":["post-91950","post","type-post","status-publish","format-gallery","has-post-thumbnail","hentry","category-bahia","category-brasil","category-feira-de-santana","category-mundo","category-policia","category-politica","post_format-post-format-gallery"],"featured_image_urls":{"full":["https:\/\/noticiasbahia360.com.br\/wp-content\/uploads\/2025\/07\/Camacari-BYD-Fotos-Thuane-MariaGOVBA-6-1.webp",1200,800,false],"thumbnail":["https:\/\/noticiasbahia360.com.br\/wp-content\/uploads\/2025\/07\/Camacari-BYD-Fotos-Thuane-MariaGOVBA-6-1-150x150.webp",150,150,true],"medium":["https:\/\/noticiasbahia360.com.br\/wp-content\/uploads\/2025\/07\/Camacari-BYD-Fotos-Thuane-MariaGOVBA-6-1-300x200.webp",300,200,true],"medium_large":["https:\/\/noticiasbahia360.com.br\/wp-content\/uploads\/2025\/07\/Camacari-BYD-Fotos-Thuane-MariaGOVBA-6-1-768x512.webp",640,427,true],"large":["https:\/\/noticiasbahia360.com.br\/wp-content\/uploads\/2025\/07\/Camacari-BYD-Fotos-Thuane-MariaGOVBA-6-1-1024x683.webp",640,427,true],"1536x1536":["https:\/\/noticiasbahia360.com.br\/wp-content\/uploads\/2025\/07\/Camacari-BYD-Fotos-Thuane-MariaGOVBA-6-1.webp",1200,800,false],"2048x2048":["https:\/\/noticiasbahia360.com.br\/wp-content\/uploads\/2025\/07\/Camacari-BYD-Fotos-Thuane-MariaGOVBA-6-1.webp",1200,800,false],"chromenews-featured":["https:\/\/noticiasbahia360.com.br\/wp-content\/uploads\/2025\/07\/Camacari-BYD-Fotos-Thuane-MariaGOVBA-6-1-1024x683.webp",1024,683,true],"chromenews-large":["https:\/\/noticiasbahia360.com.br\/wp-content\/uploads\/2025\/07\/Camacari-BYD-Fotos-Thuane-MariaGOVBA-6-1-825x575.webp",825,575,true],"chromenews-medium":["https:\/\/noticiasbahia360.com.br\/wp-content\/uploads\/2025\/07\/Camacari-BYD-Fotos-Thuane-MariaGOVBA-6-1-590x410.webp",590,410,true]},"author_info":{"display_name":"noticiasbahia360.com.br","author_link":"https:\/\/noticiasbahia360.com.br\/?author=1"},"category_info":"<a href=\"https:\/\/noticiasbahia360.com.br\/?cat=8\" rel=\"category\">Bahia<\/a> <a href=\"https:\/\/noticiasbahia360.com.br\/?cat=9\" rel=\"category\">Brasil<\/a> <a href=\"https:\/\/noticiasbahia360.com.br\/?cat=6\" rel=\"category\">Feira de Santana<\/a> <a href=\"https:\/\/noticiasbahia360.com.br\/?cat=57\" rel=\"category\">Mundo<\/a> <a href=\"https:\/\/noticiasbahia360.com.br\/?cat=56\" rel=\"category\">Pol\u00edcia<\/a> <a href=\"https:\/\/noticiasbahia360.com.br\/?cat=10\" rel=\"category\">Pol\u00edtica<\/a>","tag_info":"Pol\u00edtica","comment_count":"0","_links":{"self":[{"href":"https:\/\/noticiasbahia360.com.br\/index.php?rest_route=\/wp\/v2\/posts\/91950","targetHints":{"allow":["GET"]}}],"collection":[{"href":"https:\/\/noticiasbahia360.com.br\/index.php?rest_route=\/wp\/v2\/posts"}],"about":[{"href":"https:\/\/noticiasbahia360.com.br\/index.php?rest_route=\/wp\/v2\/types\/post"}],"author":[{"embeddable":true,"href":"https:\/\/noticiasbahia360.com.br\/index.php?rest_route=\/wp\/v2\/users\/1"}],"replies":[{"embeddable":true,"href":"https:\/\/noticiasbahia360.com.br\/index.php?rest_route=%2Fwp%2Fv2%2Fcomments&post=91950"}],"version-history":[{"count":0,"href":"https:\/\/noticiasbahia360.com.br\/index.php?rest_route=\/wp\/v2\/posts\/91950\/revisions"}],"wp:featuredmedia":[{"embeddable":true,"href":"https:\/\/noticiasbahia360.com.br\/index.php?rest_route=\/wp\/v2\/media\/91951"}],"wp:attachment":[{"href":"https:\/\/noticiasbahia360.com.br\/index.php?rest_route=%2Fwp%2Fv2%2Fmedia&parent=91950"}],"wp:term":[{"taxonomy":"category","embeddable":true,"href":"https:\/\/noticiasbahia360.com.br\/index.php?rest_route=%2Fwp%2Fv2%2Fcategories&post=91950"},{"taxonomy":"post_tag","embeddable":true,"href":"https:\/\/noticiasbahia360.com.br\/index.php?rest_route=%2Fwp%2Fv2%2Ftags&post=91950"}],"curies":[{"name":"wp","href":"https:\/\/api.w.org\/{rel}","templated":true}]}}