{"id":91954,"date":"2025-07-03T09:30:14","date_gmt":"2025-07-03T12:30:14","guid":{"rendered":"https:\/\/noticiasbahia360.com.br\/?p=91954"},"modified":"2025-07-03T09:30:14","modified_gmt":"2025-07-03T12:30:14","slug":"projeto-que-cria-dia-nacional-da-axe-music-vai-a-sancao-presidencial","status":"publish","type":"post","link":"https:\/\/noticiasbahia360.com.br\/?p=91954","title":{"rendered":"Projeto que cria Dia Nacional da Ax\u00e9-Music vai \u00e0 san\u00e7\u00e3o presidencial"},"content":{"rendered":"<div>\n<div>\n<figure><img decoding=\"async\" src=\"http:\/\/noticiasbahia360.com.br\/wp-content\/uploads\/2025\/07\/Senado-030725.jpg\" alt=\"Projeto que cria Dia Nacional da Ax\u00e9-Music vai \u00e0 san\u00e7\u00e3o presidencial\"><figcaption>Foto: Saulo Cruz\/ Ag\u00eancia Senado<\/figcaption><\/figure>\n<\/div>\n<p>A Comiss\u00e3o de Educa\u00e7\u00e3o e Cultura (CE) aprovou a \u00faltima quarta-feira (2) o <a href=\"https:\/\/www.acordacidade.com.br\/tag\/projeto-de-lei\/\">projeto de lei<\/a> que institui a data de 17 de fevereiro como o Dia Nacional da Ax\u00e9-Music (PL 4.187\/2024).\u00a0<\/p>\n<p>De autoria da deputada federal L\u00eddice da Mata (PSB-BA), a proposta contou com o parecer favor\u00e1vel da relatora da mat\u00e9ria, senadora Augusta Brito (PT-CE). Durante a reuni\u00e3o da CE, a leitura do parecer ficou a cargo do senador Paulo Paim (PT-RS).<\/p>\n<p>Se n\u00e3o houver recurso para vota\u00e7\u00e3o no Plen\u00e1rio do Senado, a proposta seguir\u00e1 para a san\u00e7\u00e3o do presidente da Rep\u00fablica.<\/p>\n<h2 class=\"wp-block-heading\" id=\"h-o-axe\">O ax\u00e9<\/h2>\n<p>A data de 17 de fevereiro faz refer\u00eancia a um domingo de carnaval do ano de 1985 que, de acordo com a autora do projeto, marcou o lan\u00e7amento e o sucesso da ax\u00e9-music. Esse g\u00eanero musical surgiu na Bahia e ganhou for\u00e7a nas d\u00e9cadas de 1980 e 1990, firmando-se como uma express\u00e3o art\u00edstica que incorpora influ\u00eancias do samba-reggae, frevo, ijex\u00e1 e outros ritmos afro-brasileiros.\u00a0<\/p>\n<p>Segundo Augusta Brito, o ax\u00e9 desempenha papel fundamental na valoriza\u00e7\u00e3o da diversidade e no resgate das ra\u00edzes afrodescendentes, al\u00e9m de contribuir para a gera\u00e7\u00e3o de emprego e renda.<\/p>\n<p>\u201cMais do que entretenimento, o g\u00eanero expressa valores de resist\u00eancia, celebra\u00e7\u00e3o e coletividade, sendo vetor de inclus\u00e3o social e econ\u00f4mica, sobretudo no estado da Bahia, onde impulsiona a gera\u00e7\u00e3o de emprego e renda, especialmente durante o ciclo carnavalesco\u201d, registrou ela em seu parecer.\u00a0<\/p>\n<p>A senadora cita dados da Secretaria Municipal de Cultura e Turismo de Salvador, segundo os quais o Carnaval de 2024, com programa\u00e7\u00e3o marcada pela presen\u00e7a da ax\u00e9-music, movimentou cerca de R$ 2 bilh\u00f5es e gerou mais de 60 mil postos de trabalho tempor\u00e1rios. Ele tamb\u00e9m ressalta que a ocupa\u00e7\u00e3o hoteleira em Salvador ultrapassou 95% durante o evento.<\/p>\n<p>O parecer ainda aponta que o termo \u201cax\u00e9\u201d prov\u00e9m da l\u00edngua iorub\u00e1 e significa \u201cfor\u00e7a\u201d, \u201cenergia vital\u201d ou \u201cpoder sagrado\u201d, express\u00e3o ligada \u00e0s religi\u00f5es afro-brasileiras e que sintetiza, de modo simb\u00f3lico, a pot\u00eancia cultural, espiritual e identit\u00e1ria desse g\u00eanero musical.<\/p>\n<p><em>Fonte: Ag\u00eancia Senado<\/em><\/p>\n<p><em>Siga o Acorda Cidade no<\/em><a href=\"https:\/\/news.google.com\/search?q=acorda%20cidade&amp;hl=pt-BR&amp;gl=BR&amp;ceid=BR%3Apt-419\"><strong><em>\u00a0Google Not\u00edcias<\/em><\/strong><\/a><em>\u00a0e receba os principais destaques do dia. Participe tamb\u00e9m dos nossos canais no\u00a0<\/em><a href=\"https:\/\/www.whatsapp.com\/channel\/0029Va6Rb4v3WHTNnsh8WI3N\"><strong><em>WhatsApp<\/em><\/strong><\/a><em>\u00a0e\u00a0<\/em><a href=\"https:\/\/www.youtube.com\/@acordacidadenoticias\/videos\"><strong>YouTube<\/strong><\/a><em>\u00a0e grupo de\u00a0<\/em><a href=\"https:\/\/t.me\/+sSz0khrgARA0ZmRh\"><strong><em>Telegram<\/em><\/strong><\/a><em>.<\/em><\/p>\n<\/div>\n","protected":false},"excerpt":{"rendered":"<div>\n<div>\n<figure><img decoding=\"async\" src=\"https:\/\/uploads.acordacidade.com.br\/2025\/07\/Senado-030725.jpg\" alt=\"Projeto que cria Dia Nacional da Ax\u00e9-Music vai \u00e0 san\u00e7\u00e3o presidencial\"><figcaption>Foto: Saulo Cruz\/ Ag\u00eancia Senado<\/figcaption><\/figure>\n<\/div>\n<p>A data de 17 de fevereiro faz refer\u00eancia a um domingo de carnaval do ano de 1985 que, de acordo com a autora do projeto, marcou o lan\u00e7amento e o sucesso da ax\u00e9-music.<\/p><\/div>\n","protected":false},"author":1,"featured_media":91955,"comment_status":"closed","ping_status":"closed","sticky":false,"template":"","format":"gallery","meta":{"footnotes":""},"categories":[8,9,6,57,56,10],"tags":[],"class_list":["post-91954","post","type-post","status-publish","format-gallery","has-post-thumbnail","hentry","category-bahia","category-brasil","category-feira-de-santana","category-mundo","category-policia","category-politica","post_format-post-format-gallery"],"featured_image_urls":{"full":["https:\/\/noticiasbahia360.com.br\/wp-content\/uploads\/2025\/07\/Senado-030725.jpg",1200,795,false],"thumbnail":["https:\/\/noticiasbahia360.com.br\/wp-content\/uploads\/2025\/07\/Senado-030725-150x150.jpg",150,150,true],"medium":["https:\/\/noticiasbahia360.com.br\/wp-content\/uploads\/2025\/07\/Senado-030725-300x199.jpg",300,199,true],"medium_large":["https:\/\/noticiasbahia360.com.br\/wp-content\/uploads\/2025\/07\/Senado-030725-768x509.jpg",640,424,true],"large":["https:\/\/noticiasbahia360.com.br\/wp-content\/uploads\/2025\/07\/Senado-030725-1024x678.jpg",640,424,true],"1536x1536":["https:\/\/noticiasbahia360.com.br\/wp-content\/uploads\/2025\/07\/Senado-030725.jpg",1200,795,false],"2048x2048":["https:\/\/noticiasbahia360.com.br\/wp-content\/uploads\/2025\/07\/Senado-030725.jpg",1200,795,false],"chromenews-featured":["https:\/\/noticiasbahia360.com.br\/wp-content\/uploads\/2025\/07\/Senado-030725-1024x678.jpg",1024,678,true],"chromenews-large":["https:\/\/noticiasbahia360.com.br\/wp-content\/uploads\/2025\/07\/Senado-030725-825x575.jpg",825,575,true],"chromenews-medium":["https:\/\/noticiasbahia360.com.br\/wp-content\/uploads\/2025\/07\/Senado-030725-590x410.jpg",590,410,true]},"author_info":{"display_name":"noticiasbahia360.com.br","author_link":"https:\/\/noticiasbahia360.com.br\/?author=1"},"category_info":"<a href=\"https:\/\/noticiasbahia360.com.br\/?cat=8\" rel=\"category\">Bahia<\/a> <a href=\"https:\/\/noticiasbahia360.com.br\/?cat=9\" rel=\"category\">Brasil<\/a> <a href=\"https:\/\/noticiasbahia360.com.br\/?cat=6\" rel=\"category\">Feira de Santana<\/a> <a href=\"https:\/\/noticiasbahia360.com.br\/?cat=57\" rel=\"category\">Mundo<\/a> <a href=\"https:\/\/noticiasbahia360.com.br\/?cat=56\" rel=\"category\">Pol\u00edcia<\/a> <a href=\"https:\/\/noticiasbahia360.com.br\/?cat=10\" rel=\"category\">Pol\u00edtica<\/a>","tag_info":"Pol\u00edtica","comment_count":"0","_links":{"self":[{"href":"https:\/\/noticiasbahia360.com.br\/index.php?rest_route=\/wp\/v2\/posts\/91954","targetHints":{"allow":["GET"]}}],"collection":[{"href":"https:\/\/noticiasbahia360.com.br\/index.php?rest_route=\/wp\/v2\/posts"}],"about":[{"href":"https:\/\/noticiasbahia360.com.br\/index.php?rest_route=\/wp\/v2\/types\/post"}],"author":[{"embeddable":true,"href":"https:\/\/noticiasbahia360.com.br\/index.php?rest_route=\/wp\/v2\/users\/1"}],"replies":[{"embeddable":true,"href":"https:\/\/noticiasbahia360.com.br\/index.php?rest_route=%2Fwp%2Fv2%2Fcomments&post=91954"}],"version-history":[{"count":0,"href":"https:\/\/noticiasbahia360.com.br\/index.php?rest_route=\/wp\/v2\/posts\/91954\/revisions"}],"wp:featuredmedia":[{"embeddable":true,"href":"https:\/\/noticiasbahia360.com.br\/index.php?rest_route=\/wp\/v2\/media\/91955"}],"wp:attachment":[{"href":"https:\/\/noticiasbahia360.com.br\/index.php?rest_route=%2Fwp%2Fv2%2Fmedia&parent=91954"}],"wp:term":[{"taxonomy":"category","embeddable":true,"href":"https:\/\/noticiasbahia360.com.br\/index.php?rest_route=%2Fwp%2Fv2%2Fcategories&post=91954"},{"taxonomy":"post_tag","embeddable":true,"href":"https:\/\/noticiasbahia360.com.br\/index.php?rest_route=%2Fwp%2Fv2%2Ftags&post=91954"}],"curies":[{"name":"wp","href":"https:\/\/api.w.org\/{rel}","templated":true}]}}