{"id":91956,"date":"2025-07-03T09:36:45","date_gmt":"2025-07-03T12:36:45","guid":{"rendered":"https:\/\/noticiasbahia360.com.br\/?p=91956"},"modified":"2025-07-03T09:36:45","modified_gmt":"2025-07-03T12:36:45","slug":"comeca-nesta-sexta-4-a-2a-edicao-do-festival-de-quadrilhas","status":"publish","type":"post","link":"https:\/\/noticiasbahia360.com.br\/?p=91956","title":{"rendered":"Come\u00e7a nesta sexta (4) a 2\u00aa Edi\u00e7\u00e3o do Festival de Quadrilhas"},"content":{"rendered":"<div>\n<div>\n<figure><img decoding=\"async\" src=\"http:\/\/noticiasbahia360.com.br\/wp-content\/uploads\/2025\/07\/Festival-de-Quadrilhas-de-Feira-de-Santana-sera-realizado-no-inicio-do-mes-de-julho.jpg\" alt=\"Festival de Quadrilhas de Feira de Santana ser\u00e1 realizado no in\u00edcio do m\u00eas de julho\"><figcaption>Foto: Jorge Magalh\u00e3es Arquivo<\/figcaption><\/figure>\n<\/div>\n<p>Embora o S\u00e3o Jo\u00e3o tenha passado, o clima de festa continua na cidade. Nos dias 4 e 5 de julho, o Gin\u00e1sio Municipal de Esportes (Rua Alo\u00edsio Resende, bairro Queimadinha) recebe o 2\u00ba Festival de Quadrilha Junina, que promete movimentar o munic\u00edpio com muita m\u00fasica, dan\u00e7a e tradi\u00e7\u00e3o.<\/p>\n<p>O evento \u00e9 fruto de uma iniciativa popular e conta com o apoio da <a href=\"https:\/\/www.acordacidade.com.br\/tag\/prefeitura\/\">Prefeitura<\/a>. Neste ano, a competi\u00e7\u00e3o trar\u00e1 premia\u00e7\u00f5es para os tr\u00eas primeiros colocados na categoria de Quadrilhas Tradicionais. Al\u00e9m disso, ser\u00e3o avaliadas performances espec\u00edficas como a dos noivos, o figurino e o marcador.<\/p>\n<p>De acordo com Mari Falc\u00e3o (Coordenadora das Juninas), a programa\u00e7\u00e3o contar\u00e1 com apresenta\u00e7\u00f5es musicais. As atra\u00e7\u00f5es confirmadas s\u00e3o Os Bambas do Nordeste, que celebra 50 anos de carreira em 2025 e Z\u00e9 Trindade e Uns Cambadas, banda conhecida pelo aut\u00eantico Forr\u00f3.<\/p>\n<p>\u201cA entrada \u00e9 gratuita e esperamos um p\u00fablico diverso, como: crian\u00e7as, jovens e idosos, de diferentes bairros e classes sociais. Teremos cerca de 800 brincantes participando do evento\u201d, afirma Mari.<\/p>\n<p>Ao todo, 25 Quadrilhas Juninas se apresentar\u00e3o durante os dois dias, sendo 21 tradicionais e 4 estilizadas. Na sexta-feira (4) a programa\u00e7\u00e3o come\u00e7a \u00e0s 18h e no s\u00e1bado (5) as apresenta\u00e7\u00f5es t\u00eam in\u00edcio \u00e0s 13h.<\/p>\n<p><em>Siga o Acorda Cidade no<\/em><a href=\"https:\/\/news.google.com\/search?q=acorda%20cidade&amp;hl=pt-BR&amp;gl=BR&amp;ceid=BR%3Apt-419\"><strong><em> Google Not\u00edcias<\/em><\/strong><\/a><em> e receba os principais destaques do dia. Participe tamb\u00e9m dos nossos canais no <\/em><a href=\"https:\/\/whatsapp.com\/channel\/0029Va6Rb4v3WHTNnsh8WI3N\"><strong><em>WhatsApp<\/em><\/strong><\/a><em> e <\/em><a href=\"https:\/\/www.youtube.com\/@acordacidadenoticias\/videos\"><strong>Youtube<\/strong><\/a><em> e grupo de <\/em><a href=\"https:\/\/t.me\/+sSz0khrgARA0ZmRh\"><strong><em>Telegram<\/em><\/strong><\/a><em>.<\/em><\/p>\n<\/div>\n","protected":false},"excerpt":{"rendered":"<div>\n<div>\n<figure><img decoding=\"async\" src=\"https:\/\/uploads.acordacidade.com.br\/2025\/06\/Festival-de-Quadrilhas-de-Feira-de-Santana-sera-realizado-no-inicio-do-mes-de-julho.jpg\" alt=\"Festival de Quadrilhas de Feira de Santana ser\u00e1 realizado no in\u00edcio do m\u00eas de julho\"><figcaption>Foto: Jorge Magalh\u00e3es Arquivo<\/figcaption><\/figure>\n<\/div>\n<p>Com apoio da Prefeitura a 2\u00aa edi\u00e7\u00e3o do Festival acontecer\u00e1 na sexta e s\u00e1bado, 4 e 5 de julho<\/p><\/div>\n","protected":false},"author":1,"featured_media":91957,"comment_status":"closed","ping_status":"closed","sticky":false,"template":"","format":"gallery","meta":{"footnotes":""},"categories":[8,9,6,57,56,10],"tags":[],"class_list":["post-91956","post","type-post","status-publish","format-gallery","has-post-thumbnail","hentry","category-bahia","category-brasil","category-feira-de-santana","category-mundo","category-policia","category-politica","post_format-post-format-gallery"],"featured_image_urls":{"full":["https:\/\/noticiasbahia360.com.br\/wp-content\/uploads\/2025\/07\/Festival-de-Quadrilhas-de-Feira-de-Santana-sera-realizado-no-inicio-do-mes-de-julho.jpg",1200,799,false],"thumbnail":["https:\/\/noticiasbahia360.com.br\/wp-content\/uploads\/2025\/07\/Festival-de-Quadrilhas-de-Feira-de-Santana-sera-realizado-no-inicio-do-mes-de-julho-150x150.jpg",150,150,true],"medium":["https:\/\/noticiasbahia360.com.br\/wp-content\/uploads\/2025\/07\/Festival-de-Quadrilhas-de-Feira-de-Santana-sera-realizado-no-inicio-do-mes-de-julho-300x200.jpg",300,200,true],"medium_large":["https:\/\/noticiasbahia360.com.br\/wp-content\/uploads\/2025\/07\/Festival-de-Quadrilhas-de-Feira-de-Santana-sera-realizado-no-inicio-do-mes-de-julho-768x511.jpg",640,426,true],"large":["https:\/\/noticiasbahia360.com.br\/wp-content\/uploads\/2025\/07\/Festival-de-Quadrilhas-de-Feira-de-Santana-sera-realizado-no-inicio-do-mes-de-julho-1024x682.jpg",640,426,true],"1536x1536":["https:\/\/noticiasbahia360.com.br\/wp-content\/uploads\/2025\/07\/Festival-de-Quadrilhas-de-Feira-de-Santana-sera-realizado-no-inicio-do-mes-de-julho.jpg",1200,799,false],"2048x2048":["https:\/\/noticiasbahia360.com.br\/wp-content\/uploads\/2025\/07\/Festival-de-Quadrilhas-de-Feira-de-Santana-sera-realizado-no-inicio-do-mes-de-julho.jpg",1200,799,false],"chromenews-featured":["https:\/\/noticiasbahia360.com.br\/wp-content\/uploads\/2025\/07\/Festival-de-Quadrilhas-de-Feira-de-Santana-sera-realizado-no-inicio-do-mes-de-julho-1024x682.jpg",1024,682,true],"chromenews-large":["https:\/\/noticiasbahia360.com.br\/wp-content\/uploads\/2025\/07\/Festival-de-Quadrilhas-de-Feira-de-Santana-sera-realizado-no-inicio-do-mes-de-julho-825x575.jpg",825,575,true],"chromenews-medium":["https:\/\/noticiasbahia360.com.br\/wp-content\/uploads\/2025\/07\/Festival-de-Quadrilhas-de-Feira-de-Santana-sera-realizado-no-inicio-do-mes-de-julho-590x410.jpg",590,410,true]},"author_info":{"display_name":"noticiasbahia360.com.br","author_link":"https:\/\/noticiasbahia360.com.br\/?author=1"},"category_info":"<a href=\"https:\/\/noticiasbahia360.com.br\/?cat=8\" rel=\"category\">Bahia<\/a> <a href=\"https:\/\/noticiasbahia360.com.br\/?cat=9\" rel=\"category\">Brasil<\/a> <a href=\"https:\/\/noticiasbahia360.com.br\/?cat=6\" rel=\"category\">Feira de Santana<\/a> <a href=\"https:\/\/noticiasbahia360.com.br\/?cat=57\" rel=\"category\">Mundo<\/a> <a href=\"https:\/\/noticiasbahia360.com.br\/?cat=56\" rel=\"category\">Pol\u00edcia<\/a> <a href=\"https:\/\/noticiasbahia360.com.br\/?cat=10\" rel=\"category\">Pol\u00edtica<\/a>","tag_info":"Pol\u00edtica","comment_count":"0","_links":{"self":[{"href":"https:\/\/noticiasbahia360.com.br\/index.php?rest_route=\/wp\/v2\/posts\/91956","targetHints":{"allow":["GET"]}}],"collection":[{"href":"https:\/\/noticiasbahia360.com.br\/index.php?rest_route=\/wp\/v2\/posts"}],"about":[{"href":"https:\/\/noticiasbahia360.com.br\/index.php?rest_route=\/wp\/v2\/types\/post"}],"author":[{"embeddable":true,"href":"https:\/\/noticiasbahia360.com.br\/index.php?rest_route=\/wp\/v2\/users\/1"}],"replies":[{"embeddable":true,"href":"https:\/\/noticiasbahia360.com.br\/index.php?rest_route=%2Fwp%2Fv2%2Fcomments&post=91956"}],"version-history":[{"count":0,"href":"https:\/\/noticiasbahia360.com.br\/index.php?rest_route=\/wp\/v2\/posts\/91956\/revisions"}],"wp:featuredmedia":[{"embeddable":true,"href":"https:\/\/noticiasbahia360.com.br\/index.php?rest_route=\/wp\/v2\/media\/91957"}],"wp:attachment":[{"href":"https:\/\/noticiasbahia360.com.br\/index.php?rest_route=%2Fwp%2Fv2%2Fmedia&parent=91956"}],"wp:term":[{"taxonomy":"category","embeddable":true,"href":"https:\/\/noticiasbahia360.com.br\/index.php?rest_route=%2Fwp%2Fv2%2Fcategories&post=91956"},{"taxonomy":"post_tag","embeddable":true,"href":"https:\/\/noticiasbahia360.com.br\/index.php?rest_route=%2Fwp%2Fv2%2Ftags&post=91956"}],"curies":[{"name":"wp","href":"https:\/\/api.w.org\/{rel}","templated":true}]}}