{"id":91958,"date":"2025-07-03T10:19:05","date_gmt":"2025-07-03T13:19:05","guid":{"rendered":"https:\/\/noticiasbahia360.com.br\/?p=91958"},"modified":"2025-07-03T10:19:05","modified_gmt":"2025-07-03T13:19:05","slug":"casa-do-trabalhador-abre-inscricoes-para-cursos-gratuitos-em-diversas-areas","status":"publish","type":"post","link":"https:\/\/noticiasbahia360.com.br\/?p=91958","title":{"rendered":"Casa do Trabalhador abre inscri\u00e7\u00f5es para cursos gratuitos em diversas \u00e1reas"},"content":{"rendered":"<div>\n<div>\n<figure><img decoding=\"async\" src=\"http:\/\/noticiasbahia360.com.br\/wp-content\/uploads\/2025\/07\/cursos-casa-do-trabalhador.jpg\" alt=\"cursos casa do trabalhador\"><figcaption>Foto: Secom<\/figcaption><\/figure>\n<\/div>\n<p>A <a href=\"https:\/\/www.acordacidade.com.br\/tag\/casa-do-trabalhador\/\">Casa do Trabalhador<\/a>, \u00f3rg\u00e3o vinculado \u00e0 Secretaria de Trabalho, Turismo e Desenvolvimento Econ\u00f4mico (Settdec), est\u00e1 oferecendo uma nova programa\u00e7\u00e3o de cursos gratuitos durante o m\u00eas de julho. Com carga hor\u00e1ria de 2 horas, as capacita\u00e7\u00f5es s\u00e3o voltadas para quem busca <a href=\"https:\/\/www.acordacidade.com.br\/tag\/qualificacao-profissional\/\">qualifica\u00e7\u00e3o profissional<\/a> e desejam ampliar as chances de ingresso ou recoloca\u00e7\u00e3o no mercado de trabalho.<\/p>\n<p>A programa\u00e7\u00e3o tem in\u00edcio nesta sexta-feira (4) com o curso de Nivelamento em Inform\u00e1tica, voltado para quem j\u00e1 possui conhecimentos b\u00e1sicos. No dia 7 ser\u00e1 oferecido o curso de Operador de Caixa, seguido por uma capacita\u00e7\u00e3o em Excel no dia 10, tamb\u00e9m destinada a quem j\u00e1 possui no\u00e7\u00f5es do programa. No dia 11, ser\u00e1 realizada uma aula pr\u00e1tica de Design Gr\u00e1fico com foco no uso do Canva, indicada para participantes com curso b\u00e1sico na \u00e1rea.<\/p>\n<p>A agenda continua no dia 14 com uma nova turma de Excel e, no dia 16, mais uma oportunidade para o curso de Operador de Caixa. Os dias 17 e 21 ser\u00e3o destinados a novas turmas de Nivelamento em Inform\u00e1tica, ambas para pessoas com conhecimento pr\u00e9vio. J\u00e1 no dia 23, ser\u00e1 ministrado o curso de Elabora\u00e7\u00e3o de Curr\u00edculo, encerrando a programa\u00e7\u00e3o no dia 25 com o tema Marketing Pessoal.<\/p>\n<p>As <a href=\"https:\/\/www.acordacidade.com.br\/tag\/vagas\/\">vagas <\/a>s\u00e3o limitadas e os interessados devem comparecer presencialmente \u00e0 sede da Casa do Trabalhador para garantir a inscri\u00e7\u00e3o antecipada. O atendimento \u00e9 realizado de segunda a sexta-feira, na Rua Desembargador Felinto Bastos, n\u00ba 527A (antiga Rua de Aurora). Mais informa\u00e7\u00f5es podem ser obtidas pelos telefones (75) 3614-2551 \/ 2550 ou pelo e-mail casadotrabalhador@pmfs.ba.gov.br.<\/p>\n<p>\u201cA iniciativa refor\u00e7a o compromisso da Casa do Trabalhador e da Settdec em fomentar a qualifica\u00e7\u00e3o profissional em <a href=\"https:\/\/www.acordacidade.com.br\/feira-de-santana\/\">Feira de Santana<\/a>, promovendo a\u00e7\u00f5es que contribuam com o desenvolvimento econ\u00f4mico e a gera\u00e7\u00e3o de oportunidades para a popula\u00e7\u00e3o\u201d, avaliou a secret\u00e1ria da Settdec, M\u00e1rcia Ferreira.<\/p>\n<p><em>As informa\u00e7\u00f5es s\u00e3o da Secretaria Municipal de Comunica\u00e7\u00e3o<\/em><\/p>\n<p><em>Siga o Acorda Cidade no<\/em><a href=\"https:\/\/news.google.com\/search?q=acorda%20cidade&amp;hl=pt-BR&amp;gl=BR&amp;ceid=BR%3Apt-419\"><strong><em>\u00a0Google Not\u00edcias<\/em><\/strong><\/a><em>\u00a0e receba os principais destaques do dia. Participe tamb\u00e9m dos nossos canais no\u00a0<\/em><a href=\"https:\/\/www.whatsapp.com\/channel\/0029Va6Rb4v3WHTNnsh8WI3N\"><strong><em>WhatsApp<\/em><\/strong><\/a><em>\u00a0e\u00a0<\/em><a href=\"https:\/\/www.youtube.com\/@acordacidadenoticias\/videos\"><strong>YouTube<\/strong><\/a><em>\u00a0e grupo de\u00a0<\/em><a href=\"https:\/\/t.me\/+sSz0khrgARA0ZmRh\"><strong><em>Telegram<\/em><\/strong><\/a><em>.<\/em><\/p>\n<\/div>\n","protected":false},"excerpt":{"rendered":"<div>\n<div>\n<figure><img decoding=\"async\" src=\"https:\/\/uploads.acordacidade.com.br\/2025\/07\/cursos-casa-do-trabalhador.jpg\" alt=\"cursos casa do trabalhador\"><figcaption>Foto: Secom<\/figcaption><\/figure>\n<\/div>\n<p>A programa\u00e7\u00e3o dos cursos tem in\u00edcio nesta sexta-feira (4) com o curso de Nivelamento em Inform\u00e1tica<\/p><\/div>\n","protected":false},"author":1,"featured_media":91959,"comment_status":"closed","ping_status":"closed","sticky":false,"template":"","format":"gallery","meta":{"footnotes":""},"categories":[8,9,6,57,56,10],"tags":[],"class_list":["post-91958","post","type-post","status-publish","format-gallery","has-post-thumbnail","hentry","category-bahia","category-brasil","category-feira-de-santana","category-mundo","category-policia","category-politica","post_format-post-format-gallery"],"featured_image_urls":{"full":["https:\/\/noticiasbahia360.com.br\/wp-content\/uploads\/2025\/07\/cursos-casa-do-trabalhador.jpg",1200,799,false],"thumbnail":["https:\/\/noticiasbahia360.com.br\/wp-content\/uploads\/2025\/07\/cursos-casa-do-trabalhador-150x150.jpg",150,150,true],"medium":["https:\/\/noticiasbahia360.com.br\/wp-content\/uploads\/2025\/07\/cursos-casa-do-trabalhador-300x200.jpg",300,200,true],"medium_large":["https:\/\/noticiasbahia360.com.br\/wp-content\/uploads\/2025\/07\/cursos-casa-do-trabalhador-768x511.jpg",640,426,true],"large":["https:\/\/noticiasbahia360.com.br\/wp-content\/uploads\/2025\/07\/cursos-casa-do-trabalhador-1024x682.jpg",640,426,true],"1536x1536":["https:\/\/noticiasbahia360.com.br\/wp-content\/uploads\/2025\/07\/cursos-casa-do-trabalhador.jpg",1200,799,false],"2048x2048":["https:\/\/noticiasbahia360.com.br\/wp-content\/uploads\/2025\/07\/cursos-casa-do-trabalhador.jpg",1200,799,false],"chromenews-featured":["https:\/\/noticiasbahia360.com.br\/wp-content\/uploads\/2025\/07\/cursos-casa-do-trabalhador-1024x682.jpg",1024,682,true],"chromenews-large":["https:\/\/noticiasbahia360.com.br\/wp-content\/uploads\/2025\/07\/cursos-casa-do-trabalhador-825x575.jpg",825,575,true],"chromenews-medium":["https:\/\/noticiasbahia360.com.br\/wp-content\/uploads\/2025\/07\/cursos-casa-do-trabalhador-590x410.jpg",590,410,true]},"author_info":{"display_name":"noticiasbahia360.com.br","author_link":"https:\/\/noticiasbahia360.com.br\/?author=1"},"category_info":"<a href=\"https:\/\/noticiasbahia360.com.br\/?cat=8\" rel=\"category\">Bahia<\/a> <a href=\"https:\/\/noticiasbahia360.com.br\/?cat=9\" rel=\"category\">Brasil<\/a> <a href=\"https:\/\/noticiasbahia360.com.br\/?cat=6\" rel=\"category\">Feira de Santana<\/a> <a href=\"https:\/\/noticiasbahia360.com.br\/?cat=57\" rel=\"category\">Mundo<\/a> <a href=\"https:\/\/noticiasbahia360.com.br\/?cat=56\" rel=\"category\">Pol\u00edcia<\/a> <a href=\"https:\/\/noticiasbahia360.com.br\/?cat=10\" rel=\"category\">Pol\u00edtica<\/a>","tag_info":"Pol\u00edtica","comment_count":"0","_links":{"self":[{"href":"https:\/\/noticiasbahia360.com.br\/index.php?rest_route=\/wp\/v2\/posts\/91958","targetHints":{"allow":["GET"]}}],"collection":[{"href":"https:\/\/noticiasbahia360.com.br\/index.php?rest_route=\/wp\/v2\/posts"}],"about":[{"href":"https:\/\/noticiasbahia360.com.br\/index.php?rest_route=\/wp\/v2\/types\/post"}],"author":[{"embeddable":true,"href":"https:\/\/noticiasbahia360.com.br\/index.php?rest_route=\/wp\/v2\/users\/1"}],"replies":[{"embeddable":true,"href":"https:\/\/noticiasbahia360.com.br\/index.php?rest_route=%2Fwp%2Fv2%2Fcomments&post=91958"}],"version-history":[{"count":0,"href":"https:\/\/noticiasbahia360.com.br\/index.php?rest_route=\/wp\/v2\/posts\/91958\/revisions"}],"wp:featuredmedia":[{"embeddable":true,"href":"https:\/\/noticiasbahia360.com.br\/index.php?rest_route=\/wp\/v2\/media\/91959"}],"wp:attachment":[{"href":"https:\/\/noticiasbahia360.com.br\/index.php?rest_route=%2Fwp%2Fv2%2Fmedia&parent=91958"}],"wp:term":[{"taxonomy":"category","embeddable":true,"href":"https:\/\/noticiasbahia360.com.br\/index.php?rest_route=%2Fwp%2Fv2%2Fcategories&post=91958"},{"taxonomy":"post_tag","embeddable":true,"href":"https:\/\/noticiasbahia360.com.br\/index.php?rest_route=%2Fwp%2Fv2%2Ftags&post=91958"}],"curies":[{"name":"wp","href":"https:\/\/api.w.org\/{rel}","templated":true}]}}