{"id":91960,"date":"2025-07-03T10:58:53","date_gmt":"2025-07-03T13:58:53","guid":{"rendered":"https:\/\/noticiasbahia360.com.br\/?p=91960"},"modified":"2025-07-03T10:58:53","modified_gmt":"2025-07-03T13:58:53","slug":"curso-cuidadores-de-alunos-neurodivergentes-e-realizado-no-proximo-final-de-semana","status":"publish","type":"post","link":"https:\/\/noticiasbahia360.com.br\/?p=91960","title":{"rendered":"Curso Cuidadores de Alunos Neurodivergentes \u00e9 realizado no pr\u00f3ximo final de semana"},"content":{"rendered":"<div>\n<div>\n<figure><img decoding=\"async\" src=\"http:\/\/noticiasbahia360.com.br\/wp-content\/uploads\/2025\/07\/FotoJet.jpg\" alt=\"curso\"><figcaption>Foto: Divulga\u00e7\u00e3o <\/figcaption><\/figure>\n<\/div>\n<p>Cuidadores de Alunos Neurodivergentes ou interessados no assunto podem adquirir novos saberes atrav\u00e9s da forma\u00e7\u00e3o a ser realizada nos pr\u00f3ximos s\u00e1bado (5) e domingo (6), das 8h \u00e0s 12h e das 13h30 \u00e0s 17h30, em Feira de Santana. Com certificado de 16 horas, v\u00e1lido para provas de t\u00edtulos em concursos e sele\u00e7\u00f5es de trabalho nos setores p\u00fablico e privado, o evento \u00e9 coordenado pela psic\u00f3loga Judinara Braz.<\/p>\n<p>\u201cSer neurodivergente \u00e9 ter o desenvolvimento neurol\u00f3gico e o funcionamento cognitivo diferentes do padr\u00e3o considerado \u2018t\u00edpico\u2019. Esse conceito inclui as pessoas com autismo, Transtorno do D\u00e9ficit de Aten\u00e7\u00e3o com Hiperatividade (TDAH), por exemplo. Assim como as diferen\u00e7as f\u00edsicas, a neurodiversidade \u00e9 caracter\u00edstica natural do humano\u201d, declara a coordenadora. Ela informa ainda que o curso contempla todas as pessoas que cuidam de crian\u00e7as neurodivergentes, em especial aquelas que trabalham em ambientes pedag\u00f3gicos.<\/p>\n<p>Os aspectos relacionados ao assunto ser\u00e3o abordados pelos seguintes profissionais: Valmir Mota e Judinara Braz \u2013 psic\u00f3logos cl\u00ednicos especialistas em Educa\u00e7\u00e3o Infantil; Gabriela Andrade \u2013 psicomotricista e psicopedagoga especialista em Educa\u00e7\u00e3o Especial, al\u00e9m de professora de Sala de\u00a0 Recursos; Francine Matos \u2013 psic\u00f3loga escolar e neuropisicopedagoga com \u00eanfase em Educa\u00e7\u00e3o Especial e Inclusiva; Rebeca Almeida \u2013 enfermeira, graduanda em psicopedagogia e t\u00e9cnica em Terapia ABA (An\u00e1lise do Comportamento Aplicada); e Jayane Santos \u2013 graduanda em psicologia e pedagogia t\u00e9cnica no Modelo Denver de Interven\u00e7\u00e3o Precoce (ESDM \u2013 Early Start Denver Model).<\/p>\n<p>Com investimento de R$ 100 (cem reais), o curso vai ser realizado na Escola Jo\u00e3o Paulo I, localizada na Rua Paulo VI, n\u00ba 118, bairro Kalil\u00e2ndia. Para se inscrever clique\u00a0<a href=\"https:\/\/docs.google.com\/forms\/d\/e\/1FAIpQLSeb_7sUeJmWuYVFN0H7rRvHwJt0CAyZLb2bxkosG78ox5vPeQ\/viewform\" target=\"_blank\" rel=\"noreferrer noopener\">aqui<\/a>.\u00a0<\/p>\n<p><em>Siga o Acorda Cidade no<\/em><a href=\"https:\/\/news.google.com\/search?q=acorda%20cidade&amp;hl=pt-BR&amp;gl=BR&amp;ceid=BR%3Apt-419\"><strong><em>\u00a0Google Not\u00edcias<\/em><\/strong><\/a><em>\u00a0e receba os principais destaques do dia. Participe tamb\u00e9m dos nossos canais no\u00a0<\/em><a href=\"https:\/\/www.whatsapp.com\/channel\/0029Va6Rb4v3WHTNnsh8WI3N\"><strong><em>WhatsApp<\/em><\/strong><\/a><em>\u00a0e\u00a0<\/em><a href=\"https:\/\/www.youtube.com\/@acordacidadenoticias\/videos\"><strong>YouTube<\/strong><\/a><em>\u00a0e grupo de\u00a0<\/em><a href=\"https:\/\/t.me\/+sSz0khrgARA0ZmRh\"><strong><em>Telegram<\/em><\/strong><\/a><\/p>\n<\/div>\n","protected":false},"excerpt":{"rendered":"<div>\n<div>\n<figure><img decoding=\"async\" src=\"https:\/\/uploads.acordacidade.com.br\/2025\/07\/FotoJet.jpg\" alt=\"curso\"><figcaption>Foto: Divulga\u00e7\u00e3o <\/figcaption><\/figure>\n<\/div>\n<p>Com certificado de 16 horas, v\u00e1lido para provas de t\u00edtulos em concursos e sele\u00e7\u00f5es, o evento \u00e9 coordenado pela psic\u00f3loga Judinara Braz.<\/p><\/div>\n","protected":false},"author":1,"featured_media":91961,"comment_status":"closed","ping_status":"closed","sticky":false,"template":"","format":"gallery","meta":{"footnotes":""},"categories":[8,9,6,57,56,10],"tags":[],"class_list":["post-91960","post","type-post","status-publish","format-gallery","has-post-thumbnail","hentry","category-bahia","category-brasil","category-feira-de-santana","category-mundo","category-policia","category-politica","post_format-post-format-gallery"],"featured_image_urls":{"full":["https:\/\/noticiasbahia360.com.br\/wp-content\/uploads\/2025\/07\/FotoJet.jpg",1920,1080,false],"thumbnail":["https:\/\/noticiasbahia360.com.br\/wp-content\/uploads\/2025\/07\/FotoJet-150x150.jpg",150,150,true],"medium":["https:\/\/noticiasbahia360.com.br\/wp-content\/uploads\/2025\/07\/FotoJet-300x169.jpg",300,169,true],"medium_large":["https:\/\/noticiasbahia360.com.br\/wp-content\/uploads\/2025\/07\/FotoJet-768x432.jpg",640,360,true],"large":["https:\/\/noticiasbahia360.com.br\/wp-content\/uploads\/2025\/07\/FotoJet-1024x576.jpg",640,360,true],"1536x1536":["https:\/\/noticiasbahia360.com.br\/wp-content\/uploads\/2025\/07\/FotoJet-1536x864.jpg",1536,864,true],"2048x2048":["https:\/\/noticiasbahia360.com.br\/wp-content\/uploads\/2025\/07\/FotoJet.jpg",1920,1080,false],"chromenews-featured":["https:\/\/noticiasbahia360.com.br\/wp-content\/uploads\/2025\/07\/FotoJet-1024x576.jpg",1024,576,true],"chromenews-large":["https:\/\/noticiasbahia360.com.br\/wp-content\/uploads\/2025\/07\/FotoJet-825x575.jpg",825,575,true],"chromenews-medium":["https:\/\/noticiasbahia360.com.br\/wp-content\/uploads\/2025\/07\/FotoJet-590x410.jpg",590,410,true]},"author_info":{"display_name":"noticiasbahia360.com.br","author_link":"https:\/\/noticiasbahia360.com.br\/?author=1"},"category_info":"<a href=\"https:\/\/noticiasbahia360.com.br\/?cat=8\" rel=\"category\">Bahia<\/a> <a href=\"https:\/\/noticiasbahia360.com.br\/?cat=9\" rel=\"category\">Brasil<\/a> <a href=\"https:\/\/noticiasbahia360.com.br\/?cat=6\" rel=\"category\">Feira de Santana<\/a> <a href=\"https:\/\/noticiasbahia360.com.br\/?cat=57\" rel=\"category\">Mundo<\/a> <a href=\"https:\/\/noticiasbahia360.com.br\/?cat=56\" rel=\"category\">Pol\u00edcia<\/a> <a href=\"https:\/\/noticiasbahia360.com.br\/?cat=10\" rel=\"category\">Pol\u00edtica<\/a>","tag_info":"Pol\u00edtica","comment_count":"0","_links":{"self":[{"href":"https:\/\/noticiasbahia360.com.br\/index.php?rest_route=\/wp\/v2\/posts\/91960","targetHints":{"allow":["GET"]}}],"collection":[{"href":"https:\/\/noticiasbahia360.com.br\/index.php?rest_route=\/wp\/v2\/posts"}],"about":[{"href":"https:\/\/noticiasbahia360.com.br\/index.php?rest_route=\/wp\/v2\/types\/post"}],"author":[{"embeddable":true,"href":"https:\/\/noticiasbahia360.com.br\/index.php?rest_route=\/wp\/v2\/users\/1"}],"replies":[{"embeddable":true,"href":"https:\/\/noticiasbahia360.com.br\/index.php?rest_route=%2Fwp%2Fv2%2Fcomments&post=91960"}],"version-history":[{"count":0,"href":"https:\/\/noticiasbahia360.com.br\/index.php?rest_route=\/wp\/v2\/posts\/91960\/revisions"}],"wp:featuredmedia":[{"embeddable":true,"href":"https:\/\/noticiasbahia360.com.br\/index.php?rest_route=\/wp\/v2\/media\/91961"}],"wp:attachment":[{"href":"https:\/\/noticiasbahia360.com.br\/index.php?rest_route=%2Fwp%2Fv2%2Fmedia&parent=91960"}],"wp:term":[{"taxonomy":"category","embeddable":true,"href":"https:\/\/noticiasbahia360.com.br\/index.php?rest_route=%2Fwp%2Fv2%2Fcategories&post=91960"},{"taxonomy":"post_tag","embeddable":true,"href":"https:\/\/noticiasbahia360.com.br\/index.php?rest_route=%2Fwp%2Fv2%2Ftags&post=91960"}],"curies":[{"name":"wp","href":"https:\/\/api.w.org\/{rel}","templated":true}]}}