{"id":91962,"date":"2025-07-03T11:17:00","date_gmt":"2025-07-03T14:17:00","guid":{"rendered":"https:\/\/noticiasbahia360.com.br\/?p=91962"},"modified":"2025-07-03T11:17:00","modified_gmt":"2025-07-03T14:17:00","slug":"lixao-em-condominio-do-bairro-asa-branca-preocupa-moradores","status":"publish","type":"post","link":"https:\/\/noticiasbahia360.com.br\/?p=91962","title":{"rendered":"Lix\u00e3o em condom\u00ednio do bairro Asa Branca preocupa moradores"},"content":{"rendered":"<div>\n<div>\n<figure><img decoding=\"async\" src=\"http:\/\/noticiasbahia360.com.br\/wp-content\/uploads\/2025\/07\/lichao-rua-o-rua-santo-antonio-bairro-asa-branca-feira-de-santana-foto-ed-santos-acorda-cidade-01.jpg\" alt=\"Asa Branca\"><figcaption>Foto: Ed Santos \/ Acorda Cidade <\/figcaption><\/figure>\n<\/div>\n<div class=\"wp-block-group\">\n<div class=\"wp-block-group__inner-container is-layout-constrained wp-block-group-is-layout-constrained\">\n<p>Moradores do condom\u00ednio <a href=\"https:\/\/www.acordacidade.com.br\/tag\/asa-branca\/\">Asa Branca<\/a>, localizado no bairro de mesmo nome em Feira de Santana, est\u00e3o reclamando do ac\u00famulo de lixo no local. Uma \u00e1rea entre a Rua Santo Ant\u00f4nio e a Rua O est\u00e1 servindo para descarte irregular de diversos tipos de res\u00edduos, preocupando quem mora pr\u00f3ximo ao lix\u00e3o improvisado.<\/p>\n<p>\u201cAqui est\u00e1 cr\u00edtico demais. \u00c9 escorpi\u00e3o, aranha, fora o mau cheiro, porque o pessoal joga at\u00e9 animais mortos. A coleta de lixo n\u00e3o est\u00e1 completando a rua toda e os moradores [do final da rua] est\u00e3o vindo jogar lixo aqui. Est\u00e1 terr\u00edvel, um fedor terr\u00edvel. O pessoal aqui n\u00e3o fica na frente de casa porque as muri\u00e7ocas est\u00e3o terr\u00edveis, aqui o caso \u00e9 s\u00e9rio\u201d, disse Ana Cl\u00e1udia de Jesus.<\/p>\n<figure class=\"wp-block-image size-full\"><img fetchpriority=\"high\" data-dominant-color=\"a59c9e\" data-has-transparency=\"false\" style=\"--dominant-color: #a59c9e;\" fetchpriority=\"high\" decoding=\"async\" width=\"1200\" height=\"675\" sizes=\"(max-width: 1200px) 100vw, 1200px\" src=\"http:\/\/noticiasbahia360.com.br\/wp-content\/uploads\/2025\/07\/lichao-rua-o-rua-santo-antonio-bairro-asa-branca-feira-de-santana-foto-ed-santos-acorda-cidade-00.jpg\" alt=\"Asa Branca\" class=\"wp-image-571069 not-transparent\" srcset=\"https:\/\/uploads.acordacidade.com.br\/2025\/07\/lichao-rua-o-rua-santo-antonio-bairro-asa-branca-feira-de-santana-foto-ed-santos-acorda-cidade-00-648x365.jpg 648w, https:\/\/uploads.acordacidade.com.br\/2025\/07\/lichao-rua-o-rua-santo-antonio-bairro-asa-branca-feira-de-santana-foto-ed-santos-acorda-cidade-00-150x84.jpg 150w, http:\/\/noticiasbahia360.com.br\/wp-content\/uploads\/2025\/07\/lichao-rua-o-rua-santo-antonio-bairro-asa-branca-feira-de-santana-foto-ed-santos-acorda-cidade-00.jpg 1200w\"><figcaption class=\"wp-element-caption\">Foto: Ed Santos \/ Acorda Cidade <\/figcaption><\/figure>\n<p>Ao Acorda Cidade, a moradora da Rua O explicou que, somado ao ac\u00famulo de lixo e \u00e0s muri\u00e7ocas, o local, que tamb\u00e9m n\u00e3o possui pavimenta\u00e7\u00e3o, tem diversas po\u00e7as de lama. Ana Cl\u00e1udia disse que o caminh\u00e3o da coleta n\u00e3o consegue ir at\u00e9 o final da rua, por n\u00e3o ser poss\u00edvel fazer uma manobra de retorno, e que os moradores desse trecho sem coleta est\u00e3o sendo obrigados a ir at\u00e9 o ponto do lix\u00e3o para depositar os res\u00edduos.<\/p>\n<p>\u201cA coleta de lixo vem fazer o trabalho direitinho, bonitinho, mas at\u00e9 a rua [dentro do condom\u00ednio]; fora n\u00e3o, porque eles n\u00e3o t\u00eam caminho para manobrar. Eu acredito que a solu\u00e7\u00e3o seria a prefeitura colocar um cont\u00eainer para o pessoal poder botar o lixo aqui\u201d, disse Ana Cl\u00e1udia.<\/p>\n<figure class=\"wp-block-image size-full\"><img data-dominant-color=\"897c75\" data-has-transparency=\"false\" style=\"--dominant-color: #897c75;\" decoding=\"async\" width=\"1200\" height=\"675\" sizes=\"(max-width: 1200px) 100vw, 1200px\" src=\"http:\/\/noticiasbahia360.com.br\/wp-content\/uploads\/2025\/07\/lichao-rua-o-rua-santo-antonio-bairro-asa-branca-feira-de-santana-foto-ed-santos-acorda-cidade-02.jpg\" alt=\"Asa Branca\" class=\"wp-image-571067 not-transparent\" srcset=\"https:\/\/uploads.acordacidade.com.br\/2025\/07\/lichao-rua-o-rua-santo-antonio-bairro-asa-branca-feira-de-santana-foto-ed-santos-acorda-cidade-02-648x365.jpg 648w, https:\/\/uploads.acordacidade.com.br\/2025\/07\/lichao-rua-o-rua-santo-antonio-bairro-asa-branca-feira-de-santana-foto-ed-santos-acorda-cidade-02-150x84.jpg 150w, http:\/\/noticiasbahia360.com.br\/wp-content\/uploads\/2025\/07\/lichao-rua-o-rua-santo-antonio-bairro-asa-branca-feira-de-santana-foto-ed-santos-acorda-cidade-02.jpg 1200w\"><figcaption class=\"wp-element-caption\">Foto: Ed Santos \/ Acorda Cidade <\/figcaption><\/figure>\n<p>\u201cAqui est\u00e1 terr\u00edvel, eu j\u00e1 achei tr\u00eas escorpi\u00f5es dentro da minha casa devido ao lixo. Eles t\u00eam que arrumar um jeito de colocar um cont\u00eainer aqui porque o pessoal joga muito lixo. Jogam sof\u00e1, bicho morto e fica, al\u00e9m de tudo, o mau cheiro dentro da casa da pessoa, mosca, muri\u00e7oca. H\u00e1 muito tempo j\u00e1 est\u00e1 desta forma\u201d, complementou Ana Carla Azevedo, que mora no local h\u00e1 nove anos.<\/p>\n<figure class=\"wp-block-image size-full\"><img data-dominant-color=\"868783\" data-has-transparency=\"false\" style=\"--dominant-color: #868783;\" decoding=\"async\" width=\"1200\" height=\"675\" sizes=\"(max-width: 1200px) 100vw, 1200px\" src=\"http:\/\/noticiasbahia360.com.br\/wp-content\/uploads\/2025\/07\/lichao-rua-o-rua-santo-antonio-bairro-asa-branca-feira-de-santana-foto-ed-santos-acorda-cidade-03.jpg\" alt=\"Asa Branca\" class=\"wp-image-571066 not-transparent\" srcset=\"https:\/\/uploads.acordacidade.com.br\/2025\/07\/lichao-rua-o-rua-santo-antonio-bairro-asa-branca-feira-de-santana-foto-ed-santos-acorda-cidade-03-648x365.jpg 648w, https:\/\/uploads.acordacidade.com.br\/2025\/07\/lichao-rua-o-rua-santo-antonio-bairro-asa-branca-feira-de-santana-foto-ed-santos-acorda-cidade-03-150x84.jpg 150w, http:\/\/noticiasbahia360.com.br\/wp-content\/uploads\/2025\/07\/lichao-rua-o-rua-santo-antonio-bairro-asa-branca-feira-de-santana-foto-ed-santos-acorda-cidade-03.jpg 1200w\"><figcaption class=\"wp-element-caption\">Foto: Ed Santos \/ Acorda Cidade <\/figcaption><\/figure>\n<\/div>\n<\/div>\n<div class=\"wp-block-group\">\n<div class=\"wp-block-group__inner-container is-layout-constrained wp-block-group-is-layout-constrained\">\n<h3 class=\"wp-block-heading\" id=\"h-o-que-diz-a-sesp\">O que diz a Sesp?<\/h3>\n<p>O Secret\u00e1rio de Servi\u00e7os P\u00fablicos de Feira de Santana, Justiniano Fran\u00e7a, informou que, ainda nesta quinta-feira (3), dia em que a reclama\u00e7\u00e3o dos moradores foi ao ar durante o programa Acorda Cidade, ir\u00e1 visitar o local com a equipe da Sesp para avaliar uma poss\u00edvel solu\u00e7\u00e3o para o problema. <\/p>\n<p>No \u00e1udio enviado para o Acorda Cidade, o secret\u00e1rio ainda aproveitou a oportunidade para refor\u00e7ar que os moradores s\u00e3o incentivados a acionar o servi\u00e7o de remo\u00e7\u00e3o de m\u00f3veis atrav\u00e9s do n\u00famero telef\u00f4nico 156.<\/p>\n<\/div>\n<\/div>\n<div class=\"wp-block-group\">\n<div class=\"wp-block-group__inner-container is-layout-constrained wp-block-group-is-layout-constrained\">\n<p><em>Com informa\u00e7\u00f5es do rep\u00f3rter Ed Santos do Acorda Cidade<\/em> <\/p>\n<p><em>Reportagem escrita pelo estagi\u00e1rio de jornalismo Jefferson Ara\u00fajo sob supervis\u00e3o do jornalista Gabriel Gon\u00e7alves<\/em><\/p>\n<p><em>Siga o Acorda Cidade no<\/em><a href=\"https:\/\/news.google.com\/search?q=acorda%20cidade&amp;hl=pt-BR&amp;gl=BR&amp;ceid=BR%3Apt-419\"><strong><em>\u00a0Google Not\u00edcias<\/em><\/strong><\/a><em>\u00a0e receba os principais destaques do dia. Participe tamb\u00e9m dos nossos canais no\u00a0<\/em><a href=\"https:\/\/www.whatsapp.com\/channel\/0029Va6Rb4v3WHTNnsh8WI3N\"><strong><em>WhatsApp<\/em><\/strong><\/a><em>\u00a0e\u00a0<\/em><a href=\"https:\/\/www.youtube.com\/@acordacidadenoticias\/videos\"><strong>Youtube<\/strong><\/a><em>\u00a0e grupo de\u00a0<\/em><a href=\"https:\/\/t.me\/+sSz0khrgARA0ZmRh\"><strong><em>Telegram<\/em><\/strong><\/a><\/p>\n<\/div>\n<\/div>\n<\/div>\n","protected":false},"excerpt":{"rendered":"<div>\n<div>\n<figure><img decoding=\"async\" src=\"https:\/\/uploads.acordacidade.com.br\/2025\/07\/lichao-rua-o-rua-santo-antonio-bairro-asa-branca-feira-de-santana-foto-ed-santos-acorda-cidade-01.jpg\" alt=\"Asa Branca\"><figcaption>Foto: Ed Santos \/ Acorda Cidade <\/figcaption><\/figure>\n<\/div>\n<p>O local, que fica entre a Rua Santo Ant\u00f4nio e a Rua O, est\u00e1 servindo para descarte de diversos tipos de res\u00edduos.<\/p><\/div>\n","protected":false},"author":1,"featured_media":91963,"comment_status":"closed","ping_status":"closed","sticky":false,"template":"","format":"gallery","meta":{"footnotes":""},"categories":[8,9,6,57,56,10],"tags":[],"class_list":["post-91962","post","type-post","status-publish","format-gallery","has-post-thumbnail","hentry","category-bahia","category-brasil","category-feira-de-santana","category-mundo","category-policia","category-politica","post_format-post-format-gallery"],"featured_image_urls":{"full":["https:\/\/noticiasbahia360.com.br\/wp-content\/uploads\/2025\/07\/lichao-rua-o-rua-santo-antonio-bairro-asa-branca-feira-de-santana-foto-ed-santos-acorda-cidade-01.jpg",1200,675,false],"thumbnail":["https:\/\/noticiasbahia360.com.br\/wp-content\/uploads\/2025\/07\/lichao-rua-o-rua-santo-antonio-bairro-asa-branca-feira-de-santana-foto-ed-santos-acorda-cidade-01-150x150.jpg",150,150,true],"medium":["https:\/\/noticiasbahia360.com.br\/wp-content\/uploads\/2025\/07\/lichao-rua-o-rua-santo-antonio-bairro-asa-branca-feira-de-santana-foto-ed-santos-acorda-cidade-01-300x169.jpg",300,169,true],"medium_large":["https:\/\/noticiasbahia360.com.br\/wp-content\/uploads\/2025\/07\/lichao-rua-o-rua-santo-antonio-bairro-asa-branca-feira-de-santana-foto-ed-santos-acorda-cidade-01-768x432.jpg",640,360,true],"large":["https:\/\/noticiasbahia360.com.br\/wp-content\/uploads\/2025\/07\/lichao-rua-o-rua-santo-antonio-bairro-asa-branca-feira-de-santana-foto-ed-santos-acorda-cidade-01-1024x576.jpg",640,360,true],"1536x1536":["https:\/\/noticiasbahia360.com.br\/wp-content\/uploads\/2025\/07\/lichao-rua-o-rua-santo-antonio-bairro-asa-branca-feira-de-santana-foto-ed-santos-acorda-cidade-01.jpg",1200,675,false],"2048x2048":["https:\/\/noticiasbahia360.com.br\/wp-content\/uploads\/2025\/07\/lichao-rua-o-rua-santo-antonio-bairro-asa-branca-feira-de-santana-foto-ed-santos-acorda-cidade-01.jpg",1200,675,false],"chromenews-featured":["https:\/\/noticiasbahia360.com.br\/wp-content\/uploads\/2025\/07\/lichao-rua-o-rua-santo-antonio-bairro-asa-branca-feira-de-santana-foto-ed-santos-acorda-cidade-01-1024x576.jpg",1024,576,true],"chromenews-large":["https:\/\/noticiasbahia360.com.br\/wp-content\/uploads\/2025\/07\/lichao-rua-o-rua-santo-antonio-bairro-asa-branca-feira-de-santana-foto-ed-santos-acorda-cidade-01-825x575.jpg",825,575,true],"chromenews-medium":["https:\/\/noticiasbahia360.com.br\/wp-content\/uploads\/2025\/07\/lichao-rua-o-rua-santo-antonio-bairro-asa-branca-feira-de-santana-foto-ed-santos-acorda-cidade-01-590x410.jpg",590,410,true]},"author_info":{"display_name":"noticiasbahia360.com.br","author_link":"https:\/\/noticiasbahia360.com.br\/?author=1"},"category_info":"<a href=\"https:\/\/noticiasbahia360.com.br\/?cat=8\" rel=\"category\">Bahia<\/a> <a href=\"https:\/\/noticiasbahia360.com.br\/?cat=9\" rel=\"category\">Brasil<\/a> <a href=\"https:\/\/noticiasbahia360.com.br\/?cat=6\" rel=\"category\">Feira de Santana<\/a> <a href=\"https:\/\/noticiasbahia360.com.br\/?cat=57\" rel=\"category\">Mundo<\/a> <a href=\"https:\/\/noticiasbahia360.com.br\/?cat=56\" rel=\"category\">Pol\u00edcia<\/a> <a href=\"https:\/\/noticiasbahia360.com.br\/?cat=10\" rel=\"category\">Pol\u00edtica<\/a>","tag_info":"Pol\u00edtica","comment_count":"0","_links":{"self":[{"href":"https:\/\/noticiasbahia360.com.br\/index.php?rest_route=\/wp\/v2\/posts\/91962","targetHints":{"allow":["GET"]}}],"collection":[{"href":"https:\/\/noticiasbahia360.com.br\/index.php?rest_route=\/wp\/v2\/posts"}],"about":[{"href":"https:\/\/noticiasbahia360.com.br\/index.php?rest_route=\/wp\/v2\/types\/post"}],"author":[{"embeddable":true,"href":"https:\/\/noticiasbahia360.com.br\/index.php?rest_route=\/wp\/v2\/users\/1"}],"replies":[{"embeddable":true,"href":"https:\/\/noticiasbahia360.com.br\/index.php?rest_route=%2Fwp%2Fv2%2Fcomments&post=91962"}],"version-history":[{"count":0,"href":"https:\/\/noticiasbahia360.com.br\/index.php?rest_route=\/wp\/v2\/posts\/91962\/revisions"}],"wp:featuredmedia":[{"embeddable":true,"href":"https:\/\/noticiasbahia360.com.br\/index.php?rest_route=\/wp\/v2\/media\/91963"}],"wp:attachment":[{"href":"https:\/\/noticiasbahia360.com.br\/index.php?rest_route=%2Fwp%2Fv2%2Fmedia&parent=91962"}],"wp:term":[{"taxonomy":"category","embeddable":true,"href":"https:\/\/noticiasbahia360.com.br\/index.php?rest_route=%2Fwp%2Fv2%2Fcategories&post=91962"},{"taxonomy":"post_tag","embeddable":true,"href":"https:\/\/noticiasbahia360.com.br\/index.php?rest_route=%2Fwp%2Fv2%2Ftags&post=91962"}],"curies":[{"name":"wp","href":"https:\/\/api.w.org\/{rel}","templated":true}]}}