{"id":91967,"date":"2025-07-03T11:17:11","date_gmt":"2025-07-03T14:17:11","guid":{"rendered":"https:\/\/noticiasbahia360.com.br\/?p=91967"},"modified":"2025-07-03T11:17:11","modified_gmt":"2025-07-03T14:17:11","slug":"lula-quer-parceria-civilizada-entre-governo-estadual-e-governo-federal-para-definir-papel-de-cada-um","status":"publish","type":"post","link":"https:\/\/noticiasbahia360.com.br\/?p=91967","title":{"rendered":"Lula quer parceria civilizada entre governo estadual e Governo Federal para definir papel de cada um"},"content":{"rendered":"<div>\n<div>\n<figure><img decoding=\"async\" src=\"http:\/\/noticiasbahia360.com.br\/wp-content\/uploads\/2025\/07\/QUvozHab-Lula.webp\" alt=\"INSS - Lula comenta sobre fraudes\"><figcaption>Foto: Fabio Rodrigues-Pozzebom\/ Ag\u00eancia Brasil<\/figcaption><\/figure>\n<\/div>\n<p>O presidente Luiz In\u00e1cio Lula da Silva voltou a cobrar, nesta quarta-feira, 2 de julho, durante entrevista concedida ao Jornal da Manh\u00e3, em Salvador (BA), que \u00e9 preciso haver uma defini\u00e7\u00e3o clara de qual ser\u00e1 o papel do Governo Federal no combate \u00e0 criminalidade no Brasil e na quest\u00e3o da seguran\u00e7a como um todo no pa\u00eds.<\/p>\n<p>\u201cO que n\u00f3s queremos construir \u00e9 uma parceria civilizada entre o governo estadual e o Governo Federal para saber qual \u00e9 o papel de cada um. Onde \u00e9 que o Governo Federal entra? S\u00f3 para dar dinheiro ou ele tem uma participa\u00e7\u00e3o nas decis\u00f5es pol\u00edticas do combate \u00e0 seguran\u00e7a?\u201d, indagou Lula.<\/p>\n<p>Para o presidente, a PEC da Seguran\u00e7a P\u00fablica, encaminhada ao Congresso Nacional no dia 23 de abril, representa uma a\u00e7\u00e3o in\u00e9dita do Governo Federal na \u00e1rea da seguran\u00e7a p\u00fablica, sem que haja uma interfer\u00eancia na autonomia dos estados. \u201cEssa PEC vai permitir que, na discuss\u00e3o no Congresso Nacional, a gente possa definir claramente o seguinte: como \u00e9 que o Governo Federal vai participar ativamente do combate ao crime organizado, do combate \u00e0 criminalidade e \u00e0 viol\u00eancia no Brasil. Porque ela cresce a cada dia que passa\u201d, frisou Lula.<\/p>\n<h3 class=\"wp-block-heading\" id=\"h-reforco-nas-fronteiras\">Refor\u00e7o nas Fronteiras<\/h3>\n<p>O presidente explicou que, enquanto a PEC da Seguran\u00e7a n\u00e3o \u00e9 aprovada no Congresso Nacional, o Governo Federal tem atuado em outras frentes de sua compet\u00eancia no enfrentamento ao crime organizado, como o refor\u00e7o na fiscaliza\u00e7\u00e3o nas fronteiras e o combate ao garimpo e \u00e0 explora\u00e7\u00e3o ilegal de madeira.\u00a0<\/p>\n<p>\u201cN\u00f3s vamos assumir responsabilidade mais pelo crime organizado pelas nossas fronteiras. N\u00f3s estamos estruturando a Pol\u00edcia Federal. J\u00e1 montamos uma base da Pol\u00edcia Federal em Manaus para a gente poder tomar conta da Amaz\u00f4nia, para enfrentar o garimpo ilegal, para enfrentar os madeireiros ilegais, para enfrentar o contrabando na nossa fronteira. Mas \u00e9 preciso muito mais\u201d, declarou.<\/p>\n<p>\u201cDurante muito tempo, se teve no Brasil uma discuss\u00e3o que eu acho que n\u00e3o chegou a nada, que \u00e9 quem \u00e9 que manda na pol\u00edcia, quem \u00e9 que cuida da seguran\u00e7a. Se voc\u00ea for olhar a Constitui\u00e7\u00e3o, a seguran\u00e7a em si \u00e9 da responsabilidade do governador do Estado, que tem a Pol\u00edcia Militar, que tem a Pol\u00edcia Civil. O Governo Federal tem a Pol\u00edcia Federal e as For\u00e7as Armadas, que n\u00e3o entram nessa hist\u00f3ria, e a Pol\u00edcia Rodovi\u00e1ria Federal\u201d, lembrou Lula.\u00a0<\/p>\n<h2 class=\"wp-block-heading\" id=\"h-inteligencia\">Intelig\u00eancia <\/h2>\n<p>Outro ponto importante ressaltado pelo presidente \u00e9 o investimento em intelig\u00eancia, sem o qual n\u00e3o \u00e9 poss\u00edvel combater o crime organizado. \u201cO crime organizado \u00e9 uma ind\u00fastria multinacional. Ele tem bra\u00e7o no poder judici\u00e1rio, no poder pol\u00edtico, no futebol. Tem bra\u00e7o em tudo quanto \u00e9 lugar. Tem bra\u00e7o internacional. Para enfrentar o crime organizado \u00e9 preciso que a gente seja mais profissional e invista muito em intelig\u00eancia, para que a gente possa combater esse mal que \u00e9 uma chaga no mundo inteiro. E no Brasil, ela cresce\u201d.<\/p>\n<p><em>Siga o Acorda Cidade no<\/em><a href=\"https:\/\/news.google.com\/search?q=acorda%20cidade&amp;hl=pt-BR&amp;gl=BR&amp;ceid=BR%3Apt-419\"><strong><em>\u00a0Google Not\u00edcias<\/em><\/strong><\/a><em>\u00a0e receba os principais destaques do dia. Participe tamb\u00e9m dos nossos canais no\u00a0<\/em><a href=\"https:\/\/www.whatsapp.com\/channel\/0029Va6Rb4v3WHTNnsh8WI3N\"><strong><em>WhatsApp<\/em><\/strong><\/a><em>\u00a0e\u00a0<\/em><a href=\"https:\/\/www.youtube.com\/@acordacidadenoticias\/videos\"><strong>YouTube<\/strong><\/a><em>\u00a0e grupo de\u00a0<\/em><a href=\"https:\/\/t.me\/+sSz0khrgARA0ZmRh\"><strong><em>Telegram<\/em><\/strong><\/a><\/p>\n<\/p>\n<\/div>\n","protected":false},"excerpt":{"rendered":"<div>\n<div>\n<figure><img decoding=\"async\" src=\"https:\/\/uploads.acordacidade.com.br\/2025\/06\/QUvozHab-Lula.webp\" alt=\"INSS - Lula comenta sobre fraudes\"><figcaption>Foto: Fabio Rodrigues-Pozzebom\/ Ag\u00eancia Brasil<\/figcaption><\/figure>\n<\/div>\n<p>\u201cO que n\u00f3s queremos construir \u00e9 uma parceria civilizada. Onde \u00e9 que o Governo Federal entra?&#8221;, disse o presidente Lula.<\/p><\/div>\n","protected":false},"author":1,"featured_media":91968,"comment_status":"closed","ping_status":"closed","sticky":false,"template":"","format":"gallery","meta":{"footnotes":""},"categories":[8,9,6,57,56,10],"tags":[],"class_list":["post-91967","post","type-post","status-publish","format-gallery","has-post-thumbnail","hentry","category-bahia","category-brasil","category-feira-de-santana","category-mundo","category-policia","category-politica","post_format-post-format-gallery"],"featured_image_urls":{"full":["https:\/\/noticiasbahia360.com.br\/wp-content\/uploads\/2025\/07\/QUvozHab-Lula.webp",1200,718,false],"thumbnail":["https:\/\/noticiasbahia360.com.br\/wp-content\/uploads\/2025\/07\/QUvozHab-Lula-150x150.webp",150,150,true],"medium":["https:\/\/noticiasbahia360.com.br\/wp-content\/uploads\/2025\/07\/QUvozHab-Lula-300x180.webp",300,180,true],"medium_large":["https:\/\/noticiasbahia360.com.br\/wp-content\/uploads\/2025\/07\/QUvozHab-Lula-768x460.webp",640,383,true],"large":["https:\/\/noticiasbahia360.com.br\/wp-content\/uploads\/2025\/07\/QUvozHab-Lula-1024x613.webp",640,383,true],"1536x1536":["https:\/\/noticiasbahia360.com.br\/wp-content\/uploads\/2025\/07\/QUvozHab-Lula.webp",1200,718,false],"2048x2048":["https:\/\/noticiasbahia360.com.br\/wp-content\/uploads\/2025\/07\/QUvozHab-Lula.webp",1200,718,false],"chromenews-featured":["https:\/\/noticiasbahia360.com.br\/wp-content\/uploads\/2025\/07\/QUvozHab-Lula-1024x613.webp",1024,613,true],"chromenews-large":["https:\/\/noticiasbahia360.com.br\/wp-content\/uploads\/2025\/07\/QUvozHab-Lula-825x575.webp",825,575,true],"chromenews-medium":["https:\/\/noticiasbahia360.com.br\/wp-content\/uploads\/2025\/07\/QUvozHab-Lula-590x410.webp",590,410,true]},"author_info":{"display_name":"noticiasbahia360.com.br","author_link":"https:\/\/noticiasbahia360.com.br\/?author=1"},"category_info":"<a href=\"https:\/\/noticiasbahia360.com.br\/?cat=8\" rel=\"category\">Bahia<\/a> <a href=\"https:\/\/noticiasbahia360.com.br\/?cat=9\" rel=\"category\">Brasil<\/a> <a href=\"https:\/\/noticiasbahia360.com.br\/?cat=6\" rel=\"category\">Feira de Santana<\/a> <a href=\"https:\/\/noticiasbahia360.com.br\/?cat=57\" rel=\"category\">Mundo<\/a> <a href=\"https:\/\/noticiasbahia360.com.br\/?cat=56\" rel=\"category\">Pol\u00edcia<\/a> <a href=\"https:\/\/noticiasbahia360.com.br\/?cat=10\" rel=\"category\">Pol\u00edtica<\/a>","tag_info":"Pol\u00edtica","comment_count":"0","_links":{"self":[{"href":"https:\/\/noticiasbahia360.com.br\/index.php?rest_route=\/wp\/v2\/posts\/91967","targetHints":{"allow":["GET"]}}],"collection":[{"href":"https:\/\/noticiasbahia360.com.br\/index.php?rest_route=\/wp\/v2\/posts"}],"about":[{"href":"https:\/\/noticiasbahia360.com.br\/index.php?rest_route=\/wp\/v2\/types\/post"}],"author":[{"embeddable":true,"href":"https:\/\/noticiasbahia360.com.br\/index.php?rest_route=\/wp\/v2\/users\/1"}],"replies":[{"embeddable":true,"href":"https:\/\/noticiasbahia360.com.br\/index.php?rest_route=%2Fwp%2Fv2%2Fcomments&post=91967"}],"version-history":[{"count":0,"href":"https:\/\/noticiasbahia360.com.br\/index.php?rest_route=\/wp\/v2\/posts\/91967\/revisions"}],"wp:featuredmedia":[{"embeddable":true,"href":"https:\/\/noticiasbahia360.com.br\/index.php?rest_route=\/wp\/v2\/media\/91968"}],"wp:attachment":[{"href":"https:\/\/noticiasbahia360.com.br\/index.php?rest_route=%2Fwp%2Fv2%2Fmedia&parent=91967"}],"wp:term":[{"taxonomy":"category","embeddable":true,"href":"https:\/\/noticiasbahia360.com.br\/index.php?rest_route=%2Fwp%2Fv2%2Fcategories&post=91967"},{"taxonomy":"post_tag","embeddable":true,"href":"https:\/\/noticiasbahia360.com.br\/index.php?rest_route=%2Fwp%2Fv2%2Ftags&post=91967"}],"curies":[{"name":"wp","href":"https:\/\/api.w.org\/{rel}","templated":true}]}}