{"id":91969,"date":"2025-07-03T11:26:12","date_gmt":"2025-07-03T14:26:12","guid":{"rendered":"https:\/\/noticiasbahia360.com.br\/?p=91969"},"modified":"2025-07-03T11:26:12","modified_gmt":"2025-07-03T14:26:12","slug":"ex-prefeito-de-feira-de-santana-podera-assumir-cargo-a-prefeitura-de-salvador","status":"publish","type":"post","link":"https:\/\/noticiasbahia360.com.br\/?p=91969","title":{"rendered":"Ex-prefeito de Feira de Santana poder\u00e1 assumir cargo a Prefeitura de Salvador"},"content":{"rendered":"<div>\n<div>\n<figure><img decoding=\"async\" src=\"http:\/\/noticiasbahia360.com.br\/wp-content\/uploads\/2025\/07\/d3zhKCWS-desfile-7-setembro-foto-ed-santos-acorda-cidade22.jpg\" alt=\"desfile 7 setembro\"><figcaption>Colbert Martins, prefeito de Feira de Santana | Foto: Ed Santos \/ Acorda Cidade <\/figcaption><\/figure>\n<\/div>\n<p>Colbert Martins Filho (MDB), ex-prefeito de Feira de Santana, foi oficialmente colocado \u00e0 disposi\u00e7\u00e3o da Prefeitura de Salvador at\u00e9 31 de dezembro de 2026. A decis\u00e3o foi assinada pelo governador Jer\u00f4nimo Rodrigues, por meio de decreto publicado no Di\u00e1rio Oficial do Estado da Bahia na \u00faltima quarta-feira (2).<\/p>\n<p>A decis\u00e3o envolve os v\u00ednculos funcionais de Colbert como Professor Assistente da Universidade Estadual de Feira de Santana (Uefs) e M\u00e9dico da Secretaria da Sa\u00fade.<\/p>\n<p>De acordo com o decreto, a cess\u00e3o do servidor se d\u00e1 sem \u00f4nus para os \u00f3rg\u00e3os de origem, ou seja, nem a Uefs nem a Secretaria da Sa\u00fade arcar\u00e3o com custos relacionados \u00e0 nova atua\u00e7\u00e3o do ex-prefeito. <\/p>\n<p>A nova fun\u00e7\u00e3o que exercer\u00e1 na administra\u00e7\u00e3o da capital baiana ainda n\u00e3o foi divulgada pela Prefeitura de Salvador.<\/p>\n<p>Ex-prefeito de Feira, Colbert governou a Princesa do Sert\u00e3o entre 2018 e 2024. O pol\u00edtico assumiu o cargo ap\u00f3s a sa\u00edda do atual prefeito da cidade, Jos\u00e9 Ronaldo. Logo depois, ele foi oficialmente eleito em novo pleito.<\/p>\n<p><em>Siga o Acorda Cidade no<\/em><a href=\"https:\/\/news.google.com\/search?q=acorda%20cidade&amp;hl=pt-BR&amp;gl=BR&amp;ceid=BR%3Apt-419\"><strong><em>\u00a0Google Not\u00edcias<\/em><\/strong><\/a><em>\u00a0e receba os principais destaques do dia. Participe tamb\u00e9m dos nossos canais no\u00a0<\/em><a href=\"https:\/\/www.whatsapp.com\/channel\/0029Va6Rb4v3WHTNnsh8WI3N\"><strong><em>WhatsApp<\/em><\/strong><\/a><em>\u00a0e\u00a0<\/em><a href=\"https:\/\/www.youtube.com\/@acordacidadenoticias\/videos\"><strong>Youtube<\/strong><\/a><em>\u00a0e grupo de\u00a0<\/em><a href=\"https:\/\/t.me\/+sSz0khrgARA0ZmRh\"><strong><em>Telegram<\/em><\/strong><\/a><em>.<\/em><\/p>\n<\/div>\n","protected":false},"excerpt":{"rendered":"<div>\n<div>\n<figure><img decoding=\"async\" src=\"https:\/\/uploads.acordacidade.com.br\/2024\/09\/d3zhKCWS-desfile-7-setembro-foto-ed-santos-acorda-cidade22.jpg\" alt=\"desfile 7 setembro\"><figcaption>Colbert Martins, prefeito de Feira de Santana | Foto: Ed Santos \/ Acorda Cidade <\/figcaption><\/figure>\n<\/div>\n<p>A decis\u00e3o envolve os v\u00ednculos funcionais de Colbert como Professor Assistente da Uefs e M\u00e9dico da Secretaria da Sa\u00fade.<\/p><\/div>\n","protected":false},"author":1,"featured_media":91970,"comment_status":"closed","ping_status":"closed","sticky":false,"template":"","format":"gallery","meta":{"footnotes":""},"categories":[8,9,6,57,56,10],"tags":[],"class_list":["post-91969","post","type-post","status-publish","format-gallery","has-post-thumbnail","hentry","category-bahia","category-brasil","category-feira-de-santana","category-mundo","category-policia","category-politica","post_format-post-format-gallery"],"featured_image_urls":{"full":["https:\/\/noticiasbahia360.com.br\/wp-content\/uploads\/2025\/07\/d3zhKCWS-desfile-7-setembro-foto-ed-santos-acorda-cidade22.jpg",640,360,false],"thumbnail":["https:\/\/noticiasbahia360.com.br\/wp-content\/uploads\/2025\/07\/d3zhKCWS-desfile-7-setembro-foto-ed-santos-acorda-cidade22-150x150.jpg",150,150,true],"medium":["https:\/\/noticiasbahia360.com.br\/wp-content\/uploads\/2025\/07\/d3zhKCWS-desfile-7-setembro-foto-ed-santos-acorda-cidade22-300x169.jpg",300,169,true],"medium_large":["https:\/\/noticiasbahia360.com.br\/wp-content\/uploads\/2025\/07\/d3zhKCWS-desfile-7-setembro-foto-ed-santos-acorda-cidade22.jpg",640,360,false],"large":["https:\/\/noticiasbahia360.com.br\/wp-content\/uploads\/2025\/07\/d3zhKCWS-desfile-7-setembro-foto-ed-santos-acorda-cidade22.jpg",640,360,false],"1536x1536":["https:\/\/noticiasbahia360.com.br\/wp-content\/uploads\/2025\/07\/d3zhKCWS-desfile-7-setembro-foto-ed-santos-acorda-cidade22.jpg",640,360,false],"2048x2048":["https:\/\/noticiasbahia360.com.br\/wp-content\/uploads\/2025\/07\/d3zhKCWS-desfile-7-setembro-foto-ed-santos-acorda-cidade22.jpg",640,360,false],"chromenews-featured":["https:\/\/noticiasbahia360.com.br\/wp-content\/uploads\/2025\/07\/d3zhKCWS-desfile-7-setembro-foto-ed-santos-acorda-cidade22.jpg",640,360,false],"chromenews-large":["https:\/\/noticiasbahia360.com.br\/wp-content\/uploads\/2025\/07\/d3zhKCWS-desfile-7-setembro-foto-ed-santos-acorda-cidade22.jpg",640,360,false],"chromenews-medium":["https:\/\/noticiasbahia360.com.br\/wp-content\/uploads\/2025\/07\/d3zhKCWS-desfile-7-setembro-foto-ed-santos-acorda-cidade22-590x360.jpg",590,360,true]},"author_info":{"display_name":"noticiasbahia360.com.br","author_link":"https:\/\/noticiasbahia360.com.br\/?author=1"},"category_info":"<a href=\"https:\/\/noticiasbahia360.com.br\/?cat=8\" rel=\"category\">Bahia<\/a> <a href=\"https:\/\/noticiasbahia360.com.br\/?cat=9\" rel=\"category\">Brasil<\/a> <a href=\"https:\/\/noticiasbahia360.com.br\/?cat=6\" rel=\"category\">Feira de Santana<\/a> <a href=\"https:\/\/noticiasbahia360.com.br\/?cat=57\" rel=\"category\">Mundo<\/a> <a href=\"https:\/\/noticiasbahia360.com.br\/?cat=56\" rel=\"category\">Pol\u00edcia<\/a> <a href=\"https:\/\/noticiasbahia360.com.br\/?cat=10\" rel=\"category\">Pol\u00edtica<\/a>","tag_info":"Pol\u00edtica","comment_count":"0","_links":{"self":[{"href":"https:\/\/noticiasbahia360.com.br\/index.php?rest_route=\/wp\/v2\/posts\/91969","targetHints":{"allow":["GET"]}}],"collection":[{"href":"https:\/\/noticiasbahia360.com.br\/index.php?rest_route=\/wp\/v2\/posts"}],"about":[{"href":"https:\/\/noticiasbahia360.com.br\/index.php?rest_route=\/wp\/v2\/types\/post"}],"author":[{"embeddable":true,"href":"https:\/\/noticiasbahia360.com.br\/index.php?rest_route=\/wp\/v2\/users\/1"}],"replies":[{"embeddable":true,"href":"https:\/\/noticiasbahia360.com.br\/index.php?rest_route=%2Fwp%2Fv2%2Fcomments&post=91969"}],"version-history":[{"count":0,"href":"https:\/\/noticiasbahia360.com.br\/index.php?rest_route=\/wp\/v2\/posts\/91969\/revisions"}],"wp:featuredmedia":[{"embeddable":true,"href":"https:\/\/noticiasbahia360.com.br\/index.php?rest_route=\/wp\/v2\/media\/91970"}],"wp:attachment":[{"href":"https:\/\/noticiasbahia360.com.br\/index.php?rest_route=%2Fwp%2Fv2%2Fmedia&parent=91969"}],"wp:term":[{"taxonomy":"category","embeddable":true,"href":"https:\/\/noticiasbahia360.com.br\/index.php?rest_route=%2Fwp%2Fv2%2Fcategories&post=91969"},{"taxonomy":"post_tag","embeddable":true,"href":"https:\/\/noticiasbahia360.com.br\/index.php?rest_route=%2Fwp%2Fv2%2Ftags&post=91969"}],"curies":[{"name":"wp","href":"https:\/\/api.w.org\/{rel}","templated":true}]}}