{"id":91973,"date":"2025-07-03T11:39:13","date_gmt":"2025-07-03T14:39:13","guid":{"rendered":"https:\/\/noticiasbahia360.com.br\/?p=91973"},"modified":"2025-07-03T11:39:13","modified_gmt":"2025-07-03T14:39:13","slug":"uso-da-inteligencia-artificial-amplia-formas-de-agressao-a-mulher","status":"publish","type":"post","link":"https:\/\/noticiasbahia360.com.br\/?p=91973","title":{"rendered":"Uso da Intelig\u00eancia Artificial amplia formas de agress\u00e3o \u00e0 mulher"},"content":{"rendered":"<div>\n<div>\n<figure><img decoding=\"async\" src=\"http:\/\/noticiasbahia360.com.br\/wp-content\/uploads\/2025\/07\/Inteligencia-Artificial-freepik.jpg\" alt=\"IA\"><figcaption>Foto: Pikisuperstar\/Freepik<\/figcaption><\/figure>\n<\/div>\n<p>A universit\u00e1ria Larissa Silva, de 21 anos, ainda tenta se recuperar do trauma causado por um crime digital. Ela teve sua imagem manipulada por uma ferramenta de Intelig\u00eancia Artificial (IA). Nas imagens falsas, criadas a partir da tecnologia, ela aparece em cenas \u00edntimas e sem roupa. O conte\u00fado foi compartilhado nas redes sociais e gerou um forte abalo emocional na estudante.<\/p>\n<p>\u201cEu n\u00e3o sabia mais o que era verdade. Amigos e familiares viram aquilo. Mesmo sabendo que era falso, eu me senti exposta, humilhada. \u00c9 uma dor que n\u00e3o desejo para ningu\u00e9m\u201d, desabafa. Atualmente, Larissa faz acompanhamento psicol\u00f3gico e luta para que outras mulheres tamb\u00e9m tenham coragem de denunciar, caso sejam v\u00edtimas desse tipo de agress\u00e3o.<\/p>\n<p>Casos como o de Larissa ainda n\u00e3o aparecem de forma espec\u00edfica nas estat\u00edsticas oficiais, mas evidenciam um novo cen\u00e1rio de viol\u00eancia digital, ampliado pelo uso de tecnologias como a IA. Como forma de enfrentamento, foi sancionada a\u00a0<strong>Lei 15.123\/2025<\/strong>, que aumenta em 50% a pena para crimes de viol\u00eancia psicol\u00f3gica praticados com uso de tecnologia. A legisla\u00e7\u00e3o tamb\u00e9m prev\u00ea at\u00e9 seis anos de pris\u00e3o para quem divulgar, sem consentimento, imagens de estupro ou cenas de sexo envolvendo a v\u00edtima.<\/p>\n<p>A professora e advogada Nat\u00e1lia Reis, do curso de Direito da Est\u00e1cio, considera a nova lei um avan\u00e7o importante. \u201cEla surge justamente num cen\u00e1rio em que as intelig\u00eancias artificiais e as novas tecnologias est\u00e3o se desenvolvendo de forma exponencial, tornando cada vez mais dif\u00edcil distinguir o que \u00e9 real daquilo que \u00e9 manipulado\u201d, afirma.<\/p>\n<p>Segundo ela, o desafio agora \u00e9 estruturar o sistema p\u00fablico para lidar com esse tipo de crime. \u201cA gente precisa de capacita\u00e7\u00e3o das autoridades e especializa\u00e7\u00e3o. Tamb\u00e9m de intelig\u00eancias artificiais dessas pr\u00f3prias autoridades que possam ajudar a identificar o v\u00eddeo, a imagem que foi manipulada, aquilo que \u00e9 real e aquilo que n\u00e3o \u00e9\u201d, pontua.<\/p>\n<p>A especialista destaca ainda a import\u00e2ncia da responsabiliza\u00e7\u00e3o das plataformas digitais. \u201cSe a gente tirar essa responsabilidade das plataformas que est\u00e3o veiculando esse tipo de conte\u00fado, a gente tamb\u00e9m n\u00e3o consegue conter\u201d, alerta.<\/p>\n<h3 class=\"wp-block-heading\" id=\"h-outros-crimes\">Outros crimes<\/h3>\n<p>Al\u00e9m do uso da IA, outros crimes j\u00e1 previstos no C\u00f3digo Penal tamb\u00e9m podem ser enquadrados na lei, como cyberbullying, stalking e crimes contra a honra. No campo civil, as v\u00edtimas podem buscar indeniza\u00e7\u00e3o por danos morais relacionados \u00e0 viola\u00e7\u00e3o de direitos como intimidade, honra e vida privada.<\/p>\n<p>Enquanto os crimes digitais ainda come\u00e7am a ser reconhecidos formalmente, os dados da viol\u00eancia convencional contra a mulher no Maranh\u00e3o continuam alarmantes. Em 2024, a Central de Atendimento \u00e0 Mulher \u2014 Ligue 180 registrou 17.832 atendimentos no estado, um aumento de 99,7% em rela\u00e7\u00e3o a 2023, quando foram contabilizados 8.928 atendimentos.<\/p>\n<p>O n\u00famero de den\u00fancias tamb\u00e9m subiu 49,4%, passando de 1.896 casos em 2023 para 2.833 em 2024. Desse total, 2.585 den\u00fancias foram feitas por telefone e 209 pelo WhatsApp.<\/p>\n<p>A frequ\u00eancia das agress\u00f5es tamb\u00e9m preocupa: em 1.336 atendimentos, a v\u00edtima relatou sofrer viol\u00eancia diariamente, enquanto 534 apontaram que as agress\u00f5es ocorrem de forma ocasional.<\/p>\n<p>\u201cA nova lei \u00e9 um primeiro passo para que as mulheres possam se sentir mais seguras no ambiente virtual, mas \u00e9 preciso ir al\u00e9m. S\u00f3 vamos avan\u00e7ar de verdade quando houver uma resposta r\u00e1pida, apoio psicol\u00f3gico eficaz e a certeza de que os agressores ser\u00e3o punidos\u201d, destaca a advogada Nat\u00e1lia Reis.<\/p>\n<p>Enquanto busca justi\u00e7a, Larissa Silva segue usando sua dor como forma de resist\u00eancia. Ela espera que seu caso sirva de alerta para outras mulheres e para a sociedade. \u201cEu n\u00e3o posso mudar o que aconteceu comigo, mas posso transformar isso em for\u00e7a para impedir que outras passem pelo mesmo. Denunciar \u00e9 dif\u00edcil, mas \u00e9 necess\u00e1rio\u201d, afirma.<\/p>\n<p><em>Siga o Acorda Cidade no<\/em><a href=\"https:\/\/news.google.com\/search?q=acorda%20cidade&amp;hl=pt-BR&amp;gl=BR&amp;ceid=BR%3Apt-419\"><strong><em>\u00a0Google Not\u00edcias<\/em><\/strong><\/a><em>\u00a0e receba os principais destaques do dia. Participe tamb\u00e9m dos nossos canais no\u00a0<\/em><a href=\"https:\/\/www.whatsapp.com\/channel\/0029Va6Rb4v3WHTNnsh8WI3N\"><strong><em>WhatsApp<\/em><\/strong><\/a><em>\u00a0e\u00a0<\/em><a href=\"https:\/\/www.youtube.com\/@acordacidadenoticias\/videos\"><strong>YouTube<\/strong><\/a><em>\u00a0e grupo de\u00a0<\/em><a href=\"https:\/\/t.me\/+sSz0khrgARA0ZmRh\"><strong><em>Telegram<\/em><\/strong><\/a><\/p>\n<\/div>\n","protected":false},"excerpt":{"rendered":"<div>\n<div>\n<figure><img decoding=\"async\" src=\"https:\/\/uploads.acordacidade.com.br\/2025\/01\/Inteligencia-Artificial-freepik.jpg\" alt=\"IA\"><figcaption>Foto: Pikisuperstar\/Freepik<\/figcaption><\/figure>\n<\/div>\n<p>Uma universit\u00e1ria de 21 anos teve sua imagem manipulada por uma ferramenta de Intelig\u00eancia Artificial (IA) e ainda se recupera do trauma.<\/p><\/div>\n","protected":false},"author":1,"featured_media":91974,"comment_status":"closed","ping_status":"closed","sticky":false,"template":"","format":"gallery","meta":{"footnotes":""},"categories":[8,9,6,57,56,10],"tags":[],"class_list":["post-91973","post","type-post","status-publish","format-gallery","has-post-thumbnail","hentry","category-bahia","category-brasil","category-feira-de-santana","category-mundo","category-policia","category-politica","post_format-post-format-gallery"],"featured_image_urls":{"full":["https:\/\/noticiasbahia360.com.br\/wp-content\/uploads\/2025\/07\/Inteligencia-Artificial-freepik.jpg",640,427,false],"thumbnail":["https:\/\/noticiasbahia360.com.br\/wp-content\/uploads\/2025\/07\/Inteligencia-Artificial-freepik-150x150.jpg",150,150,true],"medium":["https:\/\/noticiasbahia360.com.br\/wp-content\/uploads\/2025\/07\/Inteligencia-Artificial-freepik-300x200.jpg",300,200,true],"medium_large":["https:\/\/noticiasbahia360.com.br\/wp-content\/uploads\/2025\/07\/Inteligencia-Artificial-freepik.jpg",640,427,false],"large":["https:\/\/noticiasbahia360.com.br\/wp-content\/uploads\/2025\/07\/Inteligencia-Artificial-freepik.jpg",640,427,false],"1536x1536":["https:\/\/noticiasbahia360.com.br\/wp-content\/uploads\/2025\/07\/Inteligencia-Artificial-freepik.jpg",640,427,false],"2048x2048":["https:\/\/noticiasbahia360.com.br\/wp-content\/uploads\/2025\/07\/Inteligencia-Artificial-freepik.jpg",640,427,false],"chromenews-featured":["https:\/\/noticiasbahia360.com.br\/wp-content\/uploads\/2025\/07\/Inteligencia-Artificial-freepik.jpg",640,427,false],"chromenews-large":["https:\/\/noticiasbahia360.com.br\/wp-content\/uploads\/2025\/07\/Inteligencia-Artificial-freepik.jpg",640,427,false],"chromenews-medium":["https:\/\/noticiasbahia360.com.br\/wp-content\/uploads\/2025\/07\/Inteligencia-Artificial-freepik-590x410.jpg",590,410,true]},"author_info":{"display_name":"noticiasbahia360.com.br","author_link":"https:\/\/noticiasbahia360.com.br\/?author=1"},"category_info":"<a href=\"https:\/\/noticiasbahia360.com.br\/?cat=8\" rel=\"category\">Bahia<\/a> <a href=\"https:\/\/noticiasbahia360.com.br\/?cat=9\" rel=\"category\">Brasil<\/a> <a href=\"https:\/\/noticiasbahia360.com.br\/?cat=6\" rel=\"category\">Feira de Santana<\/a> <a href=\"https:\/\/noticiasbahia360.com.br\/?cat=57\" rel=\"category\">Mundo<\/a> <a href=\"https:\/\/noticiasbahia360.com.br\/?cat=56\" rel=\"category\">Pol\u00edcia<\/a> <a href=\"https:\/\/noticiasbahia360.com.br\/?cat=10\" rel=\"category\">Pol\u00edtica<\/a>","tag_info":"Pol\u00edtica","comment_count":"0","_links":{"self":[{"href":"https:\/\/noticiasbahia360.com.br\/index.php?rest_route=\/wp\/v2\/posts\/91973","targetHints":{"allow":["GET"]}}],"collection":[{"href":"https:\/\/noticiasbahia360.com.br\/index.php?rest_route=\/wp\/v2\/posts"}],"about":[{"href":"https:\/\/noticiasbahia360.com.br\/index.php?rest_route=\/wp\/v2\/types\/post"}],"author":[{"embeddable":true,"href":"https:\/\/noticiasbahia360.com.br\/index.php?rest_route=\/wp\/v2\/users\/1"}],"replies":[{"embeddable":true,"href":"https:\/\/noticiasbahia360.com.br\/index.php?rest_route=%2Fwp%2Fv2%2Fcomments&post=91973"}],"version-history":[{"count":0,"href":"https:\/\/noticiasbahia360.com.br\/index.php?rest_route=\/wp\/v2\/posts\/91973\/revisions"}],"wp:featuredmedia":[{"embeddable":true,"href":"https:\/\/noticiasbahia360.com.br\/index.php?rest_route=\/wp\/v2\/media\/91974"}],"wp:attachment":[{"href":"https:\/\/noticiasbahia360.com.br\/index.php?rest_route=%2Fwp%2Fv2%2Fmedia&parent=91973"}],"wp:term":[{"taxonomy":"category","embeddable":true,"href":"https:\/\/noticiasbahia360.com.br\/index.php?rest_route=%2Fwp%2Fv2%2Fcategories&post=91973"},{"taxonomy":"post_tag","embeddable":true,"href":"https:\/\/noticiasbahia360.com.br\/index.php?rest_route=%2Fwp%2Fv2%2Ftags&post=91973"}],"curies":[{"name":"wp","href":"https:\/\/api.w.org\/{rel}","templated":true}]}}