{"id":91977,"date":"2025-07-03T11:46:21","date_gmt":"2025-07-03T14:46:21","guid":{"rendered":"https:\/\/noticiasbahia360.com.br\/?p=91977"},"modified":"2025-07-03T11:46:21","modified_gmt":"2025-07-03T14:46:21","slug":"acusado-de-estupro-de-vulneravel-e-preso-em-saubara-vitima-tem-13-anos-e-esta-gravida","status":"publish","type":"post","link":"https:\/\/noticiasbahia360.com.br\/?p=91977","title":{"rendered":"Acusado de estupro de vulner\u00e1vel \u00e9 preso em Saubara; v\u00edtima tem 13 anos e est\u00e1 gr\u00e1vida"},"content":{"rendered":"<div>\n<div>\n<figure><img decoding=\"async\" src=\"http:\/\/noticiasbahia360.com.br\/wp-content\/uploads\/2025\/07\/Secretaria-de-Seguranca-Publica-SSP.webp\" alt=\"acusado preso por estupro de vulner\u00e1vel\"><figcaption>Foto: Divulga\u00e7\u00e3o\/SSP<\/figcaption><\/figure>\n<\/div>\n<p>Um homem de 26 anos foi autuado em flagrante por <a href=\"https:\/\/www.acordacidade.com.br\/tag\/estupro-de-vulneravel\/\">estupro de vulner\u00e1vel<\/a> e preso por mandado de pris\u00e3o preventiva por tr\u00e1fico de drogas, na noite desta quarta-feira (2), no munic\u00edpio de Saubara. A a\u00e7\u00e3o ocorreu ap\u00f3s o Conselho Tutelar ser acionado por uma unidade de sa\u00fade da cidade, que recebeu uma adolescente de 13 anos, desacompanhada dos respons\u00e1veis, para iniciar atendimento de pr\u00e9-natal.<\/p>\n<p>Durante a triagem, a menina indicou o nome do suspeito como sendo seu tio. A equipe m\u00e9dica acionou o Conselho Tutelar, que entrou em contato com a m\u00e3e da adolescente, residente em Novo Horizonte, no estado de S\u00e3o Paulo. Foi confirmada, ent\u00e3o, a informa\u00e7\u00e3o de que o homem n\u00e3o era tio da jovem, e sim seu companheiro. Diante dos ind\u00edcios, o caso foi comunicado ao Minist\u00e9rio P\u00fablico, que solicitou provid\u00eancias \u00e0s autoridades competentes.<\/p>\n<p>A a\u00e7\u00e3o foi realizada por equipes da Delegacia Territorial de Santo Amaro, com apoio da Pol\u00edcia Militar e do Conselho Tutelar. O suspeito foi localizado e conduzido \u00e0 unidade policial, onde teve o flagrante formalizado. Ao realizar a consulta do hist\u00f3rico criminal, os policiais identificaram um mandado de pris\u00e3o preventiva em aberto, expedido pela 1\u00aa Vara de T\u00f3xicos de Salvador, relacionado ao crime de tr\u00e1fico de drogas.<\/p>\n<p>Durante o interrogat\u00f3rio, o suspeito afirmou residir em S\u00e3o Paulo e relatou que havia iniciado um relacionamento com a adolescente em janeiro deste ano. Segundo ele, ap\u00f3s a confirma\u00e7\u00e3o da gravidez, decidiram vir \u00e0 Bahia para passar as festas juninas, hospedando-se em uma pousada na cidade de Saubara.<\/p>\n<p>A adolescente foi encaminhada ao Conselho Tutelar e ser\u00e1 acompanhada por equipes de sa\u00fade e assist\u00eancia social. Os pais da jovem j\u00e1 foram contactados e est\u00e3o a caminho da Bahia para busc\u00e1-la. O suspeito permanece custodiado na Delegacia Territorial de Santo Amaro, \u00e0 disposi\u00e7\u00e3o da Justi\u00e7a, pelos dois crimes distintos: o flagrante por estupro de vulner\u00e1vel e o cumprimento do mandado de pris\u00e3o por tr\u00e1fico de drogas.<\/p>\n<p><em>Siga o Acorda Cidade no<\/em><a href=\"https:\/\/news.google.com\/search?q=acorda%20cidade&amp;hl=pt-BR&amp;gl=BR&amp;ceid=BR%3Apt-419\"><strong><em>\u00a0Google Not\u00edcias<\/em><\/strong><\/a><em>\u00a0e receba os principais destaques do dia. Participe tamb\u00e9m dos nossos canais no\u00a0<\/em><a href=\"https:\/\/www.whatsapp.com\/channel\/0029Va6Rb4v3WHTNnsh8WI3N\"><strong><em>WhatsApp<\/em><\/strong><\/a><em>\u00a0e\u00a0<\/em><a href=\"https:\/\/www.youtube.com\/@acordacidadenoticias\/videos\"><strong>Youtube<\/strong><\/a><em>\u00a0e grupo de\u00a0<\/em><a href=\"https:\/\/t.me\/+sSz0khrgARA0ZmRh\"><strong><em>Telegram<\/em><\/strong><\/a><em>.<\/em><\/p>\n<\/div>\n","protected":false},"excerpt":{"rendered":"<div>\n<div>\n<figure><img decoding=\"async\" src=\"https:\/\/uploads.acordacidade.com.br\/2025\/07\/Secretaria-de-Seguranca-Publica-SSP.webp\" alt=\"acusado preso por estupro de vulner\u00e1vel\"><figcaption>Foto: Divulga\u00e7\u00e3o\/SSP<\/figcaption><\/figure>\n<\/div>\n<p>O suspeito tamb\u00e9m tinha mandado de pris\u00e3o preventiva por tr\u00e1fico de drogas.<\/p><\/div>\n","protected":false},"author":1,"featured_media":91978,"comment_status":"closed","ping_status":"closed","sticky":false,"template":"","format":"gallery","meta":{"footnotes":""},"categories":[8,9,6,57,56,10],"tags":[],"class_list":["post-91977","post","type-post","status-publish","format-gallery","has-post-thumbnail","hentry","category-bahia","category-brasil","category-feira-de-santana","category-mundo","category-policia","category-politica","post_format-post-format-gallery"],"featured_image_urls":{"full":["https:\/\/noticiasbahia360.com.br\/wp-content\/uploads\/2025\/07\/Secretaria-de-Seguranca-Publica-SSP.webp",1200,800,false],"thumbnail":["https:\/\/noticiasbahia360.com.br\/wp-content\/uploads\/2025\/07\/Secretaria-de-Seguranca-Publica-SSP-150x150.webp",150,150,true],"medium":["https:\/\/noticiasbahia360.com.br\/wp-content\/uploads\/2025\/07\/Secretaria-de-Seguranca-Publica-SSP-300x200.webp",300,200,true],"medium_large":["https:\/\/noticiasbahia360.com.br\/wp-content\/uploads\/2025\/07\/Secretaria-de-Seguranca-Publica-SSP-768x512.webp",640,427,true],"large":["https:\/\/noticiasbahia360.com.br\/wp-content\/uploads\/2025\/07\/Secretaria-de-Seguranca-Publica-SSP-1024x683.webp",640,427,true],"1536x1536":["https:\/\/noticiasbahia360.com.br\/wp-content\/uploads\/2025\/07\/Secretaria-de-Seguranca-Publica-SSP.webp",1200,800,false],"2048x2048":["https:\/\/noticiasbahia360.com.br\/wp-content\/uploads\/2025\/07\/Secretaria-de-Seguranca-Publica-SSP.webp",1200,800,false],"chromenews-featured":["https:\/\/noticiasbahia360.com.br\/wp-content\/uploads\/2025\/07\/Secretaria-de-Seguranca-Publica-SSP-1024x683.webp",1024,683,true],"chromenews-large":["https:\/\/noticiasbahia360.com.br\/wp-content\/uploads\/2025\/07\/Secretaria-de-Seguranca-Publica-SSP-825x575.webp",825,575,true],"chromenews-medium":["https:\/\/noticiasbahia360.com.br\/wp-content\/uploads\/2025\/07\/Secretaria-de-Seguranca-Publica-SSP-590x410.webp",590,410,true]},"author_info":{"display_name":"noticiasbahia360.com.br","author_link":"https:\/\/noticiasbahia360.com.br\/?author=1"},"category_info":"<a href=\"https:\/\/noticiasbahia360.com.br\/?cat=8\" rel=\"category\">Bahia<\/a> <a href=\"https:\/\/noticiasbahia360.com.br\/?cat=9\" rel=\"category\">Brasil<\/a> <a href=\"https:\/\/noticiasbahia360.com.br\/?cat=6\" rel=\"category\">Feira de Santana<\/a> <a href=\"https:\/\/noticiasbahia360.com.br\/?cat=57\" rel=\"category\">Mundo<\/a> <a href=\"https:\/\/noticiasbahia360.com.br\/?cat=56\" rel=\"category\">Pol\u00edcia<\/a> <a href=\"https:\/\/noticiasbahia360.com.br\/?cat=10\" rel=\"category\">Pol\u00edtica<\/a>","tag_info":"Pol\u00edtica","comment_count":"0","_links":{"self":[{"href":"https:\/\/noticiasbahia360.com.br\/index.php?rest_route=\/wp\/v2\/posts\/91977","targetHints":{"allow":["GET"]}}],"collection":[{"href":"https:\/\/noticiasbahia360.com.br\/index.php?rest_route=\/wp\/v2\/posts"}],"about":[{"href":"https:\/\/noticiasbahia360.com.br\/index.php?rest_route=\/wp\/v2\/types\/post"}],"author":[{"embeddable":true,"href":"https:\/\/noticiasbahia360.com.br\/index.php?rest_route=\/wp\/v2\/users\/1"}],"replies":[{"embeddable":true,"href":"https:\/\/noticiasbahia360.com.br\/index.php?rest_route=%2Fwp%2Fv2%2Fcomments&post=91977"}],"version-history":[{"count":0,"href":"https:\/\/noticiasbahia360.com.br\/index.php?rest_route=\/wp\/v2\/posts\/91977\/revisions"}],"wp:featuredmedia":[{"embeddable":true,"href":"https:\/\/noticiasbahia360.com.br\/index.php?rest_route=\/wp\/v2\/media\/91978"}],"wp:attachment":[{"href":"https:\/\/noticiasbahia360.com.br\/index.php?rest_route=%2Fwp%2Fv2%2Fmedia&parent=91977"}],"wp:term":[{"taxonomy":"category","embeddable":true,"href":"https:\/\/noticiasbahia360.com.br\/index.php?rest_route=%2Fwp%2Fv2%2Fcategories&post=91977"},{"taxonomy":"post_tag","embeddable":true,"href":"https:\/\/noticiasbahia360.com.br\/index.php?rest_route=%2Fwp%2Fv2%2Ftags&post=91977"}],"curies":[{"name":"wp","href":"https:\/\/api.w.org\/{rel}","templated":true}]}}