{"id":91979,"date":"2025-07-03T11:55:04","date_gmt":"2025-07-03T14:55:04","guid":{"rendered":"https:\/\/noticiasbahia360.com.br\/?p=91979"},"modified":"2025-07-03T11:55:04","modified_gmt":"2025-07-03T14:55:04","slug":"juazeiro-recebe-etapa-historica-do-campeonato-baiano-e-da-copa-brasil-de-aguas-abertas","status":"publish","type":"post","link":"https:\/\/noticiasbahia360.com.br\/?p=91979","title":{"rendered":"Juazeiro recebe etapa hist\u00f3rica do Campeonato Baiano e da Copa Brasil de \u00c1guas Abertas"},"content":{"rendered":"<div>\n<div>\n<figure><img decoding=\"async\" src=\"http:\/\/noticiasbahia360.com.br\/wp-content\/uploads\/2025\/07\/copa-do-brasil-juazeiro-foto-reproducao-2.jpeg\" alt=\"Juazeiro\"><figcaption>Foto: Divulga\u00e7\u00e3o <\/figcaption><\/figure>\n<\/div>\n<p>A orla de Juazeiro vai sediar a quinta etapa do Campeonato Baiano de \u00c1guas Abertas e pela primeira vez a 11\u00aa etapa da Copa Brasil de \u00c1guas Abertas no dia 12 de julho, nas margens do Rio Velho Chico. A expectativa \u00e9 reunir mais de 400 nadadores, em disputas que v\u00e3o mobilizar atletas de v\u00e1rias partes do pa\u00eds.<\/p>\n<p>As provas ser\u00e3o divididas ao longo do dia, com percursos de 2,5 quil\u00f4metros e 500m pela manh\u00e3 e, \u00e0 tarde, dist\u00e2ncias de 1,5 e 4 quil\u00f4metros e 250m. Os resultados v\u00e3o contar tanto para o ranking estadual como para a classifica\u00e7\u00e3o nacional da Copa Brasil, ampliando a import\u00e2ncia da etapa para atletas que buscam pontua\u00e7\u00e3o na temporada.<\/p>\n<p>Entre os destaques confirmados est\u00e3o Guilherme Schubach (categoria Infantil 2, Yacht), Victoria Ros\u00e1rio (J\u00fanior 01, CEPE), Claudine Tekes (S\u00eanior C, CEPE) e Eduardo Mustaf\u00e1 (J\u00fanior 01, Yacht), nomes que j\u00e1 figuraram em p\u00f3dios importantes este ano. Em abril, nadadores baianos conquistaram 59 medalhas no 30\u00ba Campeonato Brasileiro em Macei\u00f3, e em maio somaram mais 44 medalhas no Brasileiro Interclubes em S\u00e3o Lu\u00eds, resultados que refor\u00e7am a for\u00e7a da nata\u00e7\u00e3o do estado em n\u00edvel nacional.<\/p>\n<figure class=\"wp-block-image size-large\"><img fetchpriority=\"high\" data-dominant-color=\"6f6660\" data-has-transparency=\"false\" style=\"--dominant-color: #6f6660;\" fetchpriority=\"high\" decoding=\"async\" width=\"1152\" height=\"768\" sizes=\"(max-width: 1152px) 100vw, 1152px\" src=\"http:\/\/noticiasbahia360.com.br\/wp-content\/uploads\/2025\/07\/copa-do-brasil-juazeiro-foto-reproducao-1-1152x768-1.jpeg\" alt=\"Juazeiro\" class=\"wp-image-571150 not-transparent\" srcset=\"https:\/\/uploads.acordacidade.com.br\/2025\/07\/copa-do-brasil-juazeiro-foto-reproducao-1-548x365.jpeg 548w, http:\/\/noticiasbahia360.com.br\/wp-content\/uploads\/2025\/07\/copa-do-brasil-juazeiro-foto-reproducao-1-1152x768-1.jpeg 1152w, https:\/\/uploads.acordacidade.com.br\/2025\/07\/copa-do-brasil-juazeiro-foto-reproducao-1-830x553.jpeg 830w, https:\/\/uploads.acordacidade.com.br\/2025\/07\/copa-do-brasil-juazeiro-foto-reproducao-1-150x100.jpeg 150w, https:\/\/uploads.acordacidade.com.br\/2025\/07\/copa-do-brasil-juazeiro-foto-reproducao-1.jpeg 1280w\"><figcaption class=\"wp-element-caption\">Foto: Divulga\u00e7\u00e3o <\/figcaption><\/figure>\n<p>Para o presidente da Federa\u00e7\u00e3o Baiana de Desportos Aqu\u00e1ticos, Marco Ant\u00f4nio Lemos, a etapa em Juazeiro carrega significado especial. \u201cJuazeiro tem sido um dos pontos altos do nosso calend\u00e1rio. Com a chegada da Copa Brasil, crescemos em visibilidade e tamb\u00e9m em responsabilidade. \u00c9 um desafio que a gente encara com estrutura, qualidade t\u00e9cnica e muito orgulho de ver a Bahia consolidada nas \u00e1guas abertas\u201d, avaliou o dirigente.<\/p>\n<p>O evento, tradicional no calend\u00e1rio aqu\u00e1tico baiano, contar\u00e1 ainda com provas infantis e festivais de base, reunindo atletas mirim e petiz em percursos reduzidos, mas fundamentais para incentivar novos talentos.<\/p>\n<p>O evento \u00e9 uma realiza\u00e7\u00e3o da Federa\u00e7\u00e3o Baiana de Desportos Aqu\u00e1ticos (FBDA), em parceria com a Confedera\u00e7\u00e3o Brasileira de Desportos Aqu\u00e1ticos (CBDA), e conta com apoio da Superintend\u00eancia dos Desportos da Bahia (Sudesb), da Prefeitura de Juazeiro, al\u00e9m do patroc\u00ednio da Intermar\u00edtima, e parcerias da CBDA, Est\u00e1cio, Instituto Yduqs, Embasa e Arena, assegurando infraestrutura e seguran\u00e7a para atletas e p\u00fablico durante toda a competi\u00e7\u00e3o.<\/p>\n<p><em>Siga o Acorda Cidade no<\/em><a href=\"https:\/\/news.google.com\/search?q=acorda%20cidade&amp;hl=pt-BR&amp;gl=BR&amp;ceid=BR%3Apt-419\"><strong><em>\u00a0Google Not\u00edcias<\/em><\/strong><\/a><em>\u00a0e receba os principais destaques do dia. Participe tamb\u00e9m dos nossos canais no\u00a0<\/em><a href=\"https:\/\/www.whatsapp.com\/channel\/0029Va6Rb4v3WHTNnsh8WI3N\"><strong><em>WhatsApp<\/em><\/strong><\/a><em>\u00a0e\u00a0<\/em><a href=\"https:\/\/www.youtube.com\/@acordacidadenoticias\/videos\"><strong>YouTube<\/strong><\/a><em>\u00a0e grupo de\u00a0<\/em><a href=\"https:\/\/t.me\/+sSz0khrgARA0ZmRh\"><strong><em>Telegram<\/em><\/strong><\/a><\/p>\n<\/div>\n","protected":false},"excerpt":{"rendered":"<div>\n<div>\n<figure><img decoding=\"async\" src=\"https:\/\/uploads.acordacidade.com.br\/2025\/07\/copa-do-brasil-juazeiro-foto-reproducao-2.jpeg\" alt=\"Juazeiro\"><figcaption>Foto: Divulga\u00e7\u00e3o <\/figcaption><\/figure>\n<\/div>\n<p>A expectativa \u00e9 reunir mais de 400 nadadores, em disputas que v\u00e3o mobilizar atletas de v\u00e1rias partes do pa\u00eds.<\/p><\/div>\n","protected":false},"author":1,"featured_media":91980,"comment_status":"closed","ping_status":"closed","sticky":false,"template":"","format":"gallery","meta":{"footnotes":""},"categories":[8,9,6,57,56,10],"tags":[],"class_list":["post-91979","post","type-post","status-publish","format-gallery","has-post-thumbnail","hentry","category-bahia","category-brasil","category-feira-de-santana","category-mundo","category-policia","category-politica","post_format-post-format-gallery"],"featured_image_urls":{"full":["https:\/\/noticiasbahia360.com.br\/wp-content\/uploads\/2025\/07\/copa-do-brasil-juazeiro-foto-reproducao-2.jpeg",1280,853,false],"thumbnail":["https:\/\/noticiasbahia360.com.br\/wp-content\/uploads\/2025\/07\/copa-do-brasil-juazeiro-foto-reproducao-2-150x150.jpeg",150,150,true],"medium":["https:\/\/noticiasbahia360.com.br\/wp-content\/uploads\/2025\/07\/copa-do-brasil-juazeiro-foto-reproducao-2-300x200.jpeg",300,200,true],"medium_large":["https:\/\/noticiasbahia360.com.br\/wp-content\/uploads\/2025\/07\/copa-do-brasil-juazeiro-foto-reproducao-2-768x512.jpeg",640,427,true],"large":["https:\/\/noticiasbahia360.com.br\/wp-content\/uploads\/2025\/07\/copa-do-brasil-juazeiro-foto-reproducao-2-1024x682.jpeg",640,426,true],"1536x1536":["https:\/\/noticiasbahia360.com.br\/wp-content\/uploads\/2025\/07\/copa-do-brasil-juazeiro-foto-reproducao-2.jpeg",1280,853,false],"2048x2048":["https:\/\/noticiasbahia360.com.br\/wp-content\/uploads\/2025\/07\/copa-do-brasil-juazeiro-foto-reproducao-2.jpeg",1280,853,false],"chromenews-featured":["https:\/\/noticiasbahia360.com.br\/wp-content\/uploads\/2025\/07\/copa-do-brasil-juazeiro-foto-reproducao-2-1024x682.jpeg",1024,682,true],"chromenews-large":["https:\/\/noticiasbahia360.com.br\/wp-content\/uploads\/2025\/07\/copa-do-brasil-juazeiro-foto-reproducao-2-825x575.jpeg",825,575,true],"chromenews-medium":["https:\/\/noticiasbahia360.com.br\/wp-content\/uploads\/2025\/07\/copa-do-brasil-juazeiro-foto-reproducao-2-590x410.jpeg",590,410,true]},"author_info":{"display_name":"noticiasbahia360.com.br","author_link":"https:\/\/noticiasbahia360.com.br\/?author=1"},"category_info":"<a href=\"https:\/\/noticiasbahia360.com.br\/?cat=8\" rel=\"category\">Bahia<\/a> <a href=\"https:\/\/noticiasbahia360.com.br\/?cat=9\" rel=\"category\">Brasil<\/a> <a href=\"https:\/\/noticiasbahia360.com.br\/?cat=6\" rel=\"category\">Feira de Santana<\/a> <a href=\"https:\/\/noticiasbahia360.com.br\/?cat=57\" rel=\"category\">Mundo<\/a> <a href=\"https:\/\/noticiasbahia360.com.br\/?cat=56\" rel=\"category\">Pol\u00edcia<\/a> <a href=\"https:\/\/noticiasbahia360.com.br\/?cat=10\" rel=\"category\">Pol\u00edtica<\/a>","tag_info":"Pol\u00edtica","comment_count":"0","_links":{"self":[{"href":"https:\/\/noticiasbahia360.com.br\/index.php?rest_route=\/wp\/v2\/posts\/91979","targetHints":{"allow":["GET"]}}],"collection":[{"href":"https:\/\/noticiasbahia360.com.br\/index.php?rest_route=\/wp\/v2\/posts"}],"about":[{"href":"https:\/\/noticiasbahia360.com.br\/index.php?rest_route=\/wp\/v2\/types\/post"}],"author":[{"embeddable":true,"href":"https:\/\/noticiasbahia360.com.br\/index.php?rest_route=\/wp\/v2\/users\/1"}],"replies":[{"embeddable":true,"href":"https:\/\/noticiasbahia360.com.br\/index.php?rest_route=%2Fwp%2Fv2%2Fcomments&post=91979"}],"version-history":[{"count":0,"href":"https:\/\/noticiasbahia360.com.br\/index.php?rest_route=\/wp\/v2\/posts\/91979\/revisions"}],"wp:featuredmedia":[{"embeddable":true,"href":"https:\/\/noticiasbahia360.com.br\/index.php?rest_route=\/wp\/v2\/media\/91980"}],"wp:attachment":[{"href":"https:\/\/noticiasbahia360.com.br\/index.php?rest_route=%2Fwp%2Fv2%2Fmedia&parent=91979"}],"wp:term":[{"taxonomy":"category","embeddable":true,"href":"https:\/\/noticiasbahia360.com.br\/index.php?rest_route=%2Fwp%2Fv2%2Fcategories&post=91979"},{"taxonomy":"post_tag","embeddable":true,"href":"https:\/\/noticiasbahia360.com.br\/index.php?rest_route=%2Fwp%2Fv2%2Ftags&post=91979"}],"curies":[{"name":"wp","href":"https:\/\/api.w.org\/{rel}","templated":true}]}}