{"id":91982,"date":"2025-07-03T12:15:14","date_gmt":"2025-07-03T15:15:14","guid":{"rendered":"https:\/\/noticiasbahia360.com.br\/?p=91982"},"modified":"2025-07-03T12:15:14","modified_gmt":"2025-07-03T15:15:14","slug":"inmet-divulga-alertas-de-chuvas-intensas-e-baixa-umidade-para-cidades-da-bahia-confira-as-listas","status":"publish","type":"post","link":"https:\/\/noticiasbahia360.com.br\/?p=91982","title":{"rendered":"Inmet divulga alertas de chuvas intensas e baixa umidade para cidades da Bahia; confira as listas"},"content":{"rendered":"<div>\n<div>\n<figure><img decoding=\"async\" src=\"http:\/\/noticiasbahia360.com.br\/wp-content\/uploads\/2025\/07\/chuva-janela.jpg\" alt=\"Chuva, tr\u00e2nsito, janela\"><figcaption>Foto: Freepik<\/figcaption><\/figure>\n<\/div>\n<p>O Instituto Nacional de Meteorologia (Inmet) emitiu um alerta amarelo de perigo potencial de chuvas intensas para 11 munic\u00edpios do estado. O comunicado, divulgado nesta quinta-feira (3), tamb\u00e9m trouxe o alerta de baixa umidade para 104 munic\u00edpios localizados no oeste do estado.<\/p>\n<p>Segundo o g1, os comunicados s\u00e3o v\u00e1lidos at\u00e9 as 10h da pr\u00f3xima sexta-feira, dia 4 de julho. Para os munic\u00edpios que est\u00e3o sob alerta amarelo, podem ocorrer chuvas entre 20 e 30 mm\/h ou at\u00e9 50 mm\/dia.<\/p>\n<p><strong>Cidades com alerta amarelo de perigo potencial de chuvas intensas:<\/strong><\/p>\n<ul class=\"wp-block-list\">\n<li>Alcoba\u00e7a<\/li>\n<li>Caravelas<\/li>\n<li>Ibirapu\u00e3<\/li>\n<li>Itabela<\/li>\n<li>Itamaraju<\/li>\n<li>Mucuri<\/li>\n<li>Nova Vi\u00e7osa<\/li>\n<li>Porto Seguro<\/li>\n<li>Prado<\/li>\n<li>Teixeira de Freitas<\/li>\n<li>Vereda<\/li>\n<\/ul>\n<p><strong>Cidades em alerta amarelo de baixa umidade:<\/strong><\/p>\n<ul class=\"wp-block-list\">\n<li>Aba\u00edra<\/li>\n<li>Am\u00e9rica Dourada<\/li>\n<li>Angical<\/li>\n<li>Baian\u00f3polis<\/li>\n<li>Barra<\/li>\n<li>Barra do Mendes<\/li>\n<li>Barreiras<\/li>\n<li>Barro Alto<\/li>\n<li>Bom Jesus da Lapa<\/li>\n<li>Boninal<\/li>\n<li>Boquira<\/li>\n<li>Botupor\u00e3<\/li>\n<li>Brejol\u00e2ndia<\/li>\n<li>Brotas de Maca\u00fabas<\/li>\n<li>Brumado<\/li>\n<li>Buritirama<\/li>\n<li>Cacul\u00e9<\/li>\n<li>Caetit\u00e9<\/li>\n<li>Campo Alegre de Lourdes<\/li>\n<li>Can\u00e1polis<\/li>\n<li>Canarana<\/li>\n<li>Candiba<\/li>\n<li>Carinhanha<\/li>\n<li>Casa Nova<\/li>\n<li>Catol\u00e2ndia<\/li>\n<li>Caturama<\/li>\n<li>Central<\/li>\n<li>Cocos<\/li>\n<li>Conde\u00faba<\/li>\n<li>Cordeiros<\/li>\n<li>Coribe<\/li>\n<li>Correntina<\/li>\n<li>Cotegipe<\/li>\n<li>Crist\u00f3polis<\/li>\n<li>\u00c9rico Cardoso<\/li>\n<li>Feira da Mata<\/li>\n<li>Formosa do Rio Preto<\/li>\n<li>Gentio do Ouro<\/li>\n<li>Guajeru<\/li>\n<li>Guanambi<\/li>\n<li>Ibiassuc\u00ea<\/li>\n<li>Ibipeba<\/li>\n<li>Ibipitanga<\/li>\n<li>Ibitiara<\/li>\n<li>Ibitit\u00e1<\/li>\n<li>Ibotirama<\/li>\n<li>Igapor\u00e3<\/li>\n<li>Ipupiara<\/li>\n<li>Iraquara<\/li>\n<li>Irec\u00ea<\/li>\n<li>Itagua\u00e7u da Bahia<\/li>\n<li>Iuiu<\/li>\n<li>Jaborandi<\/li>\n<li>Jacaraci<\/li>\n<li>Jo\u00e3o Dourado<\/li>\n<li>Jussara<\/li>\n<li>Lagoa Real<\/li>\n<li>Lap\u00e3o<\/li>\n<li>Lic\u00ednio de Almeida<\/li>\n<li>Livramento de Nossa Senhora<\/li>\n<li>Lu\u00eds Eduardo Magalh\u00e3es<\/li>\n<li>Maca\u00fabas<\/li>\n<li>Malhada<\/li>\n<li>Malhada de Pedras<\/li>\n<li>Mansid\u00e3o<\/li>\n<li>Matina<\/li>\n<li>Morpar\u00e1<\/li>\n<li>Morro do Chap\u00e9u<\/li>\n<li>Mortugaba<\/li>\n<li>Muqu\u00e9m de S\u00e3o Francisco<\/li>\n<li>Novo Horizonte<\/li>\n<li>Oliveira dos Brejinhos<\/li>\n<li>Palmas de Monte Alto<\/li>\n<li>Paramirim<\/li>\n<li>Paratinga<\/li>\n<li>Piat\u00e3<\/li>\n<li>Pil\u00e3o Arcado<\/li>\n<li>Pinda\u00ed<\/li>\n<li>Presidente Dutra<\/li>\n<li>Remanso<\/li>\n<li>Riach\u00e3o das Neves<\/li>\n<li>Riacho de Santana<\/li>\n<li>Rio de Contas<\/li>\n<li>Rio do Ant\u00f4nio<\/li>\n<li>Rio do Pires<\/li>\n<li>Santa Maria da Vit\u00f3ria<\/li>\n<li>Santana<\/li>\n<li>Santa Rita de C\u00e1ssia<\/li>\n<li>S\u00e3o Desid\u00e9rio<\/li>\n<li>S\u00e3o F\u00e9lix do Coribe<\/li>\n<li>S\u00e3o Gabriel<\/li>\n<li>Seabra<\/li>\n<li>Sebasti\u00e3o Laranjeiras<\/li>\n<li>Sento S\u00e9<\/li>\n<li>Serra do Ramalho<\/li>\n<li>Serra Dourada<\/li>\n<li>S\u00edtio do Mato<\/li>\n<li>Souto Soares<\/li>\n<li>Tabocas do Brejo Velho<\/li>\n<li>Tanque Novo<\/li>\n<li>Uiba\u00ed<\/li>\n<li>Urandi<\/li>\n<li>Wanderley<\/li>\n<li>Xique-Xique<\/li>\n<\/ul>\n<p><em>Siga o Acorda Cidade no<\/em><a href=\"https:\/\/news.google.com\/search?q=acorda%20cidade&amp;hl=pt-BR&amp;gl=BR&amp;ceid=BR%3Apt-419\"><strong><em>\u00a0Google Not\u00edcias<\/em><\/strong><\/a><em>\u00a0e receba os principais destaques do dia. Participe tamb\u00e9m dos nossos canais no\u00a0<\/em><a href=\"https:\/\/www.whatsapp.com\/channel\/0029Va6Rb4v3WHTNnsh8WI3N\"><strong><em>WhatsApp<\/em><\/strong><\/a><em>\u00a0e\u00a0<\/em><a href=\"https:\/\/www.youtube.com\/@acordacidadenoticias\/videos\"><strong>YouTube<\/strong><\/a><em>\u00a0e grupo de\u00a0<\/em><a href=\"https:\/\/t.me\/+sSz0khrgARA0ZmRh\"><strong><em>Telegram<\/em><\/strong><\/a><\/p>\n<\/div>\n","protected":false},"excerpt":{"rendered":"<div>\n<div>\n<figure><img decoding=\"async\" src=\"https:\/\/uploads.acordacidade.com.br\/2025\/06\/chuva-janela.jpg\" alt=\"Chuva, tr\u00e2nsito, janela\"><figcaption>Foto: Freepik<\/figcaption><\/figure>\n<\/div>\n<p>O comunicado, divulgado nesta quinta-feira (3), tamb\u00e9m trouxe o alerta de baixa umidade para 104 munic\u00edpios localizados no oeste do estado.<\/p><\/div>\n","protected":false},"author":1,"featured_media":91983,"comment_status":"closed","ping_status":"closed","sticky":false,"template":"","format":"gallery","meta":{"footnotes":""},"categories":[8,9,6,57,56,10],"tags":[],"class_list":["post-91982","post","type-post","status-publish","format-gallery","has-post-thumbnail","hentry","category-bahia","category-brasil","category-feira-de-santana","category-mundo","category-policia","category-politica","post_format-post-format-gallery"],"featured_image_urls":{"full":["https:\/\/noticiasbahia360.com.br\/wp-content\/uploads\/2025\/07\/chuva-janela.jpg",1200,900,false],"thumbnail":["https:\/\/noticiasbahia360.com.br\/wp-content\/uploads\/2025\/07\/chuva-janela-150x150.jpg",150,150,true],"medium":["https:\/\/noticiasbahia360.com.br\/wp-content\/uploads\/2025\/07\/chuva-janela-300x225.jpg",300,225,true],"medium_large":["https:\/\/noticiasbahia360.com.br\/wp-content\/uploads\/2025\/07\/chuva-janela-768x576.jpg",640,480,true],"large":["https:\/\/noticiasbahia360.com.br\/wp-content\/uploads\/2025\/07\/chuva-janela-1024x768.jpg",640,480,true],"1536x1536":["https:\/\/noticiasbahia360.com.br\/wp-content\/uploads\/2025\/07\/chuva-janela.jpg",1200,900,false],"2048x2048":["https:\/\/noticiasbahia360.com.br\/wp-content\/uploads\/2025\/07\/chuva-janela.jpg",1200,900,false],"chromenews-featured":["https:\/\/noticiasbahia360.com.br\/wp-content\/uploads\/2025\/07\/chuva-janela-1024x768.jpg",1024,768,true],"chromenews-large":["https:\/\/noticiasbahia360.com.br\/wp-content\/uploads\/2025\/07\/chuva-janela-825x575.jpg",825,575,true],"chromenews-medium":["https:\/\/noticiasbahia360.com.br\/wp-content\/uploads\/2025\/07\/chuva-janela-590x410.jpg",590,410,true]},"author_info":{"display_name":"noticiasbahia360.com.br","author_link":"https:\/\/noticiasbahia360.com.br\/?author=1"},"category_info":"<a href=\"https:\/\/noticiasbahia360.com.br\/?cat=8\" rel=\"category\">Bahia<\/a> <a href=\"https:\/\/noticiasbahia360.com.br\/?cat=9\" rel=\"category\">Brasil<\/a> <a href=\"https:\/\/noticiasbahia360.com.br\/?cat=6\" rel=\"category\">Feira de Santana<\/a> <a href=\"https:\/\/noticiasbahia360.com.br\/?cat=57\" rel=\"category\">Mundo<\/a> <a href=\"https:\/\/noticiasbahia360.com.br\/?cat=56\" rel=\"category\">Pol\u00edcia<\/a> <a href=\"https:\/\/noticiasbahia360.com.br\/?cat=10\" rel=\"category\">Pol\u00edtica<\/a>","tag_info":"Pol\u00edtica","comment_count":"0","_links":{"self":[{"href":"https:\/\/noticiasbahia360.com.br\/index.php?rest_route=\/wp\/v2\/posts\/91982","targetHints":{"allow":["GET"]}}],"collection":[{"href":"https:\/\/noticiasbahia360.com.br\/index.php?rest_route=\/wp\/v2\/posts"}],"about":[{"href":"https:\/\/noticiasbahia360.com.br\/index.php?rest_route=\/wp\/v2\/types\/post"}],"author":[{"embeddable":true,"href":"https:\/\/noticiasbahia360.com.br\/index.php?rest_route=\/wp\/v2\/users\/1"}],"replies":[{"embeddable":true,"href":"https:\/\/noticiasbahia360.com.br\/index.php?rest_route=%2Fwp%2Fv2%2Fcomments&post=91982"}],"version-history":[{"count":0,"href":"https:\/\/noticiasbahia360.com.br\/index.php?rest_route=\/wp\/v2\/posts\/91982\/revisions"}],"wp:featuredmedia":[{"embeddable":true,"href":"https:\/\/noticiasbahia360.com.br\/index.php?rest_route=\/wp\/v2\/media\/91983"}],"wp:attachment":[{"href":"https:\/\/noticiasbahia360.com.br\/index.php?rest_route=%2Fwp%2Fv2%2Fmedia&parent=91982"}],"wp:term":[{"taxonomy":"category","embeddable":true,"href":"https:\/\/noticiasbahia360.com.br\/index.php?rest_route=%2Fwp%2Fv2%2Fcategories&post=91982"},{"taxonomy":"post_tag","embeddable":true,"href":"https:\/\/noticiasbahia360.com.br\/index.php?rest_route=%2Fwp%2Fv2%2Ftags&post=91982"}],"curies":[{"name":"wp","href":"https:\/\/api.w.org\/{rel}","templated":true}]}}